{"id":168492,"date":"2025-06-11T15:08:09","date_gmt":"2025-06-11T15:08:09","guid":{"rendered":"https:\/\/www.europesays.com\/fr\/168492\/"},"modified":"2025-06-11T15:08:09","modified_gmt":"2025-06-11T15:08:09","slug":"quatre-departements-places-sous-surveillance-par-meteo-france","status":"publish","type":"post","link":"https:\/\/www.europesays.com\/fr\/168492\/","title":{"rendered":"quatre d\u00e9partements plac\u00e9s sous surveillance par M\u00e9t\u00e9o France"},"content":{"rendered":"<p>        <img decoding=\"async\" loading=\"lazy\" src=\"https:\/\/www.europesays.com\/fr\/wp-content\/uploads\/2025\/06\/fd57850_1726577143727-000-32gd76p.jpg\"  width=\"728\" height=\"409\" alt=\"Plusieurs d\u00e9partements ont \u00e9t\u00e9 plac\u00e9s en vigilance orange pour risque d\u2019orage.\"\/>  <\/p>\n<p>PASCAL POCHARD-CASABIANCA \/ AFP<\/p>\n<p>Plusieurs d\u00e9partements ont \u00e9t\u00e9 plac\u00e9s en vigilance orange pour risque d\u2019orage.<\/p>\n<p class=\"asset asset-text\">M\u00c9T\u00c9O &#8211; Apr\u00e8s le soleil, les orages. <a href=\"https:\/\/vigilance.meteofrance.fr\/fr\" target=\"_blank\" rel=\"noopener\" title=\"Nouvelle fen\u00eatre\">M\u00e9t\u00e9o France <\/a>a plac\u00e9, ce mercredi 11\u00a0juin \u00e0 la mi-journ\u00e9e, quatre d\u00e9partements du<a href=\"https:\/\/www.huffingtonpost.fr\/france\/article\/inondations-dans-le-sud-ouest-cinq-departements-en-alerte-orange-aux-crues-le-pic-pas-encore-atteint_249058.html\" target=\"_blank\" rel=\"noopener\" title=\"Nouvelle fen\u00eatre\"> Sud-Ouest<\/a> de la France en vigilance orange pour des risques d\u2019<a href=\"https:\/\/www.huffingtonpost.fr\/france\/video\/vols-retardes-a-roissy-orages-de-grele-les-images-des-trombes-d-eau-de-paris-a-montpellier_249878.html\" target=\"_blank\" rel=\"noopener\" title=\"Nouvelle fen\u00eatre\">orages<\/a>. Il s\u2019agit de la Gironde, du Lot-et-Garonne, du Gers et des Landes.<\/p>\n<p class=\"asset asset-text\">Ce ph\u00e9nom\u00e8ne orageux est li\u00e9 aux fortes chaleurs observ\u00e9es ce mercredi sur une large partie de l\u2019Hexagone, et notamment dans le Sud-Ouest, o\u00f9 les temp\u00e9ratures peuvent aller jusqu\u2019\u00e0 35\u00a0\u00b0C \u00e0 Toulouse.<\/p>\n<p class=\"asset asset-text\">\u00ab\u00a0En deuxi\u00e8me partie d\u2019apr\u00e8s-midi et en soir\u00e9e, apr\u00e8s de fortes chaleurs, des orages assez brefs mais forts sont attendus. Ils seront accompagn\u00e9s de gr\u00eale, de fortes bourrasques\u00a0\u00bb et de \u00ab\u00a0pr\u00e9cipitations\u00a0\u00bb, d\u00e9veloppe M\u00e9t\u00e9o France.<\/p>\n<p> La lecture de ce contenu est susceptible d\u2019entra\u00eener un d\u00e9p\u00f4t de cookies de la part de l\u2019op\u00e9rateur tiers qui l\u2019h\u00e9berge. Compte-tenu des choix que vous avez exprim\u00e9s en mati\u00e8re de d\u00e9p\u00f4t de cookies, nous avons bloqu\u00e9 l\u2019affichage de ce contenu. Si vous souhaitez y acc\u00e9der, vous devez accepter la cat\u00e9gorie de cookies \u201cContenus tiers\u201d en cliquant sur le bouton ci-dessous. <\/p>\n<p> Lire la Vid\u00e9o        Une accalmie en milieu de nuit    <\/p>\n<p class=\"asset asset-text\">\u00ab\u00a0Une accalmie est attendue\u00a0en milieu de nuit\u00a0\u00bb, pr\u00e9cise l\u2019institution. \u00ab\u00a0Des orages moins virulents\u00a0\u00bb se maintiendront cependant sur \u00ab\u00a0une vaste fa\u00e7ade atlantique\u00a0du pays (en vigilance jaune orage)\u00a0\u00bb, avertit le site sp\u00e9cialis\u00e9.<\/p>\n<p class=\"asset asset-text\">Cet \u00e9pisode orageux devrait se poursuivre jusqu\u2019au week-end, et particuli\u00e8rement vendredi. Lors de cette journ\u00e9e plusieurs zones comme la Bretagne, les Hauts-de-France, la Normandie ou l\u2019\u00cele-de-France seront concern\u00e9s de violents orages, selon les pr\u00e9visions.<\/p>\n<p class=\"asset asset-text\">Ces derni\u00e8res semaines, d\u2019autres chutes de gr\u00eale importantes ont \u00e9t\u00e9 enregistr\u00e9es en France, notamment dans la Loire d\u00e9but juin ou encore en \u00cele-de-France, mi-mai. Dans certains cas, ces perturbations ont pu s\u2019accompagner de d\u00e9g\u00e2ts mat\u00e9riels.<\/p>\n","protected":false},"excerpt":{"rendered":"PASCAL POCHARD-CASABIANCA \/ AFP Plusieurs d\u00e9partements ont \u00e9t\u00e9 plac\u00e9s en vigilance orange pour risque d\u2019orage. M\u00c9T\u00c9O &#8211; Apr\u00e8s&hellip;\n","protected":false},"author":2,"featured_media":168493,"comment_status":"","ping_status":"","sticky":false,"template":"","format":"standard","meta":{"footnotes":""},"categories":[4],"tags":[11,1011,27,2487,12,4594,25],"class_list":{"0":"post-168492","1":"post","2":"type-post","3":"status-publish","4":"format-standard","5":"has-post-thumbnail","7":"category-france","8":"tag-actualites","9":"tag-fr","10":"tag-france","11":"tag-meteo","12":"tag-news","13":"tag-orages","14":"tag-republique-francaise"},"share_on_mastodon":{"url":"https:\/\/pubeurope.com\/@fr\/114665364159509875","error":""},"_links":{"self":[{"href":"https:\/\/www.europesays.com\/fr\/wp-json\/wp\/v2\/posts\/168492","targetHints":{"allow":["GET"]}}],"collection":[{"href":"https:\/\/www.europesays.com\/fr\/wp-json\/wp\/v2\/posts"}],"about":[{"href":"https:\/\/www.europesays.com\/fr\/wp-json\/wp\/v2\/types\/post"}],"author":[{"embeddable":true,"href":"https:\/\/www.europesays.com\/fr\/wp-json\/wp\/v2\/users\/2"}],"replies":[{"embeddable":true,"href":"https:\/\/www.europesays.com\/fr\/wp-json\/wp\/v2\/comments?post=168492"}],"version-history":[{"count":0,"href":"https:\/\/www.europesays.com\/fr\/wp-json\/wp\/v2\/posts\/168492\/revisions"}],"wp:featuredmedia":[{"embeddable":true,"href":"https:\/\/www.europesays.com\/fr\/wp-json\/wp\/v2\/media\/168493"}],"wp:attachment":[{"href":"https:\/\/www.europesays.com\/fr\/wp-json\/wp\/v2\/media?parent=168492"}],"wp:term":[{"taxonomy":"category","embeddable":true,"href":"https:\/\/www.europesays.com\/fr\/wp-json\/wp\/v2\/categories?post=168492"},{"taxonomy":"post_tag","embeddable":true,"href":"https:\/\/www.europesays.com\/fr\/wp-json\/wp\/v2\/tags?post=168492"}],"curies":[{"name":"wp","href":"https:\/\/api.w.org\/{rel}","templated":true}]}}