{"id":168496,"date":"2025-06-11T15:10:12","date_gmt":"2025-06-11T15:10:12","guid":{"rendered":"https:\/\/www.europesays.com\/fr\/168496\/"},"modified":"2025-06-11T15:10:12","modified_gmt":"2025-06-11T15:10:12","slug":"lecho-de-lunivers-un-grand-pas-pour-la-start-up-stephanoise-idiscovr","status":"publish","type":"post","link":"https:\/\/www.europesays.com\/fr\/168496\/","title":{"rendered":"L\u2019Echo de l\u2019Univers\u00a0: un grand pas pour la start-up st\u00e9phanoise iDISCOVR"},"content":{"rendered":"<p class=\"is-style-chapo\">Apr\u00e8s une premi\u00e8re exp\u00e9rience \u00e9ph\u00e9m\u00e8re \u00e0 la Rotonde au mois de janvier, la start-up st\u00e9phanoise iDISCOVR rend son aventure immersive en r\u00e9alit\u00e9 virtuelle p\u00e9renne \u00e0 partir du 20 juin, en s\u2019installant au 35 avenue de la Lib\u00e9ration. Le public plongera dans L\u2019Echo de l\u2019Univers, une exploration aux confins de la voie lact\u00e9e, \u00e0 la recherche de formes de vie dans le Cosmos.<\/p>\n<p><img fetchpriority=\"high\" decoding=\"async\" width=\"1024\" height=\"576\" src=\"https:\/\/www.europesays.com\/fr\/wp-content\/uploads\/2025\/06\/VISUEL-RS-1920X1080_1-1-1024x576.jpg\" alt=\"\" class=\"wp-image-79621\"  \/>D\u00e8s le 20 juin, le public pourra d\u00e9couvrir L\u2019Echo de l\u2019Univers, avenue de la Lib\u00e9ration, \u00e0 Saint-Etienne. <\/p>\n<p>Existe-t-il une forme de vie en dehors de la Terre\u00a0? Qu\u2019entend-on exactement par vie\u00a0? C\u2019est pour r\u00e9pondre \u00e0 ces questions que L\u2019Echo de l\u2019Univers vous embarque pour une exp\u00e9rience immersive hors du commun. Port\u00e9e par la start-up st\u00e9phanoise <a href=\"https:\/\/www.if-saint-etienne.fr\/economie\/realite-virtuelle-idiscovr-veut-donner-une-autre-dimension-a-la-vulgarisation-scientifique\" target=\"_blank\" rel=\"noreferrer noopener\">iDISCOVR<\/a>, elle avait \u00e9t\u00e9 test\u00e9e en version \u00e9ph\u00e9m\u00e8re \u00e0 La Rotonde au mois de janvier.<\/p>\n<p>D\u00e9sormais, les deux fondateurs d\u2019iDISCOVR, Ramdane Igalouzene et Aimen Zerroug, se lancent de mani\u00e8re p\u00e9renne dans un local situ\u00e9 au 35 avenue de la Lib\u00e9ration, \u00e0 Saint-Etienne. Avec toujours pour ambition de favoriser la vulgarisation scientifique, de s\u2019adresser \u00e0 tous, et d\u2019apprendre de mani\u00e8re ludique\u2026 mais aussi de dupliquer le concept.<\/p>\n<p>La t\u00eate dans les \u00e9toiles<\/p>\n<p>Apprendre en s\u2019amusant. La mission est en partie rendue possible gr\u00e2ce aux casques de r\u00e9alit\u00e9 virtuelle auxquels sont ajout\u00e9s des casques audio. Le visiteur est imm\u00e9diatement embarqu\u00e9 dans une mission aux c\u00f4t\u00e9s de Stella, une jeune astrophysicienne passionn\u00e9e, et de Sirius, son fr\u00e8re jumeau au profil plus aventureux. Le local de 150 m\u00e8tres carr\u00e9s se transforme alors en voyage interstellaire, guid\u00e9 par une Intelligence artificielle nomm\u00e9e Bella. <\/p>\n<p>C\u00f4t\u00e9 contenu, l\u2019ensemble de l\u2019exp\u00e9rience immersive a \u00e9t\u00e9 valid\u00e9 scientifiquement par le docteur Pierre Henriquet, plus connu sous le pseudo d\u2019Astropierre sur X, afin de garantir l\u2019exactitude des ph\u00e9nom\u00e8nes cosmiques pr\u00e9sent\u00e9s. Lorsque l\u2019on retire le casque, on a l\u2019impression d\u2019avoir voyag\u00e9, v\u00e9cu quelque chose d\u2019assez in\u00e9dit, en ayant appris beaucoup, et m\u00eame assist\u00e9 \u00e0 la formation d\u2019une \u00e9toile.<\/p>\n<p><img loading=\"lazy\" decoding=\"async\" width=\"1024\" height=\"576\" src=\"https:\/\/www.europesays.com\/fr\/wp-content\/uploads\/2025\/06\/VISUEL-RS-1920X1080_7-1-1024x576.jpg\" alt=\"\" class=\"wp-image-79636\"  \/><\/p>\n<p>En France et \u00e0 l\u2019international<\/p>\n<p>L\u2019Echo de l\u2019Univers est accessible \u00e0 tous les publics, \u00e0 partir de 8 ans. \u00ab\u00a0Nous avons eu une dame de 93 ans qui avait essay\u00e9 \u00e0 la Rotonde, avec ses petits-enfants et tout s\u2019est tr\u00e8s bien pass\u00e9\u00a0\u00bb, pr\u00e9cise Aimen Zerroug, co-fondateur d\u2019iDISCOVR et docteur en science, intelligence artificielle et neurosciences. A terme, lui et son associ\u00e9 Ramdane Igalouzene, \u00e9galement docteur en immunologie et canc\u00e9rologie, entendent d\u00e9velopper le concept en France et \u00e0 l\u2019international. Car si les casques de r\u00e9alit\u00e9 virtuelle sont utilis\u00e9s pour le divertissement avec les jeux vid\u00e9o et les escape game, ils le sont moins dans le cadre de la vulgarisation scientifique. \u00ab\u00a0Cela existe tr\u00e8s peu, \u00e0 Paris, \u00e0 Bordeaux et Lyon avec Eklypso, d\u00e9taille Ramdane Igalouzene. Tout l\u2019\u00e9t\u00e9, nous allons pouvoir tester ce concept et s\u2019il fonctionne, commencer \u00e0 le dupliquer d\u2019ici la fin de l\u2019ann\u00e9e\u00a0\u00bb.<\/p>\n<p>Possibilit\u00e9s infinies<\/p>\n<p>Pour l\u2019heure, les associ\u00e9s attendent d\u2019avoir des r\u00e9sultats pour envisager la forme que prendrait ce d\u00e9veloppement, \u00e0 savoir en franchise ou en propre, sachant que l\u2019ouverture d\u2019une salle comme celle-ci a n\u00e9cessit\u00e9 un investissement de 100 000 euros. Si le succ\u00e8s est au rendez-vous, le voyage immersif changerait tous les ans et les possibilit\u00e9s sont infinies. \u00ab\u00a0Pourquoi pas imaginer explorer le corps humain\u00a0? lance Ramdane Igalouzene. Ou m\u00eame des virus. Le but \u00e9tant de proposer un contenu que l\u2019on ne peut pas voir dans la vraie vie\u00a0\u00bb. L\u2019Echo de l\u2019Univers sera ouvert du mercredi au vendredi de 13h \u00e0 19h, puis samedi et dimanche de 10h \u00e0 20h, ainsi que les jours f\u00e9ri\u00e9s et pendant les vacances scolaires.<\/p>\n<\/p>\n<p>Pour en savoir plus et r\u00e9server, <a href=\"http:\/\/www.echo-univers.com\" target=\"_blank\" rel=\"noreferrer noopener\">www.echo-univers.com<\/a>.<\/p>\n","protected":false},"excerpt":{"rendered":"Apr\u00e8s une premi\u00e8re exp\u00e9rience \u00e9ph\u00e9m\u00e8re \u00e0 la Rotonde au mois de janvier, la start-up st\u00e9phanoise iDISCOVR rend son&hellip;\n","protected":false},"author":2,"featured_media":168497,"comment_status":"","ping_status":"","sticky":false,"template":"","format":"standard","meta":{"footnotes":""},"categories":[9653],"tags":[1111,11,2430,27022,1777,674,1011,27,30183,12,25871,25,4001,41],"class_list":{"0":"post-168496","1":"post","2":"type-post","3":"status-publish","4":"format-standard","5":"has-post-thumbnail","7":"category-saint-etienne","8":"tag-actu","9":"tag-actualites","10":"tag-auvergne-rhone-alpes","11":"tag-educatif","12":"tag-eu","13":"tag-europe","14":"tag-fr","15":"tag-france","16":"tag-idiscovr","17":"tag-news","18":"tag-realite-virtuelle","19":"tag-republique-francaise","20":"tag-saint-etienne","21":"tag-sciences"},"share_on_mastodon":{"url":"https:\/\/pubeurope.com\/@fr\/114665372176069412","error":""},"_links":{"self":[{"href":"https:\/\/www.europesays.com\/fr\/wp-json\/wp\/v2\/posts\/168496","targetHints":{"allow":["GET"]}}],"collection":[{"href":"https:\/\/www.europesays.com\/fr\/wp-json\/wp\/v2\/posts"}],"about":[{"href":"https:\/\/www.europesays.com\/fr\/wp-json\/wp\/v2\/types\/post"}],"author":[{"embeddable":true,"href":"https:\/\/www.europesays.com\/fr\/wp-json\/wp\/v2\/users\/2"}],"replies":[{"embeddable":true,"href":"https:\/\/www.europesays.com\/fr\/wp-json\/wp\/v2\/comments?post=168496"}],"version-history":[{"count":0,"href":"https:\/\/www.europesays.com\/fr\/wp-json\/wp\/v2\/posts\/168496\/revisions"}],"wp:featuredmedia":[{"embeddable":true,"href":"https:\/\/www.europesays.com\/fr\/wp-json\/wp\/v2\/media\/168497"}],"wp:attachment":[{"href":"https:\/\/www.europesays.com\/fr\/wp-json\/wp\/v2\/media?parent=168496"}],"wp:term":[{"taxonomy":"category","embeddable":true,"href":"https:\/\/www.europesays.com\/fr\/wp-json\/wp\/v2\/categories?post=168496"},{"taxonomy":"post_tag","embeddable":true,"href":"https:\/\/www.europesays.com\/fr\/wp-json\/wp\/v2\/tags?post=168496"}],"curies":[{"name":"wp","href":"https:\/\/api.w.org\/{rel}","templated":true}]}}