{"id":168500,"date":"2025-06-11T15:12:21","date_gmt":"2025-06-11T15:12:21","guid":{"rendered":"https:\/\/www.europesays.com\/fr\/168500\/"},"modified":"2025-06-11T15:12:21","modified_gmt":"2025-06-11T15:12:21","slug":"veronique-sanson-et-jean-louis-aubert-basculent-en-interieur","status":"publish","type":"post","link":"https:\/\/www.europesays.com\/fr\/168500\/","title":{"rendered":"V\u00e9ronique Sanson et Jean-Louis Aubert basculent en int\u00e9rieur"},"content":{"rendered":"<p>La date <a href=\"https:\/\/www.estrepublicain.fr\/culture-loisirs\/2024\/06\/29\/l-alerte-orange-aux-orages-muselle-mc-solaar-et-iam\" target=\"_blank\" rel=\"noopener\">annul\u00e9e l\u2019an pass\u00e9 en fin de matin\u00e9e<\/a> a laiss\u00e9 des traces. Du c\u00f4t\u00e9 des fans d\u2019IAM et de MC Solaar mais aussi du c\u00f4t\u00e9 des productions et organisateurs. Le 29\u00a0juin 2024, la d\u00e9cision est tomb\u00e9e en toute fin de matin\u00e9e. Une alerte orange aux orages a eu raison du concert du <a href=\"https:\/\/www.estrepublicain.fr\/p\/zenith-du-grand-nancy\" target=\"_blank\" rel=\"noopener\">Nancy Open Air<\/a>, la prudence \u00e9tant de mise. Malheureusement, certains spectateurs n\u2019avaient pas eu l\u2019info et sont tomb\u00e9s sur des barri\u00e8res bloquant l\u2019acc\u00e8s.<\/p>\n<p>Ce samedi 14\u00a0juin, une nouvelle fois pointe la menace d\u2019une annulation pour des raisons similaires. Incitant les organisateurs \u00e0 prendre les devants. \u00ab\u00a0En raison des incertitudes m\u00e9t\u00e9orologiques annonc\u00e9es pour le samedi 14\u00a0juin 2025, et dans un souci d\u2019offrir au public les meilleures conditions d\u2019accueil, les Productions Label LN, en accord avec L Productions et Caramba, ont d\u00e9cid\u00e9 de passer le concert de <a href=\"https:\/\/www.estrepublicain.fr\/p\/veronique-sanson\" target=\"_blank\" rel=\"noopener\">V\u00e9ronique Sanson<\/a> et <a href=\"https:\/\/www.estrepublicain.fr\/p\/jean-louis-aubert\" target=\"_blank\" rel=\"noopener\">Jean-Louis Aubert<\/a> en version indoor. Initialement programm\u00e9 en plein air dans le cadre du <a href=\"https:\/\/www.estrepublicain.fr\/culture-loisirs\/2025\/05\/28\/nancy-open-air-2025-tout-ce-qu-il-faut-savoir-sur-les-concerts-les-horaires-les-parkings-la-restauration\" target=\"_blank\" rel=\"noopener\">Nancy Open Air,<\/a> le concert se tiendra finalement \u00e0 l\u2019int\u00e9rieur du Z\u00e9nith de Nancy\u00a0\u00bb, expliquent Les Productions Label LN.<\/p>\n<p>Un changement qui n\u2019entra\u00eene ni l\u2019horaire, ni le placement. \u00ab\u00a0Les billets d\u00e9j\u00e0 achet\u00e9s restent valables sans aucune d\u00e9marche suppl\u00e9mentaire et pas d\u2019inqui\u00e9tude, nous vous garantissons un placement \u00e9quivalent dans la m\u00eame cat\u00e9gorie. Les horaires demeurent inchang\u00e9s\u00a0: ouverture des portes \u00e0 18\u00a0h\u00a030, d\u00e9but du concert \u00e0 20\u00a0h.\u00a0\u00bb<\/p>\n<p>Dans un m\u00eame temps, le <a href=\"https:\/\/www.estrepublicain.fr\/culture-loisirs\/2025\/06\/07\/cotes-de-boeuf-et-pichons-pour-les-metalleux\" target=\"_blank\" rel=\"noopener\">Village Nancy Open Air sera en activit\u00e9 sur le parvis<\/a> comme cela a \u00e9t\u00e9 le cas pour le Heavy Week-End.<\/p>\n","protected":false},"excerpt":{"rendered":"La date annul\u00e9e l\u2019an pass\u00e9 en fin de matin\u00e9e a laiss\u00e9 des traces. Du c\u00f4t\u00e9 des fans d\u2019IAM&hellip;\n","protected":false},"author":2,"featured_media":168501,"comment_status":"","ping_status":"","sticky":false,"template":"","format":"standard","meta":{"footnotes":""},"categories":[9635],"tags":[1111,11,1687,1707,1704,1706,1705,1777,674,1011,27,775,10061,10262,873,1702,12,3456,25],"class_list":{"0":"post-168500","1":"post","2":"type-post","3":"status-publish","4":"format-standard","5":"has-post-thumbnail","7":"category-nancy","8":"tag-actu","9":"tag-actualites","10":"tag-culture-loisirs","11":"tag-edition-luneville","12":"tag-edition-nancy-et-agglomeration","13":"tag-edition-pont-a-mousson","14":"tag-edition-toul","15":"tag-eu","16":"tag-europe","17":"tag-fr","18":"tag-france","19":"tag-grand-est","20":"tag-maxeville","21":"tag-metropole-du-grand-nancy-54b5","22":"tag-musique","23":"tag-nancy","24":"tag-news","25":"tag-region-lorraine","26":"tag-republique-francaise"},"share_on_mastodon":{"url":"https:\/\/pubeurope.com\/@fr\/114665379773913434","error":""},"_links":{"self":[{"href":"https:\/\/www.europesays.com\/fr\/wp-json\/wp\/v2\/posts\/168500","targetHints":{"allow":["GET"]}}],"collection":[{"href":"https:\/\/www.europesays.com\/fr\/wp-json\/wp\/v2\/posts"}],"about":[{"href":"https:\/\/www.europesays.com\/fr\/wp-json\/wp\/v2\/types\/post"}],"author":[{"embeddable":true,"href":"https:\/\/www.europesays.com\/fr\/wp-json\/wp\/v2\/users\/2"}],"replies":[{"embeddable":true,"href":"https:\/\/www.europesays.com\/fr\/wp-json\/wp\/v2\/comments?post=168500"}],"version-history":[{"count":0,"href":"https:\/\/www.europesays.com\/fr\/wp-json\/wp\/v2\/posts\/168500\/revisions"}],"wp:featuredmedia":[{"embeddable":true,"href":"https:\/\/www.europesays.com\/fr\/wp-json\/wp\/v2\/media\/168501"}],"wp:attachment":[{"href":"https:\/\/www.europesays.com\/fr\/wp-json\/wp\/v2\/media?parent=168500"}],"wp:term":[{"taxonomy":"category","embeddable":true,"href":"https:\/\/www.europesays.com\/fr\/wp-json\/wp\/v2\/categories?post=168500"},{"taxonomy":"post_tag","embeddable":true,"href":"https:\/\/www.europesays.com\/fr\/wp-json\/wp\/v2\/tags?post=168500"}],"curies":[{"name":"wp","href":"https:\/\/api.w.org\/{rel}","templated":true}]}}