{"id":16851,"date":"2025-04-11T08:34:07","date_gmt":"2025-04-11T08:34:07","guid":{"rendered":"https:\/\/www.europesays.com\/fr\/16851\/"},"modified":"2025-04-11T08:34:07","modified_gmt":"2025-04-11T08:34:07","slug":"apres-trois-mois-dabsence-le-ballon-generali-flotte-a-nouveau-dans-le-ciel-de-paris","status":"publish","type":"post","link":"https:\/\/www.europesays.com\/fr\/16851\/","title":{"rendered":"Apr\u00e8s trois mois d&rsquo;absence, le ballon Generali flotte \u00e0 nouveau dans le ciel de Paris"},"content":{"rendered":"<p>            Par<br \/>\n        <strong><br \/>\n            <a href=\"https:\/\/actu.fr\/auteur\/sarah-coulet\" title=\"Consulter tous les articles de Sarah Coulet\" rel=\"nofollow noopener\" target=\"_blank\">Sarah Coulet<\/a><br \/>\n        <\/strong><\/p>\n<p>        Publi\u00e9 le<\/p>\n<p>            11 avr. 2025 \u00e0 9h59        <\/p>\n<p>Il manquait quelque chose dans l\u2019horizon parisien. Ce jeudi 10\u00a0avril 2025, le <strong>ballon Generali<\/strong>, <a href=\"https:\/\/actu.fr\/ile-de-france\/paris_75056\/il-surplombait-paris-depuis-25-ans-pourquoi-le-ballon-generali-va-t-il-etre-degonfle_62102147.html\" rel=\"nofollow noopener\" target=\"_blank\">d\u00e9gonflait jour pour jour trois mois plus t\u00f4t<\/a>, flotte \u00e0 nouveau au-dessus du parc Andr\u00e9 Citro\u00ebn dans le 15e arrondissement de Paris.<\/p>\n<p>Un laboratoire flottant<\/p>\n<p class=\" wall-content\">Comme sa version pr\u00e9c\u00e9dente, la montgolfi\u00e8re aura deux missions\u2009: offrir une vue de la capitale \u00e0 150\u00a0m\u00e8tres de hauteur. Capable d\u2019embarquer jusqu\u2019\u00e0 30\u00a0personnes en m\u00eame temps, il permet d\u2019admirer la vue sans bruit, en contact direct avec l\u2019air. Depuis son inauguration en juillet\u00a01999, ce sont donc <strong>1\u2009500\u2009000 passagers<\/strong> qui ont test\u00e9 l\u2019exp\u00e9rience.<\/p>\n<p class=\" wall-content\"><strong>Laboratoire volant<\/strong>, le but premier du ballon Generali est de permettre aux scientifiques d\u2019analyser l\u2019atmosph\u00e8re. Sur sa nacelle, un instrument de pointe\u2009: le LOAC (Light Optical Aerosol Counter) qui permet de mesurer 24\u00a0heures sur 24 la quantit\u00e9 de particules fines, mais aussi l\u2019ozone (gr\u00e2ce \u00e0 un instrument du LISA) et le pollen.\u00a0Des donn\u00e9es qui permettent de voir que la pollution de l\u2019air a diminu\u00e9 \u00e0 Paris en l\u2019espace de vingt ans.<\/p>\n<p class=\" wall-content\">\u00ab\u00a0Le Ballon Generali de Paris est un <strong>exemple unique au monde<\/strong>, r\u00e9unissant<br \/>science, p\u00e9dagogie et \u00e9merveillement\u00a0\u00bb, estiment J\u00e9r\u00f4me Giacomoni et Matthieu Gobbi, co-fondateurs d\u2019A\u00e9rophile.<\/p>\n<p class=\" wall-content\">Petite nouveaut\u00e9\u2009: le 29\u00a0avril 2025, \u00e0 l\u2019occasion de la <strong>journ\u00e9e d\u2019inauguration<\/strong> du ballon, un nouvel affichage p\u00e9dagogique au service de la sensibilisation au r\u00e9chauffement climatique sera d\u00e9voil\u00e9.<\/p>\n<p>Vid\u00e9os : en ce moment sur Actu<\/p>\n<p>INFORMATIONS PRATIQUES\u2009:<br \/>Tarifs\u2009: 12\u00a0ans et +\u2009: 20\u00a0\u20ac \/ 3 \u00e0 11\u00a0ans\u2009: 15\u00a0\u20ac \/ \u2013 de 3\u00a0ans\u2009: Gratuit<br \/>Parc Andr\u00e9-Citro\u00ebn<br \/>75015 Paris<\/p>\n<p class=\" wall-content\">Suivez toute l\u2019actualit\u00e9 de vos villes et m\u00e9dias favoris en vous inscrivant \u00e0 <a href=\"https:\/\/moncompte.actu.fr\" title=\"D\u00e9couvez Mon Actu\" rel=\"nofollow noopener\" data-trk=\"{&quot;cta&quot;:{&quot;action&quot;:&quot;https:\\\/\\\/moncompte.actu.fr&quot;,&quot;category&quot;:&quot;mon compte&quot;,&quot;from&quot;:&quot;article footer&quot;,&quot;name&quot;:&quot;Mon actu&quot;,&quot;type&quot;:&quot;cta&quot;}}\" target=\"_blank\">Mon Actu<\/a>.<\/p>\n","protected":false},"excerpt":{"rendered":"Par Sarah Coulet Publi\u00e9 le 11 avr. 2025 \u00e0 9h59 Il manquait quelque chose dans l\u2019horizon parisien. Ce&hellip;\n","protected":false},"author":2,"featured_media":16852,"comment_status":"","ping_status":"","sticky":false,"template":"","format":"standard","meta":{"footnotes":""},"categories":[1888],"tags":[1111,1928,11,1927,51,1777,674,1011,27,12,1926,626,1925,25,104,602],"class_list":{"0":"post-16851","1":"post","2":"type-post","3":"status-publish","4":"format-standard","5":"has-post-thumbnail","7":"category-paris","8":"tag-actu","9":"tag-actu-paris","10":"tag-actualites","11":"tag-actualites-paris","12":"tag-ecologie","13":"tag-eu","14":"tag-europe","15":"tag-fr","16":"tag-france","17":"tag-news","18":"tag-news-paris","19":"tag-paris","20":"tag-paris-news","21":"tag-republique-francaise","22":"tag-societe","23":"tag-tourisme"},"share_on_mastodon":{"url":"https:\/\/pubeurope.com\/@fr\/114318413886979869","error":""},"_links":{"self":[{"href":"https:\/\/www.europesays.com\/fr\/wp-json\/wp\/v2\/posts\/16851","targetHints":{"allow":["GET"]}}],"collection":[{"href":"https:\/\/www.europesays.com\/fr\/wp-json\/wp\/v2\/posts"}],"about":[{"href":"https:\/\/www.europesays.com\/fr\/wp-json\/wp\/v2\/types\/post"}],"author":[{"embeddable":true,"href":"https:\/\/www.europesays.com\/fr\/wp-json\/wp\/v2\/users\/2"}],"replies":[{"embeddable":true,"href":"https:\/\/www.europesays.com\/fr\/wp-json\/wp\/v2\/comments?post=16851"}],"version-history":[{"count":0,"href":"https:\/\/www.europesays.com\/fr\/wp-json\/wp\/v2\/posts\/16851\/revisions"}],"wp:featuredmedia":[{"embeddable":true,"href":"https:\/\/www.europesays.com\/fr\/wp-json\/wp\/v2\/media\/16852"}],"wp:attachment":[{"href":"https:\/\/www.europesays.com\/fr\/wp-json\/wp\/v2\/media?parent=16851"}],"wp:term":[{"taxonomy":"category","embeddable":true,"href":"https:\/\/www.europesays.com\/fr\/wp-json\/wp\/v2\/categories?post=16851"},{"taxonomy":"post_tag","embeddable":true,"href":"https:\/\/www.europesays.com\/fr\/wp-json\/wp\/v2\/tags?post=16851"}],"curies":[{"name":"wp","href":"https:\/\/api.w.org\/{rel}","templated":true}]}}