{"id":168515,"date":"2025-06-11T15:20:10","date_gmt":"2025-06-11T15:20:10","guid":{"rendered":"https:\/\/www.europesays.com\/fr\/168515\/"},"modified":"2025-06-11T15:20:10","modified_gmt":"2025-06-11T15:20:10","slug":"grenoble-quick-revient-en-force-et-ouvre-une-nouvelle-adresse-dans-cette-commune","status":"publish","type":"post","link":"https:\/\/www.europesays.com\/fr\/168515\/","title":{"rendered":"Grenoble. Quick revient en force et ouvre une nouvelle adresse dans cette commune"},"content":{"rendered":"<p>            Par<br \/>\n        <strong><br \/>\n            <a href=\"https:\/\/actu.fr\/auteur\/lisa-rodrigues\" title=\"Consulter tous les articles de Lisa Rodrigues\" rel=\"nofollow noopener\" target=\"_blank\">Lisa Rodrigues<\/a><br \/>\n        <\/strong><\/p>\n<p>        Publi\u00e9 le<\/p>\n<p>            11 juin 2025 \u00e0 17h05        <\/p>\n<p><img decoding=\"async\" loading=\"lazy\" src=\"https:\/\/www.europesays.com\/fr\/wp-content\/uploads\/2025\/06\/quick-saint-martin-dheres-960x640.jpg\" alt=\"Un nouveau restaurant Quick va ouvrir ses portes pr\u00e8s de Grenoble.\" width=\"960\" height=\"640\"\/>Un nouveau restaurant Quick va ouvrir ses portes pr\u00e8s de Grenoble. (\u00a9Document remis \u00e0 actu Grenoble \/ Quick France)<\/p>\n<p class=\" wall-content\">Ce sera le <strong>deuxi\u00e8me restaurant<\/strong> de l\u2019agglom\u00e9ration grenobloise pour ce fast-food belge, en pleine croissance dans l\u2019Hexagone.<br \/>Il s\u2019agit de la cha\u00eene de restauration rapide <strong>Quick<\/strong>, qui conna\u00eet un regain de popularit\u00e9 ces derniers temps. L\u2019enseigne arrive\u00a0\u00e0 deux pas du campus universitaire. \u00c0 la t\u00eate de ce franchis\u00e9 flambant neuf, install\u00e9 \u00e0 la place d\u2019un ancien restaurant, on retrouve le patron du Quick d\u00e9j\u00e0 existant \u00e0 <a href=\"https:\/\/actu.fr\/auvergne-rhone-alpes\/echirolles_38151\" rel=\"nofollow noopener\" target=\"_blank\">\u00c9chirolles<\/a>.<\/p>\n<p class=\" wall-content\">Le restaurant ouvrira ses portes d\u00e8s <strong>jeudi 12 juin<\/strong>\u00a0\u00e0 <a href=\"https:\/\/actu.fr\/auvergne-rhone-alpes\/saint-martin-d-heres_38421\" rel=\"nofollow noopener\" target=\"_blank\">Saint-Martin-d\u2019H\u00e8res<\/a>, au 133 avenue Gabriel-P\u00e9ri, \u00e0 quelques m\u00e8tres du McDonald\u2019s.<\/p>\n<p>    <a href=\"https:\/\/www.google.com\/maps\/embed?pb=!1m18!1m12!1m3!1d2812.1126523893604!2d5.762312686697358!3d45.18481579647892!2m3!1f0!2f0!3f0!3m2!1i1024!2i768!4f13.1!3m3!1m2!1s0x478af5dc26657cd5%3A0x70d2316d70e7ac62!2sQuick%20Saint%20Martin%20d%27H%C3%A8res!5e0!3m2!1sfr!2sfr!4v1749652477970!5m2!1sfr!2sfr\" title=\"Ouvrie le lien\" rel=\"nofollow noopener\" target=\"_blank\">Cliquez ici pour visualiser le contenu<\/a><\/p>\n<p>Plus de 200 places assises<\/p>\n<p class=\" wall-content\">Dans le d\u00e9tail, le Quick de Saint-Martin-d\u2019H\u00e8res dispose de 222 places assises\u2009: <strong>162 en int\u00e9rieur<\/strong> \u2013 avec un espace jeu pour les enfants \u2013 et <strong>60 si\u00e8ges en terrasse<\/strong>. Comme exig\u00e9 par la loi, de la <a href=\"https:\/\/actu.fr\/planete\/pollution\/fin-de-la-vaisselle-jetable-dans-les-fast-foods-les-recalcitrants-vont-etre-sanctionnes_57224566.html\" rel=\"nofollow noopener\" target=\"_blank\">vaisselle r\u00e9utilisable<\/a> pour les repas sur place va \u00eatre utilis\u00e9e. Enfin, une <strong>\u00e9quipe de 80\u00a0personnes<\/strong> a \u00e9t\u00e9 sp\u00e9cialement recrut\u00e9e pour faire tourner le restaurant et servir les clients.<\/p>\n<p class=\" wall-content\">Les amateurs de \u00ab\u2009Giant\u2009\u00bb ou des \u00ab\u2009Long\u2009\u00bb pourront commander sur les bornes en salle \u00e0 emporter ou sur place. Un service de <strong>livraison \u00e0 domicile<\/strong> sera aussi propos\u00e9, en plus du <strong>drive<\/strong> avec \u00e9crans digitaux pour passer commande.<\/p>\n<p class=\" wall-content\">\u00ab\u2009Tout est pr\u00eat pour proposer une offre de restauration de qualit\u00e9 et faire (re) d\u00e9couvrir au plus grand nombre nos recettes mythiques, ou bien encore les derni\u00e8res cr\u00e9ations de l\u2019enseigne\u2009\u00bb, se r\u00e9jouit Fr\u00e9d\u00e9ric Misiek, g\u00e9rant des Quick grenoblois, par voie de communiqu\u00e9.<\/p>\n<p>30 nouveaux restaurants d\u2019ici la fin de l\u2019ann\u00e9e<\/p>\n<p class=\" wall-content\">Quick poursuit donc son implantation en Auvergne-Rh\u00f4ne-Alpes. L\u2019enseigne esp\u00e8re ouvrir 30 nouveaux restaurants sur la r\u00e9gion en 2025. D\u2019ici 2028, l\u2019objectif de <strong>300 adresses en France<\/strong>\u00a0est avanc\u00e9.<\/p>\n<p class=\" wall-content\">\u00ab\u2009Notre ambition est de <a href=\"https:\/\/actu.fr\/auvergne-rhone-alpes\/lyon_69123\/quick-revient-a-lyon-apres-8-ans-d-absence-on-ouvre-trois-restaurants-d-un-coup_59942803.html\" rel=\"nofollow noopener\" target=\"_blank\">doubler la pr\u00e9sence de l\u2019enseigne<\/a> en cinq ans et de continuer \u00e0 innover, afin que nos clients aient le go\u00fbt de retrouver Quick partout en France\u2009\u00bb, souligne par communiqu\u00e9 Fr\u00e9d\u00e9ric Levacher, pr\u00e9sident de Quick France.<\/p>\n<p class=\" wall-content\">Suivez toute l\u2019actualit\u00e9 de vos villes et m\u00e9dias favoris en vous inscrivant \u00e0 <a href=\"https:\/\/moncompte.actu.fr\" title=\"D\u00e9couvez Mon Actu\" rel=\"nofollow noopener\" data-trk=\"{&quot;cta&quot;:{&quot;action&quot;:&quot;https:\\\/\\\/moncompte.actu.fr&quot;,&quot;category&quot;:&quot;mon compte&quot;,&quot;from&quot;:&quot;article footer&quot;,&quot;name&quot;:&quot;Mon actu&quot;,&quot;type&quot;:&quot;cta&quot;}}\" target=\"_blank\">Mon Actu<\/a>.<\/p>\n","protected":false},"excerpt":{"rendered":"Par Lisa Rodrigues Publi\u00e9 le 11 juin 2025 \u00e0 17h05 Un nouveau restaurant Quick va ouvrir ses portes&hellip;\n","protected":false},"author":2,"featured_media":168516,"comment_status":"","ping_status":"","sticky":false,"template":"","format":"standard","meta":{"footnotes":""},"categories":[9566],"tags":[1111,11,2430,215,33,1777,674,1011,27,2731,12,25,1340],"class_list":{"0":"post-168515","1":"post","2":"type-post","3":"status-publish","4":"format-standard","5":"has-post-thumbnail","7":"category-grenoble","8":"tag-actu","9":"tag-actualites","10":"tag-auvergne-rhone-alpes","11":"tag-commerce","12":"tag-economie","13":"tag-eu","14":"tag-europe","15":"tag-fr","16":"tag-france","17":"tag-grenoble","18":"tag-news","19":"tag-republique-francaise","20":"tag-restaurant"},"share_on_mastodon":{"url":"https:\/\/pubeurope.com\/@fr\/114665411381051113","error":""},"_links":{"self":[{"href":"https:\/\/www.europesays.com\/fr\/wp-json\/wp\/v2\/posts\/168515","targetHints":{"allow":["GET"]}}],"collection":[{"href":"https:\/\/www.europesays.com\/fr\/wp-json\/wp\/v2\/posts"}],"about":[{"href":"https:\/\/www.europesays.com\/fr\/wp-json\/wp\/v2\/types\/post"}],"author":[{"embeddable":true,"href":"https:\/\/www.europesays.com\/fr\/wp-json\/wp\/v2\/users\/2"}],"replies":[{"embeddable":true,"href":"https:\/\/www.europesays.com\/fr\/wp-json\/wp\/v2\/comments?post=168515"}],"version-history":[{"count":0,"href":"https:\/\/www.europesays.com\/fr\/wp-json\/wp\/v2\/posts\/168515\/revisions"}],"wp:featuredmedia":[{"embeddable":true,"href":"https:\/\/www.europesays.com\/fr\/wp-json\/wp\/v2\/media\/168516"}],"wp:attachment":[{"href":"https:\/\/www.europesays.com\/fr\/wp-json\/wp\/v2\/media?parent=168515"}],"wp:term":[{"taxonomy":"category","embeddable":true,"href":"https:\/\/www.europesays.com\/fr\/wp-json\/wp\/v2\/categories?post=168515"},{"taxonomy":"post_tag","embeddable":true,"href":"https:\/\/www.europesays.com\/fr\/wp-json\/wp\/v2\/tags?post=168515"}],"curies":[{"name":"wp","href":"https:\/\/api.w.org\/{rel}","templated":true}]}}