{"id":168521,"date":"2025-06-11T15:23:09","date_gmt":"2025-06-11T15:23:09","guid":{"rendered":"https:\/\/www.europesays.com\/fr\/168521\/"},"modified":"2025-06-11T15:23:09","modified_gmt":"2025-06-11T15:23:09","slug":"un-nouveau-radar-pendant-six-mois-sur-la-4-voies-la-vitesse-reduite","status":"publish","type":"post","link":"https:\/\/www.europesays.com\/fr\/168521\/","title":{"rendered":"un nouveau radar pendant six mois sur la 4 voies, la vitesse r\u00e9duite"},"content":{"rendered":"<p>            Par<br \/>\n        <strong><br \/>\n            <a href=\"https:\/\/actu.fr\/auteur\/redaction-jv\" title=\"Consulter tous les articles de R\u00e9daction Vitr\u00e9\" target=\"_blank\" rel=\"noopener\">R\u00e9daction Vitr\u00e9<\/a><br \/>\n        <\/strong><\/p>\n<p>        Publi\u00e9 le<\/p>\n<p>            11 juin 2025 \u00e0 17h11        <\/p>\n<p>Les <b>travaux de cr\u00e9ation d\u2019un mur antibruit<\/b> dans le secteur du lieu-dit la Justice, sur la<b> RN 157<\/b>, \u00e0 <b>Noyal-sur-Vilaine<\/b> (Ille-et-Vilaine), d\u00e9buteront le <b>21\u00a0juillet<\/b> 2025 pour une dur\u00e9e estim\u00e9e \u00e0<b> six mois.<\/b><\/p>\n<p>R\u00e9duction de la vitesse \u00e0 70\u00a0km\/h<\/p>\n<p class=\" wall-content\">\u00ab\u2009Pour leur bon d\u00e9roulement et afin d\u2019assurer la s\u00e9curit\u00e9 des travailleurs, <b>la bande d\u2019arr\u00eat d\u2019urgence sera neutralis\u00e9e<\/b> et les voies de circulation r\u00e9duites\u2009\u00bb, informe la mairie de Noyal-sur-Vilaine.<\/p>\n<p class=\" wall-content\">Une r\u00e9duction de la vitesse \u00e0 70\u00a0km\/h sera mise en place \u00e0 proximit\u00e9 du chantier, \u00ab\u2009compte tenu du trafic sur cet axe\u2009\u00bb.<\/p>\n<p class=\" wall-content\">\u00ab\u2009Un<b> radar de chantier<\/b> sera install\u00e9 par la Direction d\u00e9partementale des territoires (DDTM) afin de garantir le respect de cette limitation indispensable \u00e0 la s\u00e9curit\u00e9 de tous\u2009\u00bb, ajoute la municipalit\u00e9.<\/p>\n<p>Vid\u00e9os : en ce moment sur Actu<\/p>\n<p class=\" wall-content\">Suivez toute l\u2019actualit\u00e9 de vos villes et m\u00e9dias favoris en vous inscrivant \u00e0 <a href=\"https:\/\/moncompte.actu.fr\" title=\"D\u00e9couvez Mon Actu\" rel=\"nofollow noopener\" data-trk=\"{&quot;cta&quot;:{&quot;action&quot;:&quot;https:\\\/\\\/moncompte.actu.fr&quot;,&quot;category&quot;:&quot;mon compte&quot;,&quot;from&quot;:&quot;article footer&quot;,&quot;name&quot;:&quot;Mon actu&quot;,&quot;type&quot;:&quot;cta&quot;}}\" target=\"_blank\">Mon Actu<\/a>.<\/p>\n","protected":false},"excerpt":{"rendered":"Par R\u00e9daction Vitr\u00e9 Publi\u00e9 le 11 juin 2025 \u00e0 17h11 Les travaux de cr\u00e9ation d\u2019un mur antibruit dans&hellip;\n","protected":false},"author":2,"featured_media":168522,"comment_status":"","ping_status":"","sticky":false,"template":"","format":"standard","meta":{"footnotes":""},"categories":[2821],"tags":[1111,11,829,1777,674,1011,27,12,6957,584,25,104,2086],"class_list":{"0":"post-168521","1":"post","2":"type-post","3":"status-publish","4":"format-standard","5":"has-post-thumbnail","7":"category-rennes","8":"tag-actu","9":"tag-actualites","10":"tag-bretagne","11":"tag-eu","12":"tag-europe","13":"tag-fr","14":"tag-france","15":"tag-news","16":"tag-radars","17":"tag-rennes","18":"tag-republique-francaise","19":"tag-societe","20":"tag-travaux"},"share_on_mastodon":{"url":"https:\/\/pubeurope.com\/@fr\/114665423097016924","error":""},"_links":{"self":[{"href":"https:\/\/www.europesays.com\/fr\/wp-json\/wp\/v2\/posts\/168521","targetHints":{"allow":["GET"]}}],"collection":[{"href":"https:\/\/www.europesays.com\/fr\/wp-json\/wp\/v2\/posts"}],"about":[{"href":"https:\/\/www.europesays.com\/fr\/wp-json\/wp\/v2\/types\/post"}],"author":[{"embeddable":true,"href":"https:\/\/www.europesays.com\/fr\/wp-json\/wp\/v2\/users\/2"}],"replies":[{"embeddable":true,"href":"https:\/\/www.europesays.com\/fr\/wp-json\/wp\/v2\/comments?post=168521"}],"version-history":[{"count":0,"href":"https:\/\/www.europesays.com\/fr\/wp-json\/wp\/v2\/posts\/168521\/revisions"}],"wp:featuredmedia":[{"embeddable":true,"href":"https:\/\/www.europesays.com\/fr\/wp-json\/wp\/v2\/media\/168522"}],"wp:attachment":[{"href":"https:\/\/www.europesays.com\/fr\/wp-json\/wp\/v2\/media?parent=168521"}],"wp:term":[{"taxonomy":"category","embeddable":true,"href":"https:\/\/www.europesays.com\/fr\/wp-json\/wp\/v2\/categories?post=168521"},{"taxonomy":"post_tag","embeddable":true,"href":"https:\/\/www.europesays.com\/fr\/wp-json\/wp\/v2\/tags?post=168521"}],"curies":[{"name":"wp","href":"https:\/\/api.w.org\/{rel}","templated":true}]}}