{"id":168543,"date":"2025-06-11T15:34:10","date_gmt":"2025-06-11T15:34:10","guid":{"rendered":"https:\/\/www.europesays.com\/fr\/168543\/"},"modified":"2025-06-11T15:34:10","modified_gmt":"2025-06-11T15:34:10","slug":"video-decouvrez-aya-books-nouvelle-librairie-romance-au-coeur-de-lille","status":"publish","type":"post","link":"https:\/\/www.europesays.com\/fr\/168543\/","title":{"rendered":"VIDEO. D\u00e9couvrez Aya Books, nouvelle librairie romance au c\u0153ur de Lille"},"content":{"rendered":"<p>            Par<br \/>\n        <strong><br \/>\n            <a href=\"https:\/\/actu.fr\/auteur\/amandine-vachez\" title=\"Consulter tous les articles de Amandine Vachez\" rel=\"nofollow noopener\" target=\"_blank\">Amandine Vachez<\/a><br \/>\n        <\/strong><\/p>\n<p>        Publi\u00e9 le<\/p>\n<p>            11 juin 2025 \u00e0 16h25        <\/p>\n<p>Elle a os\u00e9\u2009! <b>Ayma Flips, booktokeuse<\/b>, a <b>ouvert sa librairie<\/b> \u00e0 Lille (Nord), <b>sp\u00e9cialis\u00e9e dans la romance<\/b>. Elle s\u2019est lanc\u00e9e dans l\u2019aventure aux c\u00f4t\u00e9s de sa maman, C\u00e9line, comme <a href=\"https:\/\/actu.fr\/hauts-de-france\/lille_59350\/a-lille-ayma-et-sa-maman-celine-ouvrent-aya-books-une-librairie-salon-de-the-specialisee-dans-la-romance_62608252.html\" rel=\"nofollow noopener\" target=\"_blank\">on vous le racontait il y a quelques semaines<\/a>. Pour l\u2019ouverture, <b>mercredi 4\u00a0juin 2025<\/b>, il y a eu foule. Depuis une semaine, le succ\u00e8s est au rendez-vous. Une fiert\u00e9 pour la g\u00e9rante de <b>ce lieu dans l\u2019\u00e8re du temps<\/b>, dont le d\u00e9fi va \u00eatre de fid\u00e9liser son public sur la dur\u00e9e.<\/p>\n<p>\u00ab\u2009C\u2019\u00e9tait incroyable\u2009!\u2009\u00bb<\/p>\n<p class=\" wall-content\">Le premier vendredi matin de l\u2019ouverture de la librairie, en fin de matin\u00e9e, il y a eu du passage. Des <b>adolescentes, jeunes adultes<\/b>, mais aussi des <b>m\u00e8res de famille.<\/b> \u00ab\u2009Une future lectrice, sans doute. Elle pourra difficilement passer \u00e0 c\u00f4t\u00e9\u2009\u00bb, sourit une maman, poussette \u00e0 la main dans les rayons.<\/p>\n<p class=\" wall-content\">Chez Aya Books, situ\u00e9e boulevard de la Libert\u00e9, on p\u00e9n\u00e8tre dans un<b> temple de la romance. <\/b>Murs rose fonc\u00e9, faux papillons et fleurs de sakura, <a href=\"https:\/\/actu.fr\/occitanie\/figeac_46102\/des-lyceens-de-figeac-creent-une-bague-pour-faciliter-la-lecture_62487696.html\" rel=\"nofollow noopener\" target=\"_blank\">bagues de lecture<\/a>, marque-pages, machine \u00e0 \u00e9crire vintage\u2026 On est tout de suite plong\u00e9 dans une ambiance particuli\u00e8re, au milieu des ouvrages rang\u00e9s dans des \u00e9tag\u00e8res ou mis en avant sur un \u00eelot central. \u00ab\u2009Vous avez les derni\u00e8res sorties ici, et au fond l\u2019espace dark romance\u2009\u00bb, nous indique Ayma, d\u00e8s notre arriv\u00e9e.<\/p>\n<p class=\" wall-content\">Dans la librairie, on trouve des livres pour les adolescents, de la<b> romance l\u00e9g\u00e8re<\/b>, de la <b>new romance<\/b> (plus os\u00e9e), de la<b> romantasy<\/b> (romance dans une intrigue fantastique), ainsi que de la<b> dark romance<\/b> (plus sombre, pour un public averti). Cette derni\u00e8re cat\u00e9gorie est donc mise \u00e0 part.<\/p>\n<ul class=\" wall-content\">\n<li><b>D\u00e9couvrez la boutique en regardant notre vid\u00e9o\u2009:<\/b><\/li>\n<\/ul>\n<p class=\" wall-content\"><a href=\"https:\/\/www.instagram.com\/p\/DKuhLmdMm58\/embed\" title=\"Ouvrir le lien sur Instagram\" rel=\"nofollow noopener\" target=\"_blank\">Visualiser le contenu sur Instagram<\/a><\/p>\n<p>Des ouvrages de tous horizons et pour tous les go\u00fbts (ou presque)<\/p>\n<p class=\" wall-content\">Ayma vit un r\u00eave \u00e9veill\u00e9 en ouvrant sa librairie, m\u00eame si le chemin n\u2019a pas \u00e9t\u00e9 facile. \u00ab\u2009On n\u2019a pas toujours \u00e9t\u00e9 encourag\u00e9es\u2009\u00bb, relate-t-elle. Avec sa m\u00e8re, elles ont essuy\u00e9 des critiques, plus ou moins violentes, sur internet, mais aussi et surtout \u00e9manant du monde litt\u00e9raire. \u00ab\u2009La romance est vue comme un sous-genre, on a tendance \u00e0 nous prendre de haut.\u2009\u00bb Un sous-genre qui pourtant cartonne chez les jeunes, et en r\u00e9concilie beaucoup avec la lecture. Ayma l\u2019assure\u2009: une client\u00e8le de tout \u00e2ge franchit les portes. Essentiellement f\u00e9minine, d\u2019horizons tr\u00e8s vari\u00e9s.<\/p>\n<p>    <img   decoding=\"async\" loading=\"lazy\" class=\"size-large\" src=\"https:\/\/www.europesays.com\/fr\/wp-content\/uploads\/2025\/06\/f134e8b8894861c44e8b889489364ev-960x640.jpg\" alt=\"Les sorties r\u00e9centes sont mises en avant sur un \u00eelot central dans la librairie d'Ayma.\" width=\"960\" height=\"640\"\/><br \/>\n    Les sorties r\u00e9centes sont mises en avant sur un \u00eelot central dans la librairie d\u2019Ayma. \u00a9Amandine Vachez<\/p>\n<p class=\" wall-content\">Pour les premiers jours, les rayons n\u2019\u00e9taient pas compl\u00e8tement remplis, faute \u00e0 un retard sur des livraisons. Mais Ayma prend soin de proposer <b>une grande vari\u00e9t\u00e9 d\u2019ouvrages.<\/b> \u00ab\u2009\u00c9videmment, il y a les livres que j\u2019aime, mais d\u2019autres. Il en faut pour tous les go\u00fbts\u2009!\u2009\u00bb Elle s\u2019assure de proposer le<b> contenu le plus inclusif possible<\/b>, en fonction de ce qui est disponible sur le march\u00e9 et qui \u00ab\u2009ne va pas trop loin.\u2009\u00bb On ne trouvera pas de dark romance incestueuse, par exemple. Ayma fixe des limites.<\/p>\n<p>Un rayon VO, des livres format poche et auto\u00e9dit\u00e9s<\/p>\n<p class=\" wall-content\">Ce qu\u2019on vient chercher dans une librairie, sp\u00e9cialis\u00e9e qui plus est, c\u2019est <b>l\u2019expertise<\/b>. Ayma veut inviter ses clients \u00e0 la d\u00e9couverte, et elle<b> saura assur\u00e9ment vous conseiller<\/b>, que vous soyez habitu\u00e9 du genre ou non. Elle propose des<b> livres en VO <\/b>(ce qu\u2019elle pr\u00e9f\u00e8re en tant que lectrice) et <b>des ouvrages auto\u00e9dit\u00e9s.<\/b> \u00ab\u2009Comme pour la romance qui est vue trop souvent comme un sous-genre, on a tendance \u00e0 penser en France que l\u2019auto\u00e9dition est issue d\u2019ouvrages refus\u00e9s dans les grandes maisons. Mais pas forc\u00e9ment\u2009! D\u2019ailleurs, en Am\u00e9rique, ce n\u2019est pas du tout le cas. C\u2019est la voie classique. Et il faut comprendre que certains auteurs font ce choix.\u2009\u00bb Lors de notre passage, un livre auto\u00e9dit\u00e9 (arborant une tr\u00e8s belle couverture) est d\u2019ailleurs parti.<\/p>\n<p class=\" wall-content\">Il y a aussi un espace consacr\u00e9 aux <b>livres d\u2019occasion<\/b>, ainsi qu\u2019une <b>collection poche<\/b>, pour celles et ceux qui voudraient s\u2019en sortir \u00e0 moindres frais. Car il faut admettre que lire de la romance est un budget\u2009! La tendance est aux gros et beaux ouvrages, qui atteignent facilement une vingtaine d\u2019euros.<\/p>\n<p>    <img   decoding=\"async\" loading=\"lazy\" class=\"size-large\" src=\"https:\/\/www.europesays.com\/fr\/wp-content\/uploads\/2025\/06\/fce1e8b88948641f1e8b889489af1ev-960x640.jpg\" alt=\"Un espace salon de th\u00e9, o\u00f9 se tiennent des rencontres, est install\u00e9 dans la librairie Aya Books \u00e0 Lille.\" width=\"960\" height=\"640\"\/><br \/>\n    Un espace salon de th\u00e9, o\u00f9 se tiennent des rencontres, est install\u00e9 dans la librairie Aya Books \u00e0 Lille. \u00a9Amandine Vachez<\/p>\n<p class=\" wall-content\">Bref, chez Aya Books, vous trouverez les<b> grosses sorties attendues <\/b>(attention les stocks s\u2019\u00e9coulent vite), mais aussi des<b> p\u00e9pites moins connues. <\/b>Vous pouvez aussi profiter de rencontres, et de douceurs, car la librairie compte un espace salon de th\u00e9, avec boissons et biscuiterie.<\/p>\n<p class=\" wall-content\">Il ne reste plus qu\u2019une chose \u00e0 faire pour en savoir plus\u2009: pousser la porte du 53, boulevard de la Libert\u00e9.<\/p>\n<p>Pour en savoir plus et suivre les actualit\u00e9s de la librairie, rendez-vous\u2009: <a href=\"https:\/\/www.instagram.com\/aya.books31\/\" rel=\"nofollow noopener\" target=\"_blank\">sur Instagram<\/a> et <a href=\"https:\/\/www.tiktok.com\/@badromancebook?lang=fr\" rel=\"nofollow noopener\" target=\"_blank\">sur TikTok<\/a>.<\/p>\n<p class=\" wall-content\">Suivez toute l\u2019actualit\u00e9 de vos villes et m\u00e9dias favoris en vous inscrivant \u00e0 <a href=\"https:\/\/moncompte.actu.fr\" title=\"D\u00e9couvez Mon Actu\" rel=\"nofollow noopener\" data-trk=\"{&quot;cta&quot;:{&quot;action&quot;:&quot;https:\\\/\\\/moncompte.actu.fr&quot;,&quot;category&quot;:&quot;mon compte&quot;,&quot;from&quot;:&quot;article footer&quot;,&quot;name&quot;:&quot;Mon actu&quot;,&quot;type&quot;:&quot;cta&quot;}}\" target=\"_blank\">Mon Actu<\/a>.<\/p>\n<p>                    <script async src=\"\/\/www.instagram.com\/embed.js\"><\/script><script async src=\"\/\/www.tiktok.com\/embed.js\"><\/script><\/p>\n","protected":false},"excerpt":{"rendered":"Par Amandine Vachez Publi\u00e9 le 11 juin 2025 \u00e0 16h25 Elle a os\u00e9\u2009! Ayma Flips, booktokeuse, a ouvert&hellip;\n","protected":false},"author":2,"featured_media":168544,"comment_status":"","ping_status":"","sticky":false,"template":"","format":"standard","meta":{"footnotes":""},"categories":[2815],"tags":[1111,11,215,1777,674,1011,27,811,1307,1380,1652,12,25],"class_list":{"0":"post-168543","1":"post","2":"type-post","3":"status-publish","4":"format-standard","5":"has-post-thumbnail","7":"category-lille","8":"tag-actu","9":"tag-actualites","10":"tag-commerce","11":"tag-eu","12":"tag-europe","13":"tag-fr","14":"tag-france","15":"tag-hauts-de-france","16":"tag-lille","17":"tag-livres","18":"tag-loisirs-culture","19":"tag-news","20":"tag-republique-francaise"},"share_on_mastodon":{"url":"https:\/\/pubeurope.com\/@fr\/114665466482966846","error":""},"_links":{"self":[{"href":"https:\/\/www.europesays.com\/fr\/wp-json\/wp\/v2\/posts\/168543","targetHints":{"allow":["GET"]}}],"collection":[{"href":"https:\/\/www.europesays.com\/fr\/wp-json\/wp\/v2\/posts"}],"about":[{"href":"https:\/\/www.europesays.com\/fr\/wp-json\/wp\/v2\/types\/post"}],"author":[{"embeddable":true,"href":"https:\/\/www.europesays.com\/fr\/wp-json\/wp\/v2\/users\/2"}],"replies":[{"embeddable":true,"href":"https:\/\/www.europesays.com\/fr\/wp-json\/wp\/v2\/comments?post=168543"}],"version-history":[{"count":0,"href":"https:\/\/www.europesays.com\/fr\/wp-json\/wp\/v2\/posts\/168543\/revisions"}],"wp:featuredmedia":[{"embeddable":true,"href":"https:\/\/www.europesays.com\/fr\/wp-json\/wp\/v2\/media\/168544"}],"wp:attachment":[{"href":"https:\/\/www.europesays.com\/fr\/wp-json\/wp\/v2\/media?parent=168543"}],"wp:term":[{"taxonomy":"category","embeddable":true,"href":"https:\/\/www.europesays.com\/fr\/wp-json\/wp\/v2\/categories?post=168543"},{"taxonomy":"post_tag","embeddable":true,"href":"https:\/\/www.europesays.com\/fr\/wp-json\/wp\/v2\/tags?post=168543"}],"curies":[{"name":"wp","href":"https:\/\/api.w.org\/{rel}","templated":true}]}}