{"id":168552,"date":"2025-06-11T15:38:09","date_gmt":"2025-06-11T15:38:09","guid":{"rendered":"https:\/\/www.europesays.com\/fr\/168552\/"},"modified":"2025-06-11T15:38:09","modified_gmt":"2025-06-11T15:38:09","slug":"ne-repassez-jamais-ici-la-france-insoumise-on-la-baise","status":"publish","type":"post","link":"https:\/\/www.europesays.com\/fr\/168552\/","title":{"rendered":"Ne repassez jamais ici, la France Insoumise on la baise"},"content":{"rendered":"<p itemprop=\"description\"><strong>Les faits se seraient d\u00e9roul\u00e9s dans la nuit de samedi \u00e0 dimanche dernier, vers minuit.<\/strong><\/p>\n<p>\u00a0\u00ab\u00a0Deux individus se revendiquant d&rsquo;extr\u00eame-droite ont agress\u00e9 physiquement deux de nos camarades qui collaient des affiches \u00e0 Pusignan\u00a0\u00bb, r\u00e9v\u00e8le la France Insoumise du Rh\u00f4ne.<\/p>\n<p>Les deux agresseurs auraient cri\u00e9 \u00ab\u00a0Ne repassez jamais ici, la France Insoumise on la baise\u00a0\u00bb tout en rouant de coups les militants LFI.<\/p>\n<p>Pour l&rsquo;antenne rhodanienne du parti de Jean-Luc M\u00e9lenchon, ces faits sont \u00ab\u00a0la cons\u00e9quence directe du climat d\u00e9l\u00e9t\u00e8re organis\u00e9 par le gouvernement Macron-Bayrou et leur ministre de l&rsquo;Int\u00e9rieur, Bruno Retailleau, alli\u00e9 id\u00e9ologique de l&rsquo;extr\u00eame-droite et de Tiffany Joncour, d\u00e9put\u00e9e RN de la 13e circonscription du Rh\u00f4ne\u00a0\u00bb.<\/p>\n<p>Malgr\u00e9 cette attaque d\u00e9nonc\u00e9e, la France Insoumise ne donnera pas de consignes pour inciter ses militants \u00e0 \u00e9viter le terrain, au contraire. \u00ab\u00a0Nous ne nous soumettrons jamais \u00e0 la violence et au racisme des fascistes\u00a0\u00bb, conclut le parti qui r\u00e9clame une soci\u00e9t\u00e9 \u00ab\u00a0d\u00e9barrass\u00e9e du poison du racisme et de la haine qui divise le peuple\u00a0\u00bb.<\/p>\n","protected":false},"excerpt":{"rendered":"Les faits se seraient d\u00e9roul\u00e9s dans la nuit de samedi \u00e0 dimanche dernier, vers minuit. \u00a0\u00ab\u00a0Deux individus se&hellip;\n","protected":false},"author":2,"featured_media":168553,"comment_status":"","ping_status":"","sticky":false,"template":"","format":"standard","meta":{"footnotes":""},"categories":[1889],"tags":[1111,11,2813,2190,2430,1109,251,1112,2811,1777,674,118,1011,27,1922,1110,1114,2428,2810,12,241,316,25,2812,517,800],"class_list":{"0":"post-168552","1":"post","2":"type-post","3":"status-publish","4":"format-standard","5":"has-post-thumbnail","7":"category-lyon","8":"tag-actu","9":"tag-actualites","10":"tag-article","11":"tag-asvel","12":"tag-auvergne-rhone-alpes","13":"tag-breves","14":"tag-culture","15":"tag-depeches","16":"tag-economique","17":"tag-eu","18":"tag-europe","19":"tag-faits-divers","20":"tag-fr","21":"tag-france","22":"tag-info","23":"tag-informations","24":"tag-infos","25":"tag-lyon","26":"tag-lyonmag","27":"tag-news","28":"tag-ol","29":"tag-politique","30":"tag-republique-francaise","31":"tag-sociale","32":"tag-sport","33":"tag-transports"},"share_on_mastodon":{"url":"https:\/\/pubeurope.com\/@fr\/114665482174043461","error":""},"_links":{"self":[{"href":"https:\/\/www.europesays.com\/fr\/wp-json\/wp\/v2\/posts\/168552","targetHints":{"allow":["GET"]}}],"collection":[{"href":"https:\/\/www.europesays.com\/fr\/wp-json\/wp\/v2\/posts"}],"about":[{"href":"https:\/\/www.europesays.com\/fr\/wp-json\/wp\/v2\/types\/post"}],"author":[{"embeddable":true,"href":"https:\/\/www.europesays.com\/fr\/wp-json\/wp\/v2\/users\/2"}],"replies":[{"embeddable":true,"href":"https:\/\/www.europesays.com\/fr\/wp-json\/wp\/v2\/comments?post=168552"}],"version-history":[{"count":0,"href":"https:\/\/www.europesays.com\/fr\/wp-json\/wp\/v2\/posts\/168552\/revisions"}],"wp:featuredmedia":[{"embeddable":true,"href":"https:\/\/www.europesays.com\/fr\/wp-json\/wp\/v2\/media\/168553"}],"wp:attachment":[{"href":"https:\/\/www.europesays.com\/fr\/wp-json\/wp\/v2\/media?parent=168552"}],"wp:term":[{"taxonomy":"category","embeddable":true,"href":"https:\/\/www.europesays.com\/fr\/wp-json\/wp\/v2\/categories?post=168552"},{"taxonomy":"post_tag","embeddable":true,"href":"https:\/\/www.europesays.com\/fr\/wp-json\/wp\/v2\/tags?post=168552"}],"curies":[{"name":"wp","href":"https:\/\/api.w.org\/{rel}","templated":true}]}}