{"id":168572,"date":"2025-06-11T15:48:09","date_gmt":"2025-06-11T15:48:09","guid":{"rendered":"https:\/\/www.europesays.com\/fr\/168572\/"},"modified":"2025-06-11T15:48:09","modified_gmt":"2025-06-11T15:48:09","slug":"il-se-fait-passer-pour-un-steward-et-voyage-gratuitement-pendant-six-ans","status":"publish","type":"post","link":"https:\/\/www.europesays.com\/fr\/168572\/","title":{"rendered":"Il se fait passer pour un steward et voyage gratuitement pendant six ans"},"content":{"rendered":"<p>Tiron Alexander, un <a href=\"https:\/\/www.20minutes.fr\/monde\/etats-unis\/\" class=\"color-ultramarine c-link\" target=\"_blank\" rel=\"noopener\">Am\u00e9ricain<\/a> \u00e2g\u00e9 de 35 ans, est accus\u00e9 d\u2019avoir\u00a0r\u00e9serv\u00e9 plus de 120 vols gratuitement en se faisant passer pour un steward.\u00a0D\u2019apr\u00e8s un <a href=\"https:\/\/www.justice.gov\/usao-sdfl\/pr\/federal-jury-finds-south-florida-man-guilty-posing-flight-attendant-obtain-free\" target=\"_blank\" class=\"color-ultramarine c-link\" rel=\"noopener\">communiqu\u00e9<\/a> du minist\u00e8re am\u00e9ricain de la <a href=\"https:\/\/www.20minutes.fr\/justice\/\" class=\"color-ultramarine c-link\" target=\"_blank\" rel=\"noopener\">Justice<\/a>, publi\u00e9 mardi et relay\u00e9 par <a href=\"https:\/\/www.cbsnews.com\/news\/florida-man-convicted-of-posing-as-flight-attendant-to-score-more-than-100-free-flights\/\" target=\"_blank\" class=\"color-ultramarine c-link\" rel=\"noopener\">CBS News<\/a>, il a\u00a0\u00e9t\u00e9\u00a0reconnu coupable par un tribunal de Floride de \u00ab\u00a0fraude \u00e9lectronique\u00a0\u00bb et \u00ab\u00a0entr\u00e9e ill\u00e9gale dans une zone s\u00e9curis\u00e9e\u00a0sous de faux pr\u00e9textes\u00a0\u00bb.<\/p>\n<p>Le stratag\u00e8me du trentenaire a dur\u00e9 six ans, entre\u00a02018 et\u00a02024. Durant cette p\u00e9riode, il\u00a0n\u2019a pas pay\u00e9 un seul billet\u00a0d\u2019avion. Comment\u00a0? Apr\u00e8s avoir fourni \u00ab\u00a0son employeur, sa date d\u2019embauche et son num\u00e9ro de badge\u00a0\u00bb, il a r\u00e9ussi \u00e0 infiltrer un site de r\u00e9servation en ligne de vols r\u00e9serv\u00e9 aux pilotes de ligne et au\u00a0personnel de bord.<\/p>\n<p>Une trentaine de faux num\u00e9ros de badge<\/p>\n<p>Au total, Tiron Alexander a renseign\u00e9 qu\u2019il travaillait pour sept compagnies a\u00e9riennes diff\u00e9rentes. Il a fourni une trentaine de num\u00e9ros de badge et dates d\u2019embauche diff\u00e9rents. Autant de fausses informations qui n\u2019ont pas \u00e9t\u00e9 v\u00e9rifi\u00e9es. Selon les preuves pr\u00e9sent\u00e9es au proc\u00e8s, ce stratag\u00e8me lui a ainsi permis de r\u00e9server plus de 120 vols gratuitement en se faisant passer pour un steward.<\/p>\n<\/p>\n<p>Alert\u00e9e, l\u2019agence nationale am\u00e9ricaine de s\u00e9curit\u00e9 dans les transports a \u00e9t\u00e9 missionn\u00e9e sur cette affaire. Reconnu coupable le 5\u00a0juin, l\u2019Am\u00e9ricain risque jusqu\u2019\u00e0 30 ans de prison. Sa peine devrait \u00eatre annonc\u00e9e le 25\u00a0ao\u00fbt prochain, selon le communiqu\u00e9 du minist\u00e8re am\u00e9ricain de la Justice.<\/p>\n","protected":false},"excerpt":{"rendered":"Tiron Alexander, un Am\u00e9ricain \u00e2g\u00e9 de 35 ans, est accus\u00e9 d\u2019avoir\u00a0r\u00e9serv\u00e9 plus de 120 vols gratuitement en se&hellip;\n","protected":false},"author":2,"featured_media":168573,"comment_status":"","ping_status":"","sticky":false,"template":"","format":"standard","meta":{"footnotes":""},"categories":[1589],"tags":[47,11,37,73,1866,118,1757,303,74,12,1864,1865,1863,308],"class_list":{"0":"post-168572","1":"post","2":"type-post","3":"status-publish","4":"format-standard","5":"has-post-thumbnail","7":"category-etats-unis","8":"tag-actualite","9":"tag-actualites","10":"tag-avion","11":"tag-etats-unis","12":"tag-etats-unis-damerique","13":"tag-faits-divers","14":"tag-insolite","15":"tag-justice","16":"tag-monde","17":"tag-news","18":"tag-united-states","19":"tag-united-states-of-america","20":"tag-us","21":"tag-usa"},"share_on_mastodon":{"url":"https:\/\/pubeurope.com\/@fr\/114665521434833261","error":""},"_links":{"self":[{"href":"https:\/\/www.europesays.com\/fr\/wp-json\/wp\/v2\/posts\/168572","targetHints":{"allow":["GET"]}}],"collection":[{"href":"https:\/\/www.europesays.com\/fr\/wp-json\/wp\/v2\/posts"}],"about":[{"href":"https:\/\/www.europesays.com\/fr\/wp-json\/wp\/v2\/types\/post"}],"author":[{"embeddable":true,"href":"https:\/\/www.europesays.com\/fr\/wp-json\/wp\/v2\/users\/2"}],"replies":[{"embeddable":true,"href":"https:\/\/www.europesays.com\/fr\/wp-json\/wp\/v2\/comments?post=168572"}],"version-history":[{"count":0,"href":"https:\/\/www.europesays.com\/fr\/wp-json\/wp\/v2\/posts\/168572\/revisions"}],"wp:featuredmedia":[{"embeddable":true,"href":"https:\/\/www.europesays.com\/fr\/wp-json\/wp\/v2\/media\/168573"}],"wp:attachment":[{"href":"https:\/\/www.europesays.com\/fr\/wp-json\/wp\/v2\/media?parent=168572"}],"wp:term":[{"taxonomy":"category","embeddable":true,"href":"https:\/\/www.europesays.com\/fr\/wp-json\/wp\/v2\/categories?post=168572"},{"taxonomy":"post_tag","embeddable":true,"href":"https:\/\/www.europesays.com\/fr\/wp-json\/wp\/v2\/tags?post=168572"}],"curies":[{"name":"wp","href":"https:\/\/api.w.org\/{rel}","templated":true}]}}