{"id":168583,"date":"2025-06-11T15:54:09","date_gmt":"2025-06-11T15:54:09","guid":{"rendered":"https:\/\/www.europesays.com\/fr\/168583\/"},"modified":"2025-06-11T15:54:09","modified_gmt":"2025-06-11T15:54:09","slug":"quatre-departements-du-sud-ouest-places-en-vigilance-orange-aux-orages-ce-mercredi","status":"publish","type":"post","link":"https:\/\/www.europesays.com\/fr\/168583\/","title":{"rendered":"Quatre d\u00e9partements du Sud-Ouest plac\u00e9s en vigilance orange aux orages ce mercredi"},"content":{"rendered":"<p>Apr\u00e8s les pics de chaleur, attention aux <a href=\"https:\/\/www.20minutes.fr\/societe\/orage\/\" class=\"color-ultramarine c-link\" rel=\"nofollow noopener\" target=\"_blank\">orages<\/a>. Quatre d\u00e9partements du <a href=\"https:\/\/www.20minutes.fr\/dossier\/sud-ouest\" class=\"color-ultramarine c-link\" rel=\"nofollow noopener\" target=\"_blank\">Sud-Ouest<\/a> ont \u00e9t\u00e9 plac\u00e9s ce mercredi en vigilance orange aux orages \u00e0 partir de 16 heures, avec des ph\u00e9nom\u00e8nes \u00ab\u00a0assez brefs mais forts\u00a0\u00bb attendus en soir\u00e9e en <a href=\"https:\/\/www.20minutes.fr\/dossier\/gironde\" class=\"color-ultramarine c-link\" rel=\"nofollow noopener\" target=\"_blank\">Gironde<\/a>, dans les <a href=\"https:\/\/www.20minutes.fr\/societe\/landes\/\" class=\"color-ultramarine c-link\" rel=\"nofollow noopener\" target=\"_blank\">Landes<\/a>, le <a href=\"https:\/\/www.20minutes.fr\/dossier\/lot_et_garonne\" class=\"color-ultramarine c-link\" rel=\"nofollow noopener\" target=\"_blank\">Lot-et-Garonne<\/a> et le <a href=\"https:\/\/www.20minutes.fr\/dossier\/gers\" class=\"color-ultramarine c-link\" rel=\"nofollow noopener\" target=\"_blank\">Gers<\/a>, a annonc\u00e9 <a href=\"https:\/\/www.20minutes.fr\/dossier\/meteo_france\" class=\"color-ultramarine c-link\" rel=\"nofollow noopener\" target=\"_blank\">M\u00e9t\u00e9o-France<\/a>.<\/p>\n<blockquote class=\"twitter-tweet\" align=\"center\" data-lang=\"fr_FR\">\n<p lang=\"fr\" dir=\"ltr\">\ud83d\udfe0 Vigilance Orange <a href=\"https:\/\/twitter.com\/hashtag\/orages?src=hash&amp;ref_src=twsrc%5Etfw\" rel=\"nofollow noopener\" target=\"_blank\">#orages<\/a> en Gironde, Lot-et-Garonne, Landes et Gers ce mercredi \u00e0 compter de 16h.<\/p>\n<p>\u26c8\ufe0fOrages assez brefs mais forts cet apr\u00e8s-midi et ce soir. Gr\u00eale, bourrasques, activit\u00e9 \u00e9lectrique importante et fortes intensit\u00e9s de pr\u00e9cipitations.<\/p>\n<p>\u26a0\ufe0f <a href=\"https:\/\/t.co\/0fSPvXRn8K\" rel=\"nofollow\">https:\/\/t.co\/0fSPvXRn8K<\/a> <a href=\"https:\/\/t.co\/YMWj4TMNUu\" rel=\"nofollow\">https:\/\/t.co\/YMWj4TMNUu<\/a><\/p>\n<p>\u2014 M\u00e9t\u00e9o-France (@meteofrance) <a href=\"https:\/\/twitter.com\/meteofrance\/status\/1932776201342337407?ref_src=twsrc%5Etfw\" rel=\"nofollow noopener\" target=\"_blank\">June 11, 2025<\/a><\/p><\/blockquote>\n<p class=\"mb-m@xs text-l@xs\">En cliquant sur\u00ab J\u2019accepte \u00bb, vous acceptez le d\u00e9p\u00f4t de cookies par des services externes et aurez ainsi acc\u00e8s aux contenus de nos partenaires.<\/p>\n<p class=\"mb-xl@xs text-s@xs\">Plus d\u2019informations sur la page<a href=\"https:\/\/www.20minutes.fr\/gestion-cookies\" class=\"mx-xxs@xs color-ultramarine\" rel=\"nofollow noopener\" target=\"_blank\">Politique de gestion des cookies<\/a><\/p>\n<p>J\u2019accepte<\/p>\n<p>Les pr\u00e9visionnistes s\u2019attendent \u00e0 des orages \u00ab\u00a0accompagn\u00e9s de gr\u00eale, de fortes bourrasques, d\u2019une activit\u00e9 \u00e9lectrique importante et de fortes intensit\u00e9s de pr\u00e9cipitations\u00a0\u00bb, a \u00e9crit l\u2019institut m\u00e9t\u00e9orologique dans un bulletin publi\u00e9 \u00e0 14 heures mercredi. Ces orages sont susceptibles d\u2019entra\u00eener des rafales voisines de 100\u00a0km\/h.<\/p>\n<p>La pr\u00e9fecture appelle \u00ab\u00a0\u00e0 la plus grande vigilance\u00a0\u00bb<\/p>\n<p>En Gironde, l\u2019alerte est valable ce mercredi de 16 heures \u00e0 22 heures pr\u00e9cise la pr\u00e9fecture de la Gironde. \u00ab\u00a0Une forte d\u00e9gradation orageuse se met en place sur le Sud-Ouest en deuxi\u00e8me partie d\u2019apr\u00e8s-midi, au sein d\u2019une masse d\u2019air tr\u00e8s chaude et humide\u00a0\u00bb, poursuit la pr\u00e9fecture dans un communiqu\u00e9. Une deuxi\u00e8me salve orageuse est attendue en deuxi\u00e8me partie de nuit sur la <a href=\"https:\/\/www.20minutes.fr\/dossier\/nouvelle-aquitaine\" class=\"color-ultramarine c-link\" rel=\"nofollow noopener\" target=\"_blank\">Nouvelle-Aquitaine<\/a>, \u00ab\u00a0mais pr\u00e9sente moins de s\u00e9v\u00e9rit\u00e9.\u00a0\u00bb<\/p>\n<p>M\u00e9t\u00e9o-France pr\u00e9cise que cette situation orageuse n\u00e9cessite \u00ab\u00a0une attention particuli\u00e8re en raison d\u2019un risque de ph\u00e9nom\u00e8nes violents\u00a0\u00bb dans ces quatre d\u00e9partements. Le pr\u00e9fet de la Gironde appelle de son c\u00f4t\u00e9 chacun \u00ab\u00a0\u00e0 la plus grande vigilance, en particulier les usagers de la route en adaptant leurs comportements.\u00a0\u00bb Il attire \u00e9galement l\u2019attention \u00ab\u00a0des exploitants des campings, de chapiteaux et les organisateurs de manifestations en plein air afin qu\u2019ils prennent toutes les mesures pour assurer la s\u00e9curit\u00e9 des biens et des personnes.\u00a0\u00bb<\/p>\n<p>Temp\u00e9ratures d\u00e9passant les 30\u00a0\u00b0C<\/p>\n<p>Seize autres d\u00e9partements situ\u00e9s sur la fa\u00e7ade atlantique et dans le Sud-Ouest sont concern\u00e9s par une vigilance jaune, outre la principaut\u00e9 d\u2019Andorre.<\/p>\n<\/p>\n<p>Ces orages font suite \u00e0 une vague de chaleur tr\u00e8s marqu\u00e9e commenc\u00e9e mardi, avec des temp\u00e9ratures d\u00e9passant les 30\u00a0\u00b0C dans le Sud-Ouest mercredi. Le pic de chaleur doit s\u2019\u00e9tendre vers l\u2019est jeudi, avant une journ\u00e9e de vendredi attendue comme la plus chaude \u00e0 l\u2019\u00e9chelle du pays, puis une baisse des temp\u00e9ratures ce week-end.<\/p>\n<p><script async src=\"https:\/\/platform.twitter.com\/widgets.js\" charset=\"utf-8\"><\/script><\/p>\n","protected":false},"excerpt":{"rendered":"Apr\u00e8s les pics de chaleur, attention aux orages. Quatre d\u00e9partements du Sud-Ouest ont \u00e9t\u00e9 plac\u00e9s ce mercredi en&hellip;\n","protected":false},"author":2,"featured_media":168584,"comment_status":"","ping_status":"","sticky":false,"template":"","format":"standard","meta":{"footnotes":""},"categories":[2],"tags":[47,11,8837,3177,1997,6698,21844,1011,27,11328,2905,3059,8530,8838,2357,2721,9390,12,2219,2680,4594,25,104],"class_list":{"0":"post-168583","1":"post","2":"type-post","3":"status-publish","4":"format-standard","5":"has-post-thumbnail","7":"category-actualites","8":"tag-actualite","9":"tag-actualites","10":"tag-agen","11":"tag-aquitaine","12":"tag-bordeaux","13":"tag-canicule","14":"tag-dax","15":"tag-fr","16":"tag-france","17":"tag-gers","18":"tag-gironde","19":"tag-intemperies","20":"tag-landes","21":"tag-lot-et-garonne","22":"tag-meteo-france","23":"tag-midi-pyrenees","24":"tag-mont-de-marsan","25":"tag-news","26":"tag-nouvelle-aquitaine","27":"tag-occitanie","28":"tag-orages","29":"tag-republique-francaise","30":"tag-societe"},"share_on_mastodon":{"url":"https:\/\/pubeurope.com\/@fr\/114665545007793599","error":""},"_links":{"self":[{"href":"https:\/\/www.europesays.com\/fr\/wp-json\/wp\/v2\/posts\/168583","targetHints":{"allow":["GET"]}}],"collection":[{"href":"https:\/\/www.europesays.com\/fr\/wp-json\/wp\/v2\/posts"}],"about":[{"href":"https:\/\/www.europesays.com\/fr\/wp-json\/wp\/v2\/types\/post"}],"author":[{"embeddable":true,"href":"https:\/\/www.europesays.com\/fr\/wp-json\/wp\/v2\/users\/2"}],"replies":[{"embeddable":true,"href":"https:\/\/www.europesays.com\/fr\/wp-json\/wp\/v2\/comments?post=168583"}],"version-history":[{"count":0,"href":"https:\/\/www.europesays.com\/fr\/wp-json\/wp\/v2\/posts\/168583\/revisions"}],"wp:featuredmedia":[{"embeddable":true,"href":"https:\/\/www.europesays.com\/fr\/wp-json\/wp\/v2\/media\/168584"}],"wp:attachment":[{"href":"https:\/\/www.europesays.com\/fr\/wp-json\/wp\/v2\/media?parent=168583"}],"wp:term":[{"taxonomy":"category","embeddable":true,"href":"https:\/\/www.europesays.com\/fr\/wp-json\/wp\/v2\/categories?post=168583"},{"taxonomy":"post_tag","embeddable":true,"href":"https:\/\/www.europesays.com\/fr\/wp-json\/wp\/v2\/tags?post=168583"}],"curies":[{"name":"wp","href":"https:\/\/api.w.org\/{rel}","templated":true}]}}