{"id":168589,"date":"2025-06-11T15:57:09","date_gmt":"2025-06-11T15:57:09","guid":{"rendered":"https:\/\/www.europesays.com\/fr\/168589\/"},"modified":"2025-06-11T15:57:09","modified_gmt":"2025-06-11T15:57:09","slug":"ligue-des-nations-de-volley-a-quelle-heure-et-sur-quelle-chaine-regarder-argentine-france-lequipe","status":"publish","type":"post","link":"https:\/\/www.europesays.com\/fr\/168589\/","title":{"rendered":"Ligue des nations de volley : \u00e0 quelle heure et sur quelle cha\u00eene regarder Argentine-France ? &#8211; L&#039;\u00c9quipe"},"content":{"rendered":"<ol>\n<li><a href=\"https:\/\/news.google.com\/rss\/articles\/CBMi2wFBVV95cUxPRmtTSUNmWHZPZkZxZTJMU0lFRkVQVC01VEJkNUEzMmtGQjZSX2phdTRKUUlzam1qbUJubWlLekQwX09Mb240RlJ1Mm5TUnd5T182T0hodFBsdXExdWJXZFluamhvM0xUM0NlcGE0Y0lfMURFM293S3JiR1h1WVlWa1VWNTVfTUlMRTZOOVRzdmVneW0wcEJZY1lleXhXdV8wbUZXV21aZHBsQjl5OXZmUURVR3VqQUYtRnlkSjd2OVdfUEhNaU8yTnd5MkdxeGFPWDJsNjZGWEZ0cUk?oc=5\" target=\"_blank\" rel=\"nofollow noopener\">Ligue des nations de volley : \u00e0 quelle heure et sur quelle cha\u00eene regarder Argentine-France ?<\/a>&nbsp;&nbsp;L&rsquo;\u00c9quipe<\/li>\n<li><a href=\"https:\/\/news.google.com\/rss\/articles\/CBMixAFBVV95cUxQRm9ON2xjZTJ1cmMwOGN3TjRqdzlIWGdkdkVwUnFMSmw1OF9HTXhDcUdnUDN1VnlWWVRrYVFGNm9uMWE5YkU0S2VrWmdkM1ZrdHZpd3pSOXExSmtFMUdNMDc5R3lTQnE1dGF3TkxrdmVrU1JIdGFsMTU1OW9KWjQyalhZZ0JaYUQwZDNPakJzVmozWDdWeXQ4c0RfSkQ2bjlXXzFHazZoaU5kWjVKc3pDZEhrOHRLeDJ0eTBROUYxNFppZm030gHDAUFVX3lxTE9GOGZlVGFtQTNrd0hfRzZsSXFVMTN3cXA3Rm9RRUdwemMxQ2F2eHpEYzRKcUVMeGUxVnJkLXRkb1o1akZUdXEwYnBQYTJuMFRFamljZDMwMUNOWmdUSGxpdnF6c0hKWWZYaVdXdTQ0OC1Gd3lSdGx5N3VGVUQ3Tjk3a3pIV2RJUUQyVGJfS1ViT2szc1pPWEJrc19aQjdSOHFLdTFhX1k4YlpTcWlsVTRIUEJlUGpEbERRQ2JaSFIxUXNOZw?oc=5\" target=\"_blank\" rel=\"nofollow noopener\">Ligue des nations (H) : La France d\u00e9bute avec un groupe rajeuni<\/a>&nbsp;&nbsp;Orange Actualit\u00e9s | Sports<\/li>\n<li><a href=\"https:\/\/news.google.com\/rss\/articles\/CBMiwwFBVV95cUxQNW9Nd2pfQTctd3RzWFBJMm1kZ1lteHc5Y1pGalIweUNRNjJfbkw1c3RSYWlNUGVqaVM3LUljelZsbU9SYm1yTlRSWTFFX1ZlZUFycGVnUFkzX0JjeEUxelNJZkJteTZ2Z2hIRjRHV3hvNzBrRWpCZDRtOWdDVTdJbFYwVzJ6RGlXNlE5WFZqeVRZSG5rbGsxdVFkQ3NUVzJ1T0ZqRVdyRlUyaWwyU1RZRUxKQ1gwOGxQS19oR3ZTWElMV1k?oc=5\" target=\"_blank\" rel=\"nofollow noopener\">Volley-ball. Les Bleus rajeunis entament contre l&rsquo;Argentine leur marathon en Ligue des nations<\/a>&nbsp;&nbsp;Le Dauphin\u00e9 Lib\u00e9r\u00e9<\/li>\n<li><a href=\"https:\/\/news.google.com\/rss\/articles\/CBMihAJBVV95cUxPMGtjS3NWNlQ1bGN1N0ZuN0J5c3dkS1JTWmFXSHF6emZLeFByaE9lZl8xSTdXU01kYWZ5WTJ6bjFTMDFXSHhIYTJDSWtVTHdBSkZrX2hDTWRPU0FRVjFZcW83XzE3VGlyd25zRmExbmpTOFN0VHduU2Vwa0VtdXVOd2xGQVcwWTFZWWZ4ak4wNVFBOTR6UmJmZTA3cXBxM294WTFaMGRoRkdUbzdnSU91ekNWTWd2SE5rb015MDhidGNBeXZxT1RvSlZQY29oQXZiMXdZYmhLLXFaYy11Q21qLWZOdlMtdEFwYWJIek5QUnVFcU4xbExYS0kzckJpamQ5T0FxXw?oc=5\" target=\"_blank\" rel=\"nofollow noopener\">Volley. \u00ab Toutes les \u00e9quipes veulent nous battre \u00bb : apr\u00e8s les JO, la France cibl\u00e9e en Ligue des nations<\/a>&nbsp;&nbsp;Ouest-France<\/li>\n<li><a href=\"https:\/\/news.google.com\/rss\/articles\/CBMi5wFBVV95cUxPNlBwZXRFakh2OHZHMC16b2I4Mnpuc2dITWwxWUtnZ0ZsU0xvbHdtcGFUSE43Njl2VnVLaUVVbTNnMWwxZ1VFM0lsd1dQMGZtWHpJcWdkU01ER2RLZXd6VXdRMlUzeHJRbTFnbjFySTFnNC1tV0hiZTg3cDJ1Y25xU3ZvOFBEU1l3NGV0M3dzcnNIbU5qR2VTZDdUeXZGQUJOU1owdnVhd0Qwb25lWE9JLUh1YmlSYXVXVGRFQ1IzSXJtQjBNd2t6dHFER0tXNFlPQkFubnYzUHVCQVNrREpmUlM1MTBMSVk?oc=5\" target=\"_blank\" rel=\"nofollow noopener\">Volley-ball. La rel\u00e8ve de l\u2019\u00e9quipe de France se frotte \u00e0 la Ligue des Nations, \u00e0 partir de mercredi<\/a>&nbsp;&nbsp;Sud Ouest<\/li>\n<\/ol>\n","protected":false},"excerpt":{"rendered":"Ligue des nations de volley : \u00e0 quelle heure et sur quelle cha\u00eene regarder Argentine-France ?&nbsp;&nbsp;L&rsquo;\u00c9quipe Ligue des&hellip;\n","protected":false},"author":2,"featured_media":168590,"comment_status":"","ping_status":"","sticky":false,"template":"","format":"standard","meta":{"footnotes":""},"categories":[1417],"tags":[1011,27,60,1470,1469],"class_list":{"0":"post-168589","1":"post","2":"type-post","3":"status-publish","4":"format-standard","5":"has-post-thumbnail","7":"category-volley","8":"tag-fr","9":"tag-france","10":"tag-sports","11":"tag-volley","12":"tag-volleyball"},"share_on_mastodon":{"url":"https:\/\/pubeurope.com\/@fr\/114665556809109081","error":""},"_links":{"self":[{"href":"https:\/\/www.europesays.com\/fr\/wp-json\/wp\/v2\/posts\/168589","targetHints":{"allow":["GET"]}}],"collection":[{"href":"https:\/\/www.europesays.com\/fr\/wp-json\/wp\/v2\/posts"}],"about":[{"href":"https:\/\/www.europesays.com\/fr\/wp-json\/wp\/v2\/types\/post"}],"author":[{"embeddable":true,"href":"https:\/\/www.europesays.com\/fr\/wp-json\/wp\/v2\/users\/2"}],"replies":[{"embeddable":true,"href":"https:\/\/www.europesays.com\/fr\/wp-json\/wp\/v2\/comments?post=168589"}],"version-history":[{"count":0,"href":"https:\/\/www.europesays.com\/fr\/wp-json\/wp\/v2\/posts\/168589\/revisions"}],"wp:featuredmedia":[{"embeddable":true,"href":"https:\/\/www.europesays.com\/fr\/wp-json\/wp\/v2\/media\/168590"}],"wp:attachment":[{"href":"https:\/\/www.europesays.com\/fr\/wp-json\/wp\/v2\/media?parent=168589"}],"wp:term":[{"taxonomy":"category","embeddable":true,"href":"https:\/\/www.europesays.com\/fr\/wp-json\/wp\/v2\/categories?post=168589"},{"taxonomy":"post_tag","embeddable":true,"href":"https:\/\/www.europesays.com\/fr\/wp-json\/wp\/v2\/tags?post=168589"}],"curies":[{"name":"wp","href":"https:\/\/api.w.org\/{rel}","templated":true}]}}