{"id":168595,"date":"2025-06-11T16:01:09","date_gmt":"2025-06-11T16:01:09","guid":{"rendered":"https:\/\/www.europesays.com\/fr\/168595\/"},"modified":"2025-06-11T16:01:09","modified_gmt":"2025-06-11T16:01:09","slug":"le-motogp-attire-de-moins-en-moins-de-monde-en-espagne","status":"publish","type":"post","link":"https:\/\/www.europesays.com\/fr\/168595\/","title":{"rendered":"le MotoGP attire de moins en moins de monde en Espagne"},"content":{"rendered":"<p>Le Grand Prix moto d&rsquo;Aragon devait servir de r\u00e9f\u00e9rence pour mesurer l&rsquo;int\u00e9r\u00eat suscit\u00e9 par le MotoGP en Espagne, mais les r\u00e9sultats n&rsquo;ont pas \u00e9t\u00e9 tr\u00e8s encourageants. La diffusion en clair a une fois de plus attir\u00e9 moins de t\u00e9l\u00e9spectateurs que la pr\u00e9c\u00e9dente. M\u00eame la victoire de Marc M\u00e1rquez, \u00e0 domicile, n&rsquo;a pas suscit\u00e9 l&rsquo;int\u00e9r\u00eat du public.<\/p>\n<p>Selon les donn\u00e9es du m\u00e9dia espagnol El Se\u00f1or de los Medios, chaque Grand Prix MotoGP diffus\u00e9 en clair par la cha\u00eene LaSexta a attir\u00e9 moins de t\u00e9l\u00e9spectateurs que le pr\u00e9c\u00e9dent. <strong>Le Grand Prix d&rsquo;Aragon a failli passer sous la barre du million de t\u00e9l\u00e9spectateurs pour la premi\u00e8re fois, et la comparaison avec <a title=\"la Formule 1\" href=\"https:\/\/www.automobile-magazine.fr\/formule-1\/article\/48303-la-f1-a-un-probleme-max-verstappen-le-vainqueur-des-quatre-derniers-championnats-du-monde-est-sur-le-point-de-perdre-tous-ses-points-de-licence\" rel=\"nofollow noopener\" target=\"_blank\">la Formule 1<\/a> est encore plus choquante<\/strong>.<\/p>\n<p>La F1 a eu 59% de t\u00e9l\u00e9spectateurs de plus que le MotoGP<\/p>\n<p>1 050 000 de t\u00e9l\u00e9spectateurs. C&rsquo;est le nombre de personnes que LaSexta a pu rassembler pour suivre le Grand Prix MotoGP d&rsquo;Aragon dimanche dernier. Autrement dit, le MotoGP a fr\u00f4l\u00e9 le seuil du million, un \u00e9v\u00e9nement in\u00e9dit depuis la pand\u00e9mie, au moment aussi o\u00f9 Marc M\u00e1rquez se retirait du paddock pour soigner ses lourdes blessures.<\/p>\n<p>Mais le plus inqui\u00e9tant reste la tendance. Sur les cinq Grands Prix diffus\u00e9s par LaSexta sur les cha\u00eenes gratuites, l&rsquo;audience est en baisse. La cha\u00eene Atresmedia a d\u00e9marr\u00e9 avec 1,6 million de t\u00e9l\u00e9spectateurs pour Jerez 2024, pour tomber \u00e0 1,3 million pour Catalogne 2024, un chiffre qu&rsquo;elle a r\u00e9p\u00e9t\u00e9 pour le Grand Prix de la Solidarit\u00e9, avec le titre en jeu, finalement remport\u00e9 par Jorge Mart\u00edn.<\/p>\n<p>2024<\/p>\n<ul>\n<li>SpanishGP: 1.6M (19.4%)<\/li>\n<li>CatalanGP: 1.3M (17.1%)<\/li>\n<li>SolidarityGP: 1.3M (17.4%)<\/li>\n<\/ul>\n<p>2025<\/p>\n<ul>\n<li>SpanishGP: 1.2M (16.4%)<\/li>\n<li>AragonGP: 1.0M (14.5%)<\/li>\n<\/ul>\n<p>En 2025, il \u00e9tait probable qu&rsquo;une nouvelle victoire de Marc M\u00e1rquez entra\u00eenerait une hausse des audiences, mais rien n&rsquo;est plus faux. \u00c0 Jerez, le chiffre a continu\u00e9 de chuter \u00e0 1,2 million de t\u00e9l\u00e9spectateurs et \u00e0 MotorLand, il est rest\u00e9 exactement \u00e0 1 million. Le prochain \u00e9v\u00e9nement en clair aura lieu \u00e0 Valence, en novembre, probablement apr\u00e8s la victoire du titre.Si l&rsquo;on ajoute les t\u00e9l\u00e9spectateurs de DAZN ou d&rsquo;Arag\u00f3n TV, le chiffre n&rsquo;est pas non plus impressionnant.<strong> Il atteint 1,2 million, mais reste inf\u00e9rieur aux pr\u00e8s de 1,4 million de t\u00e9l\u00e9spectateurs du Grand Prix d&rsquo;Espagne \u00e0 Jerez. Une baisse de 14 % en seulement un mois et demi<\/strong>. Et avec la victoire de Marc M\u00e1rquez \u00e0 Arag\u00f3n.<\/p>\n<p>L&rsquo;aspect le plus frappant est la comparaison avec la Formule 1. Le week-end dernier, Telecinco a \u00e9galement diffus\u00e9 le Grand Prix d&rsquo;Espagne de Formule 1 en clair, et le score entre la cha\u00eene Mediaset et DAZN s&rsquo;est \u00e9lev\u00e9 \u00e0 2,2 millions de t\u00e9l\u00e9spectateurs. Un million de plus, soit une avance de 59 % pour la Formule 1 sur le MotoGP, \u00e0 une semaine d&rsquo;intervalle seulement. Si l&rsquo;on ajoute la tr\u00e8s faible affluence physique au Grand Prix d&rsquo;Aragon, avec un peu plus de 50 000 personnes le dimanche de course , il semble que le MotoGP ait un probl\u00e8me de succ\u00e8s en Espagne.<\/p>\n<p>  Publi\u00e9 le  11\/06\/2025 \u00e0 17:52  <\/p>\n","protected":false},"excerpt":{"rendered":"Le Grand Prix moto d&rsquo;Aragon devait servir de r\u00e9f\u00e9rence pour mesurer l&rsquo;int\u00e9r\u00eat suscit\u00e9 par le MotoGP en Espagne,&hellip;\n","protected":false},"author":2,"featured_media":168596,"comment_status":"","ping_status":"","sticky":false,"template":"","format":"standard","meta":{"footnotes":""},"categories":[1413],"tags":[1011,27,1457,1456,1458,60],"class_list":{"0":"post-168595","1":"post","2":"type-post","3":"status-publish","4":"format-standard","5":"has-post-thumbnail","7":"category-moto","8":"tag-fr","9":"tag-france","10":"tag-moto","11":"tag-motocycle","12":"tag-motogp","13":"tag-sports"},"share_on_mastodon":{"url":"https:\/\/pubeurope.com\/@fr\/114665572498338950","error":""},"_links":{"self":[{"href":"https:\/\/www.europesays.com\/fr\/wp-json\/wp\/v2\/posts\/168595","targetHints":{"allow":["GET"]}}],"collection":[{"href":"https:\/\/www.europesays.com\/fr\/wp-json\/wp\/v2\/posts"}],"about":[{"href":"https:\/\/www.europesays.com\/fr\/wp-json\/wp\/v2\/types\/post"}],"author":[{"embeddable":true,"href":"https:\/\/www.europesays.com\/fr\/wp-json\/wp\/v2\/users\/2"}],"replies":[{"embeddable":true,"href":"https:\/\/www.europesays.com\/fr\/wp-json\/wp\/v2\/comments?post=168595"}],"version-history":[{"count":0,"href":"https:\/\/www.europesays.com\/fr\/wp-json\/wp\/v2\/posts\/168595\/revisions"}],"wp:featuredmedia":[{"embeddable":true,"href":"https:\/\/www.europesays.com\/fr\/wp-json\/wp\/v2\/media\/168596"}],"wp:attachment":[{"href":"https:\/\/www.europesays.com\/fr\/wp-json\/wp\/v2\/media?parent=168595"}],"wp:term":[{"taxonomy":"category","embeddable":true,"href":"https:\/\/www.europesays.com\/fr\/wp-json\/wp\/v2\/categories?post=168595"},{"taxonomy":"post_tag","embeddable":true,"href":"https:\/\/www.europesays.com\/fr\/wp-json\/wp\/v2\/tags?post=168595"}],"curies":[{"name":"wp","href":"https:\/\/api.w.org\/{rel}","templated":true}]}}