{"id":168603,"date":"2025-06-11T16:05:08","date_gmt":"2025-06-11T16:05:08","guid":{"rendered":"https:\/\/www.europesays.com\/fr\/168603\/"},"modified":"2025-06-11T16:05:08","modified_gmt":"2025-06-11T16:05:08","slug":"daniele-evenou-rien-conserve-de-elle-leve-le-voile-sur-le-montant-de-sa-retraite-depuis-la-mort-de-son-mari","status":"publish","type":"post","link":"https:\/\/www.europesays.com\/fr\/168603\/","title":{"rendered":"Dani\u00e8le Evenou : \u00ab\u00a0Rien conserv\u00e9 de&#8230;\u00a0\u00bb, elle l\u00e8ve le voile sur le montant de sa retraite depuis la mort de son mari"},"content":{"rendered":"<p data-start=\"329\" data-end=\"772\">Leur histoire d\u00a0\u00bbamour aurait<br \/>\ndur\u00e9 28 ans. Et c&rsquo;est la mort qui les a s\u00e9par\u00e9s. En 2011, <a href=\"https:\/\/www.closermag.fr\/people\/des-lavages-de-cerveau-daniele-evenou-internee-en-hp-elle-se-confie-sur-ses-terribles-crises-3521890\" rel=\"nofollow noopener\" target=\"_blank\"><br \/>\nDani\u00e8le Evenou<\/a> a perdu son mari. \u00c0 82 ans, <a href=\"https:\/\/www.closermag.fr\/people\/ca-pendouille-daniele-evenou-cash-sur-son-veuvage-son-celibat-non-choisi-et-sa-vieillesse-1703702#item=1\" rel=\"nofollow noopener\" target=\"_blank\"><br \/>\nGeorge Fillioud est d\u00e9c\u00e9d\u00e9<\/a> apr\u00e8s une riche carri\u00e8re de<br \/>\njournaliste puis d&rsquo;homme politique. \u00ab\u00a0On s&rsquo;est rencontr\u00e9s en<br \/>\n1983 et \u00e7a a \u00e9t\u00e9 le coup de foudre. M\u00eame si nous formions un couple<br \/>\nimprobable parce qu&rsquo;<strong>un ministre avec une<br \/>\ncom\u00e9dienne,<\/strong> cela pr\u00eatait \u00e0 sourire\u00a0\u00bb, confie l&rsquo;actrice<br \/>\ndans Les Veill\u00e9es des<br \/>\nChaumi\u00e8res.<\/p>\n<p data-start=\"774\" data-end=\"1200\">\u00ab\u00a0Nous nous sommes follement<br \/>\naim\u00e9s pendant 28 ans. Je souhaite \u00e0 tout le monde de vivre un grand<br \/>\namour comme celui que j&rsquo;ai v\u00e9cu avec mon George\u00a0\u00bb,<br \/>\najoute-t-elle, encore tr\u00e8s \u00e9mue. D\u00e9vast\u00e9e par la mort de son mari,<br \/>\n<strong>Dani\u00e8le Evenou en est devenue<\/strong><br \/>\n<strong>\u00ab\u00a0muette\u00a0\u00bb<\/strong>. Et financi\u00e8rement, elle est<br \/>\nquasiment \u00e0 sec. \u00ab\u00a0Ma retraite de com\u00e9dienne ne permettant pas<br \/>\nde faire des folies, je suis oblig\u00e9e de travailler\u00a0\u00bb, reconna\u00eet<br \/>\nl&rsquo;actrice de 82 ans.<\/p>\n<p>\u00ab\u00a0Une petite pension de<br \/>\nr\u00e9version mais&#8230;\u00a0\u00bb<\/p>\n<p data-start=\"1202\" data-end=\"1651\">\u00ab\u00a0Car contrairement \u00e0 la<br \/>\nl\u00e9gende, la <a href=\"https:\/\/www.telestar.fr\/people\/retraite-combien-touche-daniele-evenou-1712728\" rel=\"nofollow noopener\" target=\"_blank\"><br \/>\nretraite de ministre<\/a> n&rsquo;a jamais exist\u00e9. Seuls les Premiers<br \/>\nministres b\u00e9n\u00e9ficient \u00e0 vie d&rsquo;une voiture avec chauffeur et d&rsquo;une<br \/>\nsecr\u00e9taire, a-t-elle pest\u00e9. Mon mari \u00e9tait d\u00e9put\u00e9 puis<br \/>\nministre de la Communication sous Fran\u00e7ois Mitterrand. Je touche<br \/>\nune petite pension de r\u00e9version mais c&rsquo;est tout.<br \/>\n<strong>Financi\u00e8rement, je n&rsquo;ai rien conserv\u00e9 de lui<\/strong>,<br \/>\nhormis de merveilleux souvenirs d&rsquo;amour.\u00a0\u00bb Et c&rsquo;est bien l\u00e0<br \/>\nl&rsquo;essentiel.<\/p>\n<p data-start=\"1653\" data-end=\"2096\">Sur le plateau de Jordan de<br \/>\nLuxe, Dani\u00e8le Evenou r\u00e9v\u00e9lait les sommes exactes qu&rsquo;elle touchait<br \/>\npar mois. \u00ab\u00a0C&rsquo;est affreux ! Alors je peux vous dire que la<br \/>\nretraite de ministre n&rsquo;a jamais exist\u00e9. J&rsquo;ai une toute petite<br \/>\nretraite de r\u00e9version parce que mon mari a \u00e9t\u00e9 d\u00e9put\u00e9. C&rsquo;est<br \/>\ntout, disait-elle. J&rsquo;ai 2.800 euros nets et je crois que<br \/>\nje dois d\u00e9j\u00e0 \u00eatre tr\u00e8s contente. Mais faut pas faire de<br \/>\nfolie.\u00a0\u00bb Elle est donc toujours oblig\u00e9e de travailler.<\/p>\n<p>Dani\u00e8le Evenou : o\u00f9 vit-elle ?<\/p>\n<p data-start=\"2098\" data-end=\"2546\">Et \u00e0 82 ans, Dani\u00e8le Evenou ne<br \/>\ncherche pas l&rsquo;homme de ses vieux jours \u00e0 tout prix. Mais elle n&rsquo;est<br \/>\npas non plus oppos\u00e9e au fait de vieillir avec quelqu&rsquo;un. \u00ab\u00a0Si la<br \/>\nvie m&rsquo;am\u00e8ne \u00e0 rencontrer un homme, il faudra qu&rsquo;il accepte que je<br \/>\nlui parle beaucoup de George. <strong>Il est et restera l&rsquo;amour de<br \/>\nma vie<\/strong>\u00ab\u00a0, pr\u00e9vient-elle dans Les Veill\u00e9es des Chaumi\u00e8res. Apr\u00e8s la mort de<br \/>\nson mari d&rsquo;ailleurs, elle avait trouv\u00e9 chaussure \u00e0 son pied avec<br \/>\n<a href=\"https:\/\/www.closermag.fr\/people\/daniele-evenou-de-quoi-est-mort-son-compagnon-jean-pierre-baiesi-1348952#item=1\" rel=\"nofollow noopener\" target=\"_blank\"><br \/>\nJean-Pierre Baiesi<\/a>.<\/p>\n<p data-start=\"2548\" data-end=\"3007\">\u00ab\u00a0Je peux dire qu&rsquo;il m&rsquo;a<br \/>\nsauv\u00e9e du d\u00e9sespoir. Quand George est mort, j&rsquo;avais envie de<br \/>\nmourir. Jean-Pierre m&rsquo;a redonn\u00e9 foi en la vie et l&rsquo;espoir en un<br \/>\npossible avenir\u00a0\u00bb, confiait-elle \u00e0 l&rsquo;\u00e9poque \u00e0 France Dimanche. Mais le 31 octobre<br \/>\n2018, le compagnon de Dani\u00e8le Evenou est mort \u00e0 seulement 59 ans.<br \/>\nDepuis, la com\u00e9dienne vit seule dans le Vaucluse. Elle a d&rsquo;ailleurs<br \/>\npr\u00e9vu de d\u00e9m\u00e9nager \u00e0 Paris \u00ab\u00a0dans un appartement\u00a0\u00bb o\u00f9 la solitude ne<br \/>\nlui p\u00e8sera pas trop lourd.<\/p>\n","protected":false},"excerpt":{"rendered":"Leur histoire d\u00a0\u00bbamour aurait dur\u00e9 28 ans. Et c&rsquo;est la mort qui les a s\u00e9par\u00e9s. En 2011, Dani\u00e8le&hellip;\n","protected":false},"author":2,"featured_media":168604,"comment_status":"","ping_status":"","sticky":false,"template":"","format":"standard","meta":{"footnotes":""},"categories":[1359],"tags":[548,30186,58,59,1011,27,973],"class_list":{"0":"post-168603","1":"post","2":"type-post","3":"status-publish","4":"format-standard","5":"has-post-thumbnail","7":"category-people","8":"tag-article-simple","9":"tag-daniele-evenou","10":"tag-divertissement","11":"tag-entertainment","12":"tag-fr","13":"tag-france","14":"tag-people"},"share_on_mastodon":{"url":"https:\/\/pubeurope.com\/@fr\/114665588213162554","error":""},"_links":{"self":[{"href":"https:\/\/www.europesays.com\/fr\/wp-json\/wp\/v2\/posts\/168603","targetHints":{"allow":["GET"]}}],"collection":[{"href":"https:\/\/www.europesays.com\/fr\/wp-json\/wp\/v2\/posts"}],"about":[{"href":"https:\/\/www.europesays.com\/fr\/wp-json\/wp\/v2\/types\/post"}],"author":[{"embeddable":true,"href":"https:\/\/www.europesays.com\/fr\/wp-json\/wp\/v2\/users\/2"}],"replies":[{"embeddable":true,"href":"https:\/\/www.europesays.com\/fr\/wp-json\/wp\/v2\/comments?post=168603"}],"version-history":[{"count":0,"href":"https:\/\/www.europesays.com\/fr\/wp-json\/wp\/v2\/posts\/168603\/revisions"}],"wp:featuredmedia":[{"embeddable":true,"href":"https:\/\/www.europesays.com\/fr\/wp-json\/wp\/v2\/media\/168604"}],"wp:attachment":[{"href":"https:\/\/www.europesays.com\/fr\/wp-json\/wp\/v2\/media?parent=168603"}],"wp:term":[{"taxonomy":"category","embeddable":true,"href":"https:\/\/www.europesays.com\/fr\/wp-json\/wp\/v2\/categories?post=168603"},{"taxonomy":"post_tag","embeddable":true,"href":"https:\/\/www.europesays.com\/fr\/wp-json\/wp\/v2\/tags?post=168603"}],"curies":[{"name":"wp","href":"https:\/\/api.w.org\/{rel}","templated":true}]}}