{"id":168605,"date":"2025-06-11T16:06:09","date_gmt":"2025-06-11T16:06:09","guid":{"rendered":"https:\/\/www.europesays.com\/fr\/168605\/"},"modified":"2025-06-11T16:06:09","modified_gmt":"2025-06-11T16:06:09","slug":"en-belgique-une-maison-minimaliste-transformee-en-cabinet-de-curiosites","status":"publish","type":"post","link":"https:\/\/www.europesays.com\/fr\/168605\/","title":{"rendered":"En Belgique, une maison minimaliste transform\u00e9e en cabinet de curiosit\u00e9s"},"content":{"rendered":"<p>Form\u00e9 au contact de grandes figures internationales \u2014 Claudio Silvestri, Vincent Van Der Zon, puis cinq ann\u00e9es aux c\u00f4t\u00e9s d\u2019<a href=\"https:\/\/www.admagazine.fr\/decoration\/visite-deco\/diaporama\/terre-de-soleil\/60540\" rel=\"nofollow noopener\" target=\"_blank\">Axel Vervoordt<\/a> \u2014 Charles Van Canneyt a parcouru le monde de Londres \u00e0 Tokyo, d\u2019Ibiza \u00e0 Punta Cana. Ce parcours, riche de confrontations culturelles et stylistiques, l\u2019a dot\u00e9 d\u2019une grande agilit\u00e9 conceptuelle et d\u2019un \u0153il aiguis\u00e9 sur les mat\u00e9riaux, les volumes et les usages. Aujourd\u2019hui \u00e0 la t\u00eate de son propre studio, l\u2019architecte belge d\u00e9veloppe une \u00e9criture personnelle, subtile et po\u00e9tique. Ce projet, situ\u00e9 dans la campagne autour de <a href=\"https:\/\/www.admagazine.fr\/architecture\/portfolio\/diaporama\/le-journal-architectural-de-glenn-sestig\/61193\" rel=\"nofollow noopener\" target=\"_blank\">Gand<\/a>, incarne \u00e0 merveille sa d\u00e9marche. Il s\u2019agit de la r\u00e9novation d\u2019une maison du d\u00e9but du XXe si\u00e8cle, nich\u00e9e dans un paysage bucolique, entre champs et cours d\u2019eau ayant autrefois inspir\u00e9 les peintres flamands. L\u2019intervention ne cherche pas la rupture, mais la continuit\u00e9. Le lieu est respect\u00e9, r\u00e9v\u00e9l\u00e9, magnifi\u00e9.<\/p>\n<p>Dans la salle \u00e0 manger, une table ronde Jules Wabbes pour Mobilier Universel (ann\u00e9es 1960). Une chaise Axel Einar Hjorth Lov\u00f6 Low, ca. 1930 et une paire de chaises Axel Vervoordt Artwork (gauche). Au fond, une toile de Joos De Momper (d\u00e9but du 17e si\u00e8cle) et sur le c\u00f4t\u00e9, l\u2019\u0153uvre contemporaine de Sidival Fila, positionn\u00e9e face aux fen\u00eatres, capte et refl\u00e8te la lumi\u00e8re dans l\u2019espace.<\/p>\n<p>\u00a9 Piet-Albert Goethals<\/p>\n<p>Au rez-de-chauss\u00e9e, le <a href=\"https:\/\/www.admagazine.fr\/decoration\/shopping-deco\/diaporama\/les-nouvelles-tendances-du-parquet\/61507\" rel=\"nofollow noopener\" target=\"_blank\">parquet d\u2019origine<\/a>, us\u00e9 avec gr\u00e2ce par le temps, a \u00e9t\u00e9 conserv\u00e9. Rien n\u2019est forc\u00e9. La coh\u00e9rence de l\u2019ensemble repose sur un savant travail de textures et de teintes. Van Canneyt puise dans une palette inspir\u00e9e de l\u2019environnement et de l\u2019art, qu\u2019il ma\u00eetrise avec finesse. Les murs \u00e0 la chaux, les bois laiss\u00e9s bruts, les couleurs sourdes ou profondes \u2014 comme ce bleu tir\u00e9 de la toile flamande de Joos De Momper \u2014 donnent \u00e0 chaque pi\u00e8ce une identit\u00e9 sans jamais rompre l\u2019unit\u00e9 du lieu. Le <a href=\"https:\/\/www.admagazine.fr\/adinspiration\/article\/appartement-marseillais-emmanuelle-luciani\" rel=\"nofollow noopener\" target=\"_blank\">cabinet de curiosit\u00e9s<\/a>, assembl\u00e9 par Charles Van Canneyt, est le point de fuite du salon. Une ode aux kunstkammer, qui \u00e9voque dans l&rsquo;imaginaire l&rsquo;\u00e9poque des grandes explorations, des premiers voyages, et de l&rsquo;id\u00e9al humaniste.<\/p>\n<p>Le cabinet de curiosit\u00e9s, assembl\u00e9 par Charles Van Canneyt, pi\u00e8ce maitresse de la maison, accompagn\u00e9e de deux dents de narval.<\/p>\n<p>\u00a9 Piet-Albert Goethals<\/p>\n","protected":false},"excerpt":{"rendered":"Form\u00e9 au contact de grandes figures internationales \u2014 Claudio Silvestri, Vincent Van Der Zon, puis cinq ann\u00e9es aux&hellip;\n","protected":false},"author":2,"featured_media":168606,"comment_status":"","ping_status":"","sticky":false,"template":"","format":"standard","meta":{"footnotes":""},"categories":[1358],"tags":[1348,1384,1385,828,1386,58,59,1011,27,716],"class_list":{"0":"post-168605","1":"post","2":"type-post","3":"status-publish","4":"format-standard","5":"has-post-thumbnail","7":"category-arts-et-design","8":"tag-arts","9":"tag-arts-and-design","10":"tag-arts-et-design","11":"tag-belgique","12":"tag-design","13":"tag-divertissement","14":"tag-entertainment","15":"tag-fr","16":"tag-france","17":"tag-renovation"},"share_on_mastodon":{"url":"https:\/\/pubeurope.com\/@fr\/114665592169928467","error":""},"_links":{"self":[{"href":"https:\/\/www.europesays.com\/fr\/wp-json\/wp\/v2\/posts\/168605","targetHints":{"allow":["GET"]}}],"collection":[{"href":"https:\/\/www.europesays.com\/fr\/wp-json\/wp\/v2\/posts"}],"about":[{"href":"https:\/\/www.europesays.com\/fr\/wp-json\/wp\/v2\/types\/post"}],"author":[{"embeddable":true,"href":"https:\/\/www.europesays.com\/fr\/wp-json\/wp\/v2\/users\/2"}],"replies":[{"embeddable":true,"href":"https:\/\/www.europesays.com\/fr\/wp-json\/wp\/v2\/comments?post=168605"}],"version-history":[{"count":0,"href":"https:\/\/www.europesays.com\/fr\/wp-json\/wp\/v2\/posts\/168605\/revisions"}],"wp:featuredmedia":[{"embeddable":true,"href":"https:\/\/www.europesays.com\/fr\/wp-json\/wp\/v2\/media\/168606"}],"wp:attachment":[{"href":"https:\/\/www.europesays.com\/fr\/wp-json\/wp\/v2\/media?parent=168605"}],"wp:term":[{"taxonomy":"category","embeddable":true,"href":"https:\/\/www.europesays.com\/fr\/wp-json\/wp\/v2\/categories?post=168605"},{"taxonomy":"post_tag","embeddable":true,"href":"https:\/\/www.europesays.com\/fr\/wp-json\/wp\/v2\/tags?post=168605"}],"curies":[{"name":"wp","href":"https:\/\/api.w.org\/{rel}","templated":true}]}}