{"id":168609,"date":"2025-06-11T16:08:18","date_gmt":"2025-06-11T16:08:18","guid":{"rendered":"https:\/\/www.europesays.com\/fr\/168609\/"},"modified":"2025-06-11T16:08:18","modified_gmt":"2025-06-11T16:08:18","slug":"dna-spoiler-camille-tourne-la-page","status":"publish","type":"post","link":"https:\/\/www.europesays.com\/fr\/168609\/","title":{"rendered":"DNA &#8211; [SPOILER] &#8211; Camille tourne la page"},"content":{"rendered":"<p id=\"descriptionPanel\" aria-labelledby=\"descriptionArrow\" aria-expanded=\"false\" class=\"mr-2 line-clamp-2 pr-2.5 text-secondary overflow-visible\">Camille Meffre conna\u00eet enfin toute la v\u00e9rit\u00e9 sur les manigances de son ex, Simon Leclercq. La jeune femme est tr\u00e8s remont\u00e9e contre lui. Si l&rsquo;avocat tente de justifier ses actions par son amour sinc\u00e8re envers Camille, cette derni\u00e8re ne veut pas entendre ses explications. Elle lui dit clairement que c&rsquo;est termin\u00e9. Il n&rsquo;y aura plus de retour en arri\u00e8re. Camille semble enfin pr\u00eate \u00e0 tourner la page de leur histoire. Spoiler de l&rsquo;\u00e9pisode 1966 de Demain nous appartient. Retrouvez \u00ab\u00a0Demain nous appartient\u00a0\u00bb, du lundi au vendredi \u00e0 19h10 sur TF1.<\/p>\n<p><a class=\"shrink-0\" href=\"https:\/\/www.tf1.fr\/tf1\/demain-nous-appartient\" target=\"_blank\" rel=\"noopener\"><img decoding=\"async\" src=\"https:\/\/www.europesays.com\/fr\/wp-content\/uploads\/2025\/06\/portraitcard-binome-1-ff81a6-22ee9d-0@1x.jpg\" width=\"138\" height=\"184\" alt=\"\" loading=\"eager\" fetchpriority=\"auto\" class=\"aspect-[3\/4] h-24 w-auto rounded-3px\" aria-hidden=\"true\"\/><\/a><\/p>\n","protected":false},"excerpt":{"rendered":"Camille Meffre conna\u00eet enfin toute la v\u00e9rit\u00e9 sur les manigances de son ex, Simon Leclercq. La jeune femme&hellip;\n","protected":false},"author":2,"featured_media":168610,"comment_status":"","ping_status":"","sticky":false,"template":"","format":"standard","meta":{"footnotes":""},"categories":[1356],"tags":[3598,4648,58,59,3483,4647,1011,27,4092,252,1364,4091,4093],"class_list":{"0":"post-168609","1":"post","2":"type-post","3":"status-publish","4":"format-standard","5":"has-post-thumbnail","7":"category-television","8":"tag-demain-nous-appartient","9":"tag-demain-nous-appartient-extrait","10":"tag-divertissement","11":"tag-entertainment","12":"tag-extrait","13":"tag-extrait-demain-nous-appartient","14":"tag-fr","15":"tag-france","16":"tag-streaming-demain-nous-appartient","17":"tag-television","18":"tag-tv","19":"tag-video-demain-nous-appartient","20":"tag-video-en-streaming-demain-nous-appartient"},"share_on_mastodon":{"url":"https:\/\/pubeurope.com\/@fr\/114665600025033028","error":""},"_links":{"self":[{"href":"https:\/\/www.europesays.com\/fr\/wp-json\/wp\/v2\/posts\/168609","targetHints":{"allow":["GET"]}}],"collection":[{"href":"https:\/\/www.europesays.com\/fr\/wp-json\/wp\/v2\/posts"}],"about":[{"href":"https:\/\/www.europesays.com\/fr\/wp-json\/wp\/v2\/types\/post"}],"author":[{"embeddable":true,"href":"https:\/\/www.europesays.com\/fr\/wp-json\/wp\/v2\/users\/2"}],"replies":[{"embeddable":true,"href":"https:\/\/www.europesays.com\/fr\/wp-json\/wp\/v2\/comments?post=168609"}],"version-history":[{"count":0,"href":"https:\/\/www.europesays.com\/fr\/wp-json\/wp\/v2\/posts\/168609\/revisions"}],"wp:featuredmedia":[{"embeddable":true,"href":"https:\/\/www.europesays.com\/fr\/wp-json\/wp\/v2\/media\/168610"}],"wp:attachment":[{"href":"https:\/\/www.europesays.com\/fr\/wp-json\/wp\/v2\/media?parent=168609"}],"wp:term":[{"taxonomy":"category","embeddable":true,"href":"https:\/\/www.europesays.com\/fr\/wp-json\/wp\/v2\/categories?post=168609"},{"taxonomy":"post_tag","embeddable":true,"href":"https:\/\/www.europesays.com\/fr\/wp-json\/wp\/v2\/tags?post=168609"}],"curies":[{"name":"wp","href":"https:\/\/api.w.org\/{rel}","templated":true}]}}