{"id":16861,"date":"2025-04-11T08:45:08","date_gmt":"2025-04-11T08:45:08","guid":{"rendered":"https:\/\/www.europesays.com\/fr\/16861\/"},"modified":"2025-04-11T08:45:08","modified_gmt":"2025-04-11T08:45:08","slug":"le-prince-harry-sest-rendu-discretement-sur-place-au-chevet-de-soldats-blesses","status":"publish","type":"post","link":"https:\/\/www.europesays.com\/fr\/16861\/","title":{"rendered":"Le prince Harry s\u2019est rendu discr\u00e8tement sur place, au chevet de soldats bless\u00e9s\u2026"},"content":{"rendered":"<p>Le prince Harry s\u2019est discr\u00e8tement rendu en Ukraine cette semaine, devenant le deuxi\u00e8me membre de la famille royale britannique \u00e0 se rendre dans le pays depuis l\u2019invasion russe, a annonc\u00e9 jeudi son porte-parole.<\/p>\n<p>Harry, 40 ans, a rendu visite \u00e0 des bless\u00e9s et des victimes de la guerre \u00e0 Lviv, dans l\u2019ouest de l\u2019Ukraine, a d\u00e9clar\u00e9 le porte-parole \u00e0 l\u2019AFP. Ce voyage n\u2019a \u00e9t\u00e9 annonc\u00e9 qu\u2019apr\u00e8s le d\u00e9part de Harry, ancien capitaine de l\u2019arm\u00e9e britannique, de ce pays d\u00e9chir\u00e9 par la guerre depuis l\u2019invasion russe de f\u00e9vrier\u00a02022.<\/p>\n<p>Le fils cadet du roi Charles III a visit\u00e9 le Superhumans Center, une clinique orthop\u00e9dique qui soigne et aide \u00e0 la r\u00e9habilitation des bless\u00e9s militaires et civils. Il \u00e9tait accompagn\u00e9 de membres de sa fondation Invictus Games, qu\u2019il a fond\u00e9e en\u00a02014 pour venir en aide aux soldats et anciens soldats bless\u00e9s.<\/p>\n<p>Il s\u2019est rendu \u00e0 Lviv apr\u00e8s avoir comparu mardi et mercredi devant un tribunal londonien qui a entendu son appel contre la d\u00e9cision du gouvernement britannique de r\u00e9duire sa protection polici\u00e8re lorsqu\u2019il se rend en Grande-Bretagne.<\/p>\n","protected":false},"excerpt":{"rendered":"Le prince Harry s\u2019est discr\u00e8tement rendu en Ukraine cette semaine, devenant le deuxi\u00e8me membre de la famille royale&hellip;\n","protected":false},"author":2,"featured_media":16862,"comment_status":"","ping_status":"","sticky":false,"template":"","format":"standard","meta":{"footnotes":""},"categories":[1590],"tags":[47,11,309,75,73,1777,674,131,74,12,132,220,133,135,134],"class_list":{"0":"post-16861","1":"post","2":"type-post","3":"status-publish","4":"format-standard","5":"has-post-thumbnail","7":"category-ukraine","8":"tag-actualite","9":"tag-actualites","10":"tag-chine","11":"tag-donald-trump","12":"tag-etats-unis","13":"tag-eu","14":"tag-europe","15":"tag-guerre-en-ukraine","16":"tag-monde","17":"tag-news","18":"tag-russie","19":"tag-ukraine","20":"tag-video","21":"tag-vladimir-poutine","22":"tag-volodymyr-zelensky"},"share_on_mastodon":{"url":"https:\/\/pubeurope.com\/@fr\/114318457155558709","error":""},"_links":{"self":[{"href":"https:\/\/www.europesays.com\/fr\/wp-json\/wp\/v2\/posts\/16861","targetHints":{"allow":["GET"]}}],"collection":[{"href":"https:\/\/www.europesays.com\/fr\/wp-json\/wp\/v2\/posts"}],"about":[{"href":"https:\/\/www.europesays.com\/fr\/wp-json\/wp\/v2\/types\/post"}],"author":[{"embeddable":true,"href":"https:\/\/www.europesays.com\/fr\/wp-json\/wp\/v2\/users\/2"}],"replies":[{"embeddable":true,"href":"https:\/\/www.europesays.com\/fr\/wp-json\/wp\/v2\/comments?post=16861"}],"version-history":[{"count":0,"href":"https:\/\/www.europesays.com\/fr\/wp-json\/wp\/v2\/posts\/16861\/revisions"}],"wp:featuredmedia":[{"embeddable":true,"href":"https:\/\/www.europesays.com\/fr\/wp-json\/wp\/v2\/media\/16862"}],"wp:attachment":[{"href":"https:\/\/www.europesays.com\/fr\/wp-json\/wp\/v2\/media?parent=16861"}],"wp:term":[{"taxonomy":"category","embeddable":true,"href":"https:\/\/www.europesays.com\/fr\/wp-json\/wp\/v2\/categories?post=16861"},{"taxonomy":"post_tag","embeddable":true,"href":"https:\/\/www.europesays.com\/fr\/wp-json\/wp\/v2\/tags?post=16861"}],"curies":[{"name":"wp","href":"https:\/\/api.w.org\/{rel}","templated":true}]}}