{"id":168613,"date":"2025-06-11T16:10:12","date_gmt":"2025-06-11T16:10:12","guid":{"rendered":"https:\/\/www.europesays.com\/fr\/168613\/"},"modified":"2025-06-11T16:10:12","modified_gmt":"2025-06-11T16:10:12","slug":"vacances-forcees-la-seule-ambition-de-ce-film-semble-etre-de-mettre-au-repos-les-neurones-de-telespectateurs-fatigues","status":"publish","type":"post","link":"https:\/\/www.europesays.com\/fr\/168613\/","title":{"rendered":"\u00ab\u00a0Vacances forc\u00e9es\u00a0\u00bb\u00a0: la seule ambition de ce film semble \u00eatre de mettre au repos les neurones de t\u00e9l\u00e9spectateurs fatigu\u00e9s"},"content":{"rendered":"<p class=\"ap-StoryElement ap-StoryElement--mb js-paywall-target ap-StoryText\">On a du mal \u00e0 comprendre pourquoi deux r\u00e9alisateurs (Fran\u00e7ois Pr\u00e9v\u00f4t-Leygonie et Stephan Achinard) ont \u00e9t\u00e9 n\u00e9cessaires pour concocter une com\u00e9die aussi banale, dont la seule ambition semble \u00eatre de mettre au repos, un vendredi soir, les neurones de t\u00e9l\u00e9spectateurs fatigu\u00e9s par une semaine harassante. Aucune id\u00e9e ne vient enrichir cette base improbable, si ce n&rsquo;est de faire chanter G\u00e9rard Lenorman. Les dialogues sont \u00e0 l&rsquo;avenant, d&rsquo;une rare pauvret\u00e9, d\u00e9nu\u00e9s d&rsquo;humour. Les com\u00e9diens font ce qu&rsquo;ils peuvent en n&rsquo;ayant rien \u00e0 d\u00e9fendre. Ces Vacances forc\u00e9es se transforment donc en travaux forc\u00e9s pour ceux qui ne veulent pas s&rsquo;endormir devant leur \u00e9cran.<\/p>\n<p><img loading=\"lazy\" decoding=\"async\" class=\"w-full lazyload lazyload--opacity object-contain\" style=\"aspect-ratio:75 \/ 100;opacity:1\" alt=\"Vacances forc\u00e9es\" width=\"768\" height=\"1024\" fetchpriority=\"auto\" src=\"https:\/\/www.europesays.com\/fr\/wp-content\/uploads\/2025\/04\/S5VKD3X55FFF3BW6V4SEHXNP7I.png\"  data- data-optimumx=\"1\"\/> \u00a9D.R.<\/p>\n<p class=\"ap-StoryElement ap-StoryElement--mb ap-StoryText\"><b>Vacances forc\u00e9es<\/b> Com\u00e9die <b>De<\/b> Fran\u00e7ois Pr\u00e9v\u00f4t-Leygonie et St\u00e9phan Archinard <b>Sc\u00e9nario<\/b> Fran\u00e7ois Pr\u00e9v\u00f4t-Leygonie, St\u00e9phan Archinard et Martin Darondeau <b>Photographie<\/b> Thierry Pouget <b>Musique<\/b> Matthieu Gonet <b>Montage<\/b> Herv\u00e9 Schneid <b>Avec<\/b> Clovis Cornillac, Laurent Stocker, Bertrand Usclat, Aure Atika\u2026 <b>Dur\u00e9e<\/b> 1h40<\/p>\n","protected":false},"excerpt":{"rendered":"On a du mal \u00e0 comprendre pourquoi deux r\u00e9alisateurs (Fran\u00e7ois Pr\u00e9v\u00f4t-Leygonie et Stephan Achinard) ont \u00e9t\u00e9 n\u00e9cessaires pour&hellip;\n","protected":false},"author":2,"featured_media":168614,"comment_status":"","ping_status":"","sticky":false,"template":"","format":"standard","meta":{"footnotes":""},"categories":[1354],"tags":[26741,650,30187,4228,58,59,1346,1011,27,30188,1360],"class_list":{"0":"post-168613","1":"post","2":"type-post","3":"status-publish","4":"format-standard","5":"has-post-thumbnail","7":"category-films","8":"tag-aure-atika","9":"tag-cinema","10":"tag-clovis-cornillac","11":"tag-comedie","12":"tag-divertissement","13":"tag-entertainment","14":"tag-films","15":"tag-fr","16":"tag-france","17":"tag-laurent-stocker","18":"tag-movies"},"share_on_mastodon":{"url":"https:\/\/pubeurope.com\/@fr\/114665607910772893","error":""},"_links":{"self":[{"href":"https:\/\/www.europesays.com\/fr\/wp-json\/wp\/v2\/posts\/168613","targetHints":{"allow":["GET"]}}],"collection":[{"href":"https:\/\/www.europesays.com\/fr\/wp-json\/wp\/v2\/posts"}],"about":[{"href":"https:\/\/www.europesays.com\/fr\/wp-json\/wp\/v2\/types\/post"}],"author":[{"embeddable":true,"href":"https:\/\/www.europesays.com\/fr\/wp-json\/wp\/v2\/users\/2"}],"replies":[{"embeddable":true,"href":"https:\/\/www.europesays.com\/fr\/wp-json\/wp\/v2\/comments?post=168613"}],"version-history":[{"count":0,"href":"https:\/\/www.europesays.com\/fr\/wp-json\/wp\/v2\/posts\/168613\/revisions"}],"wp:featuredmedia":[{"embeddable":true,"href":"https:\/\/www.europesays.com\/fr\/wp-json\/wp\/v2\/media\/168614"}],"wp:attachment":[{"href":"https:\/\/www.europesays.com\/fr\/wp-json\/wp\/v2\/media?parent=168613"}],"wp:term":[{"taxonomy":"category","embeddable":true,"href":"https:\/\/www.europesays.com\/fr\/wp-json\/wp\/v2\/categories?post=168613"},{"taxonomy":"post_tag","embeddable":true,"href":"https:\/\/www.europesays.com\/fr\/wp-json\/wp\/v2\/tags?post=168613"}],"curies":[{"name":"wp","href":"https:\/\/api.w.org\/{rel}","templated":true}]}}