{"id":168615,"date":"2025-06-11T16:11:09","date_gmt":"2025-06-11T16:11:09","guid":{"rendered":"https:\/\/www.europesays.com\/fr\/168615\/"},"modified":"2025-06-11T16:11:09","modified_gmt":"2025-06-11T16:11:09","slug":"elle-pensait-setre-blessee-sur-son-nouveau-velo-on-lui-diagnostique-un-cancer-a-32-ans","status":"publish","type":"post","link":"https:\/\/www.europesays.com\/fr\/168615\/","title":{"rendered":"Elle pensait s&rsquo;\u00eatre bless\u00e9e sur son nouveau v\u00e9lo, on lui diagnostique un cancer \u00e0 32 ans"},"content":{"rendered":"<p>Les sympt\u00f4mes apparemment anodins annon\u00e7aient en r\u00e9alit\u00e9 une terrible pathologie. Deux ans apr\u00e8s avoir d\u00e9couvert par hasard qu&rsquo;elle \u00e9tait atteinte d&rsquo;un cancer du sein, Lisa Foster, une Britannique \u00e2g\u00e9e de 32 ans, a r\u00e9v\u00e9l\u00e9 qu&rsquo;il ne lui restait plus que quelques semaines \u00e0 vivre.<\/p>\n<p>Comme le rapporte <a data-i13n=\"cpos:1;pos:1\" href=\"https:\/\/www.getsurrey.co.uk\/news\/surrey-news\/i-thought-symptoms-were-down-31830964\" rel=\"nofollow noopener\" target=\"_blank\" data-ylk=\"slk:Surrey Live;cpos:1;pos:1;elm:context_link;itc:0;sec:content-canvas\" class=\"link \">Surrey Live<\/a>, la jeune femme a d\u00e9couvert la situation en juin 2023, quelques semaines apr\u00e8s avoir achet\u00e9 un v\u00e9lo d&rsquo;appartement. Apr\u00e8s quelques s\u00e9ances d&rsquo;entra\u00eenement, la maman a commenc\u00e9 \u00e0 ressentir une d\u00e9chirure musculaire au niveau du sein gauche.<\/p>\n<p>Une grosseur de la taille d&rsquo;un petit pois&#8230;<\/p>\n<p>Attribuant cette douleur \u00e0 une s\u00e9ance trop intense, Lisa Foster ne s&rsquo;est d&rsquo;abord pas m\u00e9fi\u00e9e, mais alors que la douleur persistait, elle a ensuite d\u00e9couvert une grosseur de la taille d&rsquo;un petit pois dans la zone concern\u00e9e.<\/p>\n<p>La trentenaire est donc all\u00e9e consulter son m\u00e9decin g\u00e9n\u00e9raliste, qui lui a prescrit des antibiotiques et lui a conseill\u00e9 de surveiller l&rsquo;\u00e9volution de la grosseur. Celle-ci ne r\u00e9gressant toujours pas la semaine suivante, le m\u00e9decin a orient\u00e9 Lisa vers un sp\u00e9cialiste.<\/p>\n<p>&#8230;sympt\u00f4me d&rsquo;une forme agressive de cancer du sein<\/p>\n<p>\u00ab\u00a0Notre m\u00e9decin g\u00e9n\u00e9raliste est fantastique, il s&rsquo;est imm\u00e9diatement occup\u00e9 du probl\u00e8me, raconte Adam, le mari de Lisa. Trois semaines apr\u00e8s l&rsquo;apparition des sympt\u00f4mes, elle a subi une biopsie.\u00a0\u00bb Les r\u00e9sultats de cette derni\u00e8re ont ensuite confirm\u00e9 qu&rsquo;il ne s&rsquo;agissait pas d&rsquo;une simple d\u00e9chirure.<\/p>\n<p>L&rsquo;examen m\u00e9dical a en effet r\u00e9v\u00e9l\u00e9 que la maman souffrait d&rsquo;un sarcome canalaire triple n\u00e9gatif de stade 3, une forme agressive de cancer du sein touchant particuli\u00e8rement des patientes jeunes, selon <a data-i13n=\"cpos:2;pos:1\" href=\"https:\/\/radiotherapie-hartmann.fr\/actualites\/cancer-sein\/cancer-sein-triple-negatif\/\" rel=\"nofollow noopener\" target=\"_blank\" data-ylk=\"slk:l&#039;Institut de radioth\u00e9rapie et de radiochirurgie Hartmann;cpos:2;pos:1;elm:context_link;itc:0;sec:content-canvas\" class=\"link \">l&rsquo;Institut de radioth\u00e9rapie et de radiochirurgie Hartmann<\/a>.<\/p>\n<p>Un \u00e9prouvant parcours de soins, en vain<\/p>\n<p>Lisa Foster a alors entam\u00e9 un \u00e9prouvant parcours de soins, avec une mastectomie, trois mois de chimioth\u00e9rapie et pas moins de 12 s\u00e9ances d&rsquo;immunoth\u00e9rapie. Malgr\u00e9 ce traitement particuli\u00e8rement lourd, la jeune femme a appris en janvier 2024 que le cancer avait progress\u00e9.<\/p>\n<p>Au cours des mois suivants, la trentenaire a multipli\u00e9 les tentatives, essayant diff\u00e9rents m\u00e9dicaments et diff\u00e9rentes formes de th\u00e9rapie, en vain. Apr\u00e8s deux ans de lutte acharn\u00e9e contre la maladie, la jeune femme a r\u00e9cemment r\u00e9v\u00e9l\u00e9 que le cancer avait atteint un stade avanc\u00e9 et qu&rsquo;elle ne savait pas combien de temps il lui restait \u00e0 vivre.<\/p>\n<p>\u00ab\u00a0Le cancer n&rsquo;a pas gagn\u00e9 la bataille\u00a0\u00bb<\/p>\n<p>Dans un ultime post publi\u00e9 il y a quelques jours sur les r\u00e9seaux sociaux, Lisa Foster a ainsi tenu \u00e0 \u00ab\u00a0remercier chacun de ceux qui m&rsquo;ont guid\u00e9e ou soutenue tout au long de ce parcours. J&rsquo;appr\u00e9cie chacun d&rsquo;entre vous et je garderai toujours de bons souvenirs du temps que nous avons pass\u00e9 ensemble.\u00a0\u00bb<\/p>\n<p>\u00ab\u00a0Le cancer n&rsquo;a pas gagn\u00e9 la bataille. Il meurt avec moi et je me battrai aussi longtemps que possible\u00a0\u00bb, a \u00e9galement \u00e9crit la trentenaire dans ce texte poignant, partag\u00e9 sur <a data-i13n=\"cpos:3;pos:1\" href=\"https:\/\/www.gofundme.com\/f\/lisa-foster-aka-princess-warrior\" rel=\"nofollow noopener\" target=\"_blank\" data-ylk=\"slk:une page d&#039;appel aux dons;cpos:3;pos:1;elm:context_link;itc:0;sec:content-canvas\" class=\"link \">une page d&rsquo;appel aux dons<\/a> pour les futures fun\u00e9railles de la jeune maman.<\/p>\n<p>Son compagnon alerte sur l&rsquo;importance du d\u00e9pistage<\/p>\n<p>Boulevers\u00e9 par la maladie de sa compagne, Adam Foster souhaite que ce drame permette d&rsquo;attirer l&rsquo;attention du grand public sur l&rsquo;importance du d\u00e9pistage du cancer du sein : \u00ab\u00a0Nous voulons que le public sache que le cancer peut toucher n&rsquo;importe qui, \u00e0 tout \u00e2ge. Lisa est une jeune maman qui pensait simplement s&rsquo;\u00eatre bless\u00e9e \u00e0 la salle de sport.\u00a0\u00bb<\/p>\n<p>\u00ab\u00a0Nous sommes tous d\u00e9vast\u00e9s, poursuit le conjoint de la d\u00e9funte. C&rsquo;est une personne si g\u00e9n\u00e9reuse, et le monde va \u00eatre un peu plus sombre sans elle. Lisa et moi sommes ensemble depuis longtemps. Nous nous sommes rencontr\u00e9s \u00e0 15 ans. Je ne veux pas imaginer \u00e0 quoi ressembleront les choses quand elle ne sera plus l\u00e0.\u00a0\u00bb<\/p>\n","protected":false},"excerpt":{"rendered":"Les sympt\u00f4mes apparemment anodins annon\u00e7aient en r\u00e9alit\u00e9 une terrible pathologie. Deux ans apr\u00e8s avoir d\u00e9couvert par hasard qu&rsquo;elle&hellip;\n","protected":false},"author":2,"featured_media":168616,"comment_status":"","ping_status":"","sticky":false,"template":"","format":"standard","meta":{"footnotes":""},"categories":[10],"tags":[1764,101,2776,1011,27,72,30189,30190,71],"class_list":{"0":"post-168615","1":"post","2":"type-post","3":"status-publish","4":"format-standard","5":"has-post-thumbnail","7":"category-sante","8":"tag-ans","9":"tag-cancer","10":"tag-cancer-du-sein","11":"tag-fr","12":"tag-france","13":"tag-health","14":"tag-lisa-foster","15":"tag-medecin-generaliste","16":"tag-sante"},"share_on_mastodon":{"url":"https:\/\/pubeurope.com\/@fr\/114665611866509958","error":""},"_links":{"self":[{"href":"https:\/\/www.europesays.com\/fr\/wp-json\/wp\/v2\/posts\/168615","targetHints":{"allow":["GET"]}}],"collection":[{"href":"https:\/\/www.europesays.com\/fr\/wp-json\/wp\/v2\/posts"}],"about":[{"href":"https:\/\/www.europesays.com\/fr\/wp-json\/wp\/v2\/types\/post"}],"author":[{"embeddable":true,"href":"https:\/\/www.europesays.com\/fr\/wp-json\/wp\/v2\/users\/2"}],"replies":[{"embeddable":true,"href":"https:\/\/www.europesays.com\/fr\/wp-json\/wp\/v2\/comments?post=168615"}],"version-history":[{"count":0,"href":"https:\/\/www.europesays.com\/fr\/wp-json\/wp\/v2\/posts\/168615\/revisions"}],"wp:featuredmedia":[{"embeddable":true,"href":"https:\/\/www.europesays.com\/fr\/wp-json\/wp\/v2\/media\/168616"}],"wp:attachment":[{"href":"https:\/\/www.europesays.com\/fr\/wp-json\/wp\/v2\/media?parent=168615"}],"wp:term":[{"taxonomy":"category","embeddable":true,"href":"https:\/\/www.europesays.com\/fr\/wp-json\/wp\/v2\/categories?post=168615"},{"taxonomy":"post_tag","embeddable":true,"href":"https:\/\/www.europesays.com\/fr\/wp-json\/wp\/v2\/tags?post=168615"}],"curies":[{"name":"wp","href":"https:\/\/api.w.org\/{rel}","templated":true}]}}