{"id":168617,"date":"2025-06-11T16:12:09","date_gmt":"2025-06-11T16:12:09","guid":{"rendered":"https:\/\/www.europesays.com\/fr\/168617\/"},"modified":"2025-06-11T16:12:09","modified_gmt":"2025-06-11T16:12:09","slug":"le-top-10-des-plus-grosses-ventes-de-lol","status":"publish","type":"post","link":"https:\/\/www.europesays.com\/fr\/168617\/","title":{"rendered":"le top 10 des plus grosses ventes de l&rsquo;OL"},"content":{"rendered":"<p>                            <img width=\"770\" height=\"433\" src=\"https:\/\/www.europesays.com\/fr\/wp-content\/uploads\/2025\/06\/000_34RG32L-770x433.jpg\" class=\"attachment-article size-article wp-post-image\" alt=\"Rayan Cherki lors de Clermont - OL\" decoding=\"async\" fetchpriority=\"high\"  \/><\/p>\n<p>Rayan Cherki lors de Clermont \u2013 OL (Photo by JEAN-PHILIPPE KSIAZEK \/ AFP)<\/p>\n<p>Rayan Cherki fait son apparition dans le classement des dix ventes les plus on\u00e9reuses de l&rsquo;histoire du club rhodanien.<\/p>\n<p>Ces derni\u00e8res ann\u00e9es, l&rsquo;Olympique lyonnais a r\u00e9alis\u00e9 des ventes de joueurs plus ou moins r\u00e9ussies. En cette intersaison, le club rhodanien a boucl\u00e9 le d\u00e9part de Rayan <strong>Cherki<\/strong> <a href=\"https:\/\/www.olympique-et-lyonnais.com\/mercato-cherki-rejoint-manchester-city-pour-plus-de-40-me,364928.html\" rel=\"nofollow noopener\" target=\"_blank\">\u00e0 Manchester City<\/a>, pour un montant de 36,5 millions d&rsquo;euros (+6 en bonus).<\/p>\n<p>Une cession significative dans l&rsquo;optique de renflouer les caisses de l&rsquo;OL \u00e0 deux semaines du passage d\u00e9cisif <a href=\"https:\/\/www.olympique-et-lyonnais.com\/mercato-depuis-cet-hiver-lol-a-vendu-pour-plus-de-100-me-suffisant-pour-la-dncg,365229.html\" rel=\"nofollow noopener\" target=\"_blank\">devant la DNCG<\/a>. Un transfert qui n&rsquo;est pas sans rappeler les autres juteuses transactions que Rhodaniens ont effectu\u00e9es dans le pass\u00e9.<\/p>\n<p>De Karim Benzema \u00e0 Tanguy Ndombele <\/p>\n<p>En 10e position de ce classement, on retrouve un certain Karim <strong>Benzema.<\/strong> En 2009, l\u2019attaquant s\u2019est envol\u00e9 pour le Real Madrid contre un ch\u00e8que de 35 millions d\u2019euros. Le reste appartient \u00e0 l\u2019histoire. Un Lyonnais peut en cacher un autre. \u00c0 la 9e place, c\u2019est Rayan <strong>Cherki<\/strong> qui inscrit d\u00e9sormais son nom. Comme mentionn\u00e9 plus t\u00f4t, les Citizens s\u2019attachent les services de l&rsquo;international fran\u00e7ais de 21 ans pour 36,5 millions d\u2019euros, plus 6 millions de bonus. Vient ensuite Michael <strong>Essien,<\/strong> 8e, transf\u00e9r\u00e9 \u00e0 Chelsea en 2005 pour 38 millions d\u2019euros.<\/p>\n<p>Plusieurs joueurs form\u00e9s \u00e0 l&rsquo;OL <\/p>\n<p>Puis, Corentin <strong>Tolisso<\/strong> figure en 7e position. En 2017, le Bayern Munich a d\u00e9bours\u00e9 41,5 millions d\u2019euros, plus 6 millions de bonus, pour recruter le milieu de terrain. Place maintenant aux Br\u00e9siliens. Bruno <strong>Guimar\u00e3es<\/strong> (6e) et Lucas <strong>Paquet\u00e1 <\/strong>(5e) ont tous deux rejoint la Premier League en 2022. Le premier \u00e0 Newcastle pour 42,1 millions d\u2019euros (+8 de bonus), le second \u00e0 West Ham pour 42,95 millions d\u2019euros (+18,68 de bonus). Retour ensuite \u00e0 un pur Gone : Bradley<strong> Barcola,<\/strong> 4e du classement, a rejoint le PSG en 2023 pour 45 millions d\u2019euros (+5 de bonus).<\/p>\n<p>Le podium s\u2019ouvre avec Ferland <strong>Mendy<\/strong>, recrut\u00e9 par le Real Madrid en 2019 pour 48 millions d\u2019euros (+5 de bonus). En 2e position, Alexandre <strong>Lacazette, <\/strong>transf\u00e9r\u00e9 \u00e0 Arsenal pour 53 millions d\u2019euros (+7 de bonus) en 2017. Enfin, le plus gros transfert de l\u2019histoire de l\u2019OL reste \u00e0 ce jour Tanguy <strong>Ndombele,<\/strong> c\u00e9d\u00e9 \u00e0 Tottenham en 2019 pour 60 millions d\u2019euros, plus 10 de bonus. Une vente record\u2026 mais une trajectoire qui n\u2019a pas tenu ses promesses pour l\u2019ancien joueur d\u2019Amiens, form\u00e9 \u00e0 l\u2019EA Guingamp.<\/p>\n","protected":false},"excerpt":{"rendered":"Rayan Cherki lors de Clermont \u2013 OL (Photo by JEAN-PHILIPPE KSIAZEK \/ AFP) Rayan Cherki fait son apparition&hellip;\n","protected":false},"author":2,"featured_media":168618,"comment_status":"","ping_status":"","sticky":false,"template":"","format":"standard","meta":{"footnotes":""},"categories":[9],"tags":[1011,27,1434,241,60],"class_list":{"0":"post-168617","1":"post","2":"type-post","3":"status-publish","4":"format-standard","5":"has-post-thumbnail","7":"category-sports","8":"tag-fr","9":"tag-france","10":"tag-mercato","11":"tag-ol","12":"tag-sports"},"share_on_mastodon":{"url":"https:\/\/pubeurope.com\/@fr\/114665615770691687","error":""},"_links":{"self":[{"href":"https:\/\/www.europesays.com\/fr\/wp-json\/wp\/v2\/posts\/168617","targetHints":{"allow":["GET"]}}],"collection":[{"href":"https:\/\/www.europesays.com\/fr\/wp-json\/wp\/v2\/posts"}],"about":[{"href":"https:\/\/www.europesays.com\/fr\/wp-json\/wp\/v2\/types\/post"}],"author":[{"embeddable":true,"href":"https:\/\/www.europesays.com\/fr\/wp-json\/wp\/v2\/users\/2"}],"replies":[{"embeddable":true,"href":"https:\/\/www.europesays.com\/fr\/wp-json\/wp\/v2\/comments?post=168617"}],"version-history":[{"count":0,"href":"https:\/\/www.europesays.com\/fr\/wp-json\/wp\/v2\/posts\/168617\/revisions"}],"wp:featuredmedia":[{"embeddable":true,"href":"https:\/\/www.europesays.com\/fr\/wp-json\/wp\/v2\/media\/168618"}],"wp:attachment":[{"href":"https:\/\/www.europesays.com\/fr\/wp-json\/wp\/v2\/media?parent=168617"}],"wp:term":[{"taxonomy":"category","embeddable":true,"href":"https:\/\/www.europesays.com\/fr\/wp-json\/wp\/v2\/categories?post=168617"},{"taxonomy":"post_tag","embeddable":true,"href":"https:\/\/www.europesays.com\/fr\/wp-json\/wp\/v2\/tags?post=168617"}],"curies":[{"name":"wp","href":"https:\/\/api.w.org\/{rel}","templated":true}]}}