{"id":168619,"date":"2025-06-11T16:13:09","date_gmt":"2025-06-11T16:13:09","guid":{"rendered":"https:\/\/www.europesays.com\/fr\/168619\/"},"modified":"2025-06-11T16:13:09","modified_gmt":"2025-06-11T16:13:09","slug":"dorothee-reviendra-sur-scene-en-2026-apres-seize-ans-dabsence-52-zenith-et-59-bercy","status":"publish","type":"post","link":"https:\/\/www.europesays.com\/fr\/168619\/","title":{"rendered":"Doroth\u00e9e reviendra sur sc\u00e8ne en 2026, apr\u00e8s seize ans d\u2019absence, 52 Z\u00e9nith et 59 Bercy"},"content":{"rendered":"<p>Vedette des programmes jeunesse des ann\u00e9es 1980 et 1990, la chanteuse de 71 ans interpr\u00e9tera un floril\u00e8ge de ses titres les plus fameux en avril \u00e0 Paris.<\/p>\n<p class=\"fig-paragraph\">Ces audiences indiquent que la nostalgie du \u00ab\u00a0Club Doroth\u00e9e\u00a0\u00bb reste vivace. En janvier, Doroth\u00e9e, 71 ans, avait r\u00e9uni plus de\u00a0<a href=\"http:\/\/tvmag.lefigaro.fr\/programme-tv\/audiences-tv\/audiences-tf1-cartonne-avec-merci-dorothee-le-bigdil-en-baisse-20250125\" target=\"_blank\" data-fig-type=\"Article\" rel=\"noopener nofollow\" data-gtm-custom-categorie=\"navigation\" data-gtm-custom-action=\"crossclick\" data-gtm-custom-label=\"Contextuel\" data-gtm-event=\"customEventSPE\" data-fig-domain=\"TVMAG\">4,4 millions de t\u00e9l\u00e9spectateurs sur TF1<\/a>\u00a0\u00e0 l&rsquo;occasion d\u2019une \u00e9mission hommage. Elle revient d\u00e9sormais \u00e0 la sc\u00e8ne, annonce ses producteurs. La vedette des programmes jeunesse des ann\u00e9es 1980 et 1990, chantera le 4 avril 2026, au Palais des Congr\u00e8s de Paris. Seize ans apr\u00e8s ses derniers concerts.<\/p>\n<p class=\"fig-paragraph\"><a href=\"http:\/\/tvmag.lefigaro.fr\/programme-tv\/ce-soir-tele\/dorothee-l-idole-des-enfants-20250124\" target=\"_blank\" data-fig-type=\"Article\" rel=\"noopener nofollow\" data-gtm-custom-categorie=\"navigation\" data-gtm-custom-action=\"crossclick\" data-gtm-custom-label=\"Contextuel\" data-gtm-event=\"customEventSPE\" data-fig-domain=\"TVMAG\">Doroth\u00e9e<\/a>, de son vrai nom Fr\u00e9d\u00e9rique Hosched\u00e9, \u00ab\u00a0proposera un concert exceptionnel centr\u00e9 autour de ses plus grands tubes, mais aussi de surprises et de beaucoup d&rsquo;\u00e9motion\u00a0\u00bb, indiquent ses producteurs, le groupe JLA et Alexandre Serin Productions, dans un communiqu\u00e9. Grands tubes parmi lesquels il faut compter Allo, allo, monsieur l&rsquo;ordinateur, Maman, Hou\u00a0! La menteuse\u00a0! ou Vive les vacances.<\/p>\n<p class=\"fig-body-link\">\n            \u00c0 lire aussi<br \/>\n        <a class=\"fig-body-link__link\" href=\"http:\/\/tvmag.lefigaro.fr\/programme-tv\/actu-tele\/j-ai-l-impression-d-etre-un-gamin-dorothee-fait-une-apparition-surprise-au-concert-de-julien-dore-20250406\" target=\"_blank\" data-fig-type=\"Article\" rel=\"noopener nofollow\" data-gtm-custom-categorie=\"navigation\" data-gtm-custom-action=\"crossclick\" data-gtm-custom-label=\"Contextuel\" data-gtm-event=\"customEventSPE\" data-fig-domain=\"TVMAG\">\u00abJ\u2019ai l\u2019impression d\u2019\u00eatre un gamin\u00bb\u00a0: Doroth\u00e9e fait une apparition surprise au concert de Julien Dor\u00e9<br \/>\n    <\/a>\n<\/p>\n<p>Un record au Z\u00e9nith<\/p>\n<p class=\"fig-paragraph\">Dans un message adress\u00e9 \u00e0 ses fans, Doroth\u00e9e s\u2019enthousiasme\u00a0: \u00ab\u00a0Tout cet amour que vous m&rsquo;avez t\u00e9moign\u00e9, depuis tant d&rsquo;ann\u00e9es, m\u2019a fait r\u00e9aliser que vous retrouver sur sc\u00e8ne devenait une \u00e9vidence.\u00a0\u00bb Ses derniers concerts remontent \u00e0 2010 \u00e0 Paris, \u00e0 l\u2019Olympia lors de quatre dates et \u00e0 Bercy qu\u2019elle remplissait pour la 59e fois. La chanteuse d\u00e9tient par ailleurs le record f\u00e9minin de repr\u00e9sentations au Z\u00e9nith avec 52 concerts.<\/p>\n<p class=\"fig-paragraph\">En 2023, celle qui incarnait avec gr\u00e2ce Sabine dans L\u2019amour en fuite (1979) de Fran\u00e7ois Truffaut a pr\u00eat\u00e9 sa voix \u00e0 l&rsquo;un des personnages de la version fran\u00e7aise du film\u00a0<a href=\"http:\/\/www.lefigaro.fr\/cinema\/bataille-au-sommet-du-box-office-entre-les-transformers-spider-man-et-la-petite-sirene-20230614\" target=\"_blank\" data-fig-type=\"NewsFlash\" rel=\"noopener nofollow\" data-gtm-custom-categorie=\"navigation\" data-gtm-custom-action=\"crossclick\" data-gtm-custom-label=\"Contextuel\" data-gtm-event=\"customEventSPE\" data-fig-domain=\"LEFIGARO\">Transformers &#8211; Rise of the beasts<\/a>, septi\u00e8me \u00e9pisode de la saga. Le 16 juillet, elle sera au g\u00e9n\u00e9rique du long m\u00e9trage d&rsquo;animation Les Schtroumpfs, le film pour un autre doublage.<\/p>\n<p class=\"fig-paragraph\">Cot\u00e9 chanson, Doroth\u00e9e, qui avait re\u00e7u une Victoire de la musique du disque pour enfants en 1985, a enregistr\u00e9 17 albums originaux et vendu vingt millions de disques. Elle est apparue d\u00e9but avril sur la sc\u00e8ne de l&rsquo;Accor Arena\u00a0<a href=\"http:\/\/tvmag.lefigaro.fr\/programme-tv\/actu-tele\/j-ai-l-impression-d-etre-un-gamin-dorothee-fait-une-apparition-surprise-au-concert-de-julien-dore-20250406\" target=\"_blank\" data-fig-type=\"Article\" rel=\"noopener nofollow\" data-gtm-custom-categorie=\"navigation\" data-gtm-custom-action=\"crossclick\" data-gtm-custom-label=\"Contextuel\" data-gtm-event=\"customEventSPE\" data-fig-domain=\"TVMAG\">\u00e0 l&rsquo;occasion d&rsquo;un concert de Julien Dor\u00e9<\/a>, pour interpr\u00e9ter avec lui Allo, allo, monsieur l&rsquo;ordinateur. Sous les applaudissements nourris des enfants d\u2019hier.<\/p>\n","protected":false},"excerpt":{"rendered":"Vedette des programmes jeunesse des ann\u00e9es 1980 et 1990, la chanteuse de 71 ans interpr\u00e9tera un floril\u00e8ge de&hellip;\n","protected":false},"author":2,"featured_media":168620,"comment_status":"","ping_status":"","sticky":false,"template":"","format":"standard","meta":{"footnotes":""},"categories":[8],"tags":[2937,2932,2935,1696,2934,1697,58,2933,59,1011,27,873,2936,1698],"class_list":{"0":"post-168619","1":"post","2":"type-post","3":"status-publish","4":"format-standard","5":"has-post-thumbnail","7":"category-divertissement","8":"tag-artistes","9":"tag-cd","10":"tag-chansons","11":"tag-chanteur","12":"tag-chason","13":"tag-concert","14":"tag-divertissement","15":"tag-dvd","16":"tag-entertainment","17":"tag-fr","18":"tag-france","19":"tag-musique","20":"tag-musique-classique","21":"tag-musiques"},"share_on_mastodon":{"url":"https:\/\/pubeurope.com\/@fr\/114665620090422189","error":""},"_links":{"self":[{"href":"https:\/\/www.europesays.com\/fr\/wp-json\/wp\/v2\/posts\/168619","targetHints":{"allow":["GET"]}}],"collection":[{"href":"https:\/\/www.europesays.com\/fr\/wp-json\/wp\/v2\/posts"}],"about":[{"href":"https:\/\/www.europesays.com\/fr\/wp-json\/wp\/v2\/types\/post"}],"author":[{"embeddable":true,"href":"https:\/\/www.europesays.com\/fr\/wp-json\/wp\/v2\/users\/2"}],"replies":[{"embeddable":true,"href":"https:\/\/www.europesays.com\/fr\/wp-json\/wp\/v2\/comments?post=168619"}],"version-history":[{"count":0,"href":"https:\/\/www.europesays.com\/fr\/wp-json\/wp\/v2\/posts\/168619\/revisions"}],"wp:featuredmedia":[{"embeddable":true,"href":"https:\/\/www.europesays.com\/fr\/wp-json\/wp\/v2\/media\/168620"}],"wp:attachment":[{"href":"https:\/\/www.europesays.com\/fr\/wp-json\/wp\/v2\/media?parent=168619"}],"wp:term":[{"taxonomy":"category","embeddable":true,"href":"https:\/\/www.europesays.com\/fr\/wp-json\/wp\/v2\/categories?post=168619"},{"taxonomy":"post_tag","embeddable":true,"href":"https:\/\/www.europesays.com\/fr\/wp-json\/wp\/v2\/tags?post=168619"}],"curies":[{"name":"wp","href":"https:\/\/api.w.org\/{rel}","templated":true}]}}