{"id":168621,"date":"2025-06-11T16:14:11","date_gmt":"2025-06-11T16:14:11","guid":{"rendered":"https:\/\/www.europesays.com\/fr\/168621\/"},"modified":"2025-06-11T16:14:11","modified_gmt":"2025-06-11T16:14:11","slug":"la-nasa-confirme-une-theorie-terrifiante-vieille-de-plusieurs-decennies-ces-mysterieux-boulets-de-canon-solaires-auraient-vide-mars-de-son-eau","status":"publish","type":"post","link":"https:\/\/www.europesays.com\/fr\/168621\/","title":{"rendered":"La NASA confirme une th\u00e9orie terrifiante vieille de plusieurs d\u00e9cennies : ces myst\u00e9rieux \u00ab boulets de canon \u00bb solaires auraient vid\u00e9 Mars de son eau"},"content":{"rendered":"<tr>\n<td><strong>EN BREF<\/strong><\/td>\n<\/tr>\n<tr>\n<td>\n<ul>\n<li>\ud83c\udf0c La sonde MAVEN a directement observ\u00e9 le <strong>ph\u00e9nom\u00e8ne d\u2019\u00e9rosion atmosph\u00e9rique<\/strong> sur Mars caus\u00e9 par le vent solaire.<\/li>\n<li>Les <strong>anciennes rivi\u00e8res et lacs martiens<\/strong> t\u00e9moignent d\u2019un pass\u00e9 o\u00f9 l\u2019eau liquide \u00e9tait pr\u00e9sente en abondance.<\/li>\n<li>Le processus de <strong>\u00ab\u00a0sputtering\u00a0\u00bb<\/strong>, d\u00e9sormais confirm\u00e9, est responsable de la perte de l\u2019atmosph\u00e8re martienne.<\/li>\n<li>Ces d\u00e9couvertes ouvrent des perspectives pour comprendre l\u2019\u00e9volution climatique d\u2019autres plan\u00e8tes et leur capacit\u00e9 \u00e0 <strong>soutenir la vie<\/strong>.<\/li>\n<\/ul>\n<\/td>\n<\/tr>\n<p>La mission de la sonde MAVEN de la NASA a r\u00e9v\u00e9l\u00e9 des informations cruciales sur l\u2019\u00e9volution climatique de Mars. Apr\u00e8s presque une d\u00e9cennie \u00e0 explorer l\u2019atmosph\u00e8re martienne, elle a permis d\u2019observer directement un ph\u00e9nom\u00e8ne soup\u00e7onn\u00e9 depuis longtemps par les scientifiques : la disparition progressive de l\u2019atmosph\u00e8re de Mars. Cette d\u00e9couverte pourrait expliquer comment Mars, autrefois potentiellement habitable, est devenu un d\u00e9sert glac\u00e9 et aride. Les r\u00e9sultats r\u00e9cents mettent en lumi\u00e8re le r\u00f4le d\u00e9terminant du vent solaire et de la radiation solaire dans l\u2019\u00e9rosion atmosph\u00e9rique de la plan\u00e8te rouge. Ces d\u00e9couvertes, publi\u00e9es dans la revue Science Advances, pourraient changer notre compr\u00e9hension de l\u2019histoire climatique de Mars et de sa capacit\u00e9 pass\u00e9e \u00e0 abriter la vie.<\/p>\n<p>Le changement climatique de Mars : de l\u2019eau liquide \u00e0 un d\u00e9sert glac\u00e9<\/p>\n<p>Il y a des milliards d\u2019ann\u00e9es, Mars poss\u00e9dait des rivi\u00e8res et des lacs, comme en t\u00e9moignent les formations g\u00e9ologiques de son sol. Pour que l\u2019eau liquide persiste \u00e0 sa surface, la plan\u00e8te devait avoir une atmosph\u00e8re beaucoup plus dense qu\u2019aujourd\u2019hui. Cette atmosph\u00e8re aurait \u00e9t\u00e9 capable de pi\u00e9ger la chaleur et de maintenir une pression suffisante pour soutenir l\u2019eau liquide. <strong>Les preuves g\u00e9ologiques montrent des traces de vall\u00e9es fluviales anciennes et de lits de lacs<\/strong>, ainsi que des min\u00e9raux qui ne se forment qu\u2019en pr\u00e9sence d\u2019eau. Cependant, la question de savoir comment cette atmosph\u00e8re dense a disparu reste en suspens. Comprendre ce processus est crucial pour reconstruire l\u2019\u00e9volution climatique de Mars et d\u00e9terminer combien de temps la plan\u00e8te a pu rester habitable.<\/p>\n<p>La mission MAVEN a permis de recueillir des donn\u00e9es essentielles sur ce ph\u00e9nom\u00e8ne. Elle a r\u00e9v\u00e9l\u00e9 que le <strong>vent solaire<\/strong>, un flux constant de particules ionis\u00e9es \u00e9mises par le soleil, joue un r\u00f4le majeur dans la disparition de l\u2019atmosph\u00e8re martienne. Ce processus, appel\u00e9 \u00ab\u00a0sputtering\u00a0\u00bb, implique que des particules \u00e9nerg\u00e9tiques du vent solaire entrent en collision avec l\u2019atmosph\u00e8re sup\u00e9rieure de Mars. Ces collisions transf\u00e8rent suffisamment d\u2019\u00e9nergie aux atomes neutres pour les lib\u00e9rer de la gravit\u00e9 de la plan\u00e8te, les projetant ainsi dans l\u2019espace. Ce m\u00e9canisme pourrait expliquer la disparition progressive de l\u2019atmosph\u00e8re martienne et, avec elle, la capacit\u00e9 de la plan\u00e8te \u00e0 maintenir de l\u2019eau liquide \u00e0 sa surface.<\/p>\n<blockquote class=\"wp-embedded-content\" data-secret=\"o6U5qrbCJc\">\n<p><a href=\"https:\/\/www.innovant.fr\/2025\/05\/15\/le-pentagone-prepare-des-fusees-cargo-orbitales-des-livraisons-militaires-partout-sur-terre-en-quelques-minutes\/\" rel=\"nofollow noopener\" target=\"_blank\">Le Pentagone pr\u00e9pare des fus\u00e9es cargo orbitales : des livraisons militaires partout sur Terre en quelques minutes<\/a><\/p>\n<\/blockquote>\n<p>Les d\u00e9couvertes de la mission MAVEN : un regard neuf sur l\u2019\u00e9rosion atmosph\u00e9rique<\/p>\n<p>La mission MAVEN, en orbite autour de Mars depuis pr\u00e8s de dix ans, a fourni des donn\u00e9es inestimables sur l\u2019\u00e9rosion de l\u2019atmosph\u00e8re martienne. \u00c0 travers ses instruments, les chercheurs ont pu observer le ph\u00e9nom\u00e8ne de \u00ab\u00a0sputtering\u00a0\u00bb en temps r\u00e9el. Ce processus avait longtemps \u00e9t\u00e9 suspect\u00e9 mais jamais directement observ\u00e9 auparavant. En combinant les donn\u00e9es de plusieurs instruments de MAVEN, les chercheurs ont pu cr\u00e9er une carte d\u00e9taill\u00e9e de l\u2019argon dans l\u2019atmosph\u00e8re sup\u00e9rieure de Mars. <\/p>\n<p>L\u2019argon, un gaz noble, est un excellent traceur de ce type d\u2019\u00e9vasion atmosph\u00e9rique car il est chimiquement inerte et peu susceptible de s\u2019ioniser. Les concentrations les plus \u00e9lev\u00e9es d\u2019argon ont \u00e9t\u00e9 d\u00e9tect\u00e9es \u00e0 des altitudes o\u00f9 les particules du vent solaire entrent en collision avec l\u2019atmosph\u00e8re martienne. Cette d\u00e9couverte fournit une preuve directe que le \u00ab\u00a0sputtering\u00a0\u00bb est en cours, soulevant et \u00e9liminant les mol\u00e9cules de l\u2019atmosph\u00e8re de Mars. Cette \u00e9rosion atmosph\u00e9rique pourrait avoir \u00e9t\u00e9 un facteur cl\u00e9 dans la perte de l\u2019atmosph\u00e8re dense de Mars et, par cons\u00e9quent, de sa capacit\u00e9 \u00e0 h\u00e9berger de l\u2019eau liquide.<\/p>\n<p><img decoding=\"async\" src=\"data:image\/svg+xml,%3Csvg%20xmlns=\" http:=\"\" alt=\"Une illustration artistique montrant \u00e0 gauche un environnement martien froid et aride, et \u00e0 droite une version ant\u00e9rieure o\u00f9 de l'eau liquide \u00e9tait pr\u00e9sente\" class=\"webpexpress-processed\" data-lazy-src=\"https:\/\/www.europesays.com\/fr\/wp-content\/uploads\/2025\/06\/la-nasa-confirme-une-theorie-terrifiante-vieille-de-plusieurs-decennies-ces-mysterieux-boulets-de-ca.jpeg\"\/>Une illustration artistique montrant \u00e0 gauche un environnement martien froid et aride, et \u00e0 droite une version ant\u00e9rieure o\u00f9 de l\u2019eau liquide \u00e9tait pr\u00e9sente<\/p>\n<blockquote class=\"wp-embedded-content\" data-secret=\"wWCDKawD9w\">\n<p><a href=\"https:\/\/www.innovant.fr\/2025\/05\/18\/un-flux-solaire-amplifie-venu-de-lespace-cette-avancee-britannique-pourrait-bouleverser-lapprovisionnement-mondial-en-energie\/\" rel=\"nofollow noopener\" target=\"_blank\">Un flux solaire amplifi\u00e9 venu de l\u2019espace : cette avanc\u00e9e britannique pourrait bouleverser l\u2019approvisionnement mondial en \u00e9nergie<\/a><\/p>\n<\/blockquote>\n<p>Le r\u00f4le du vent solaire dans l\u2019histoire climatique de Mars<\/p>\n<p>Le vent solaire a jou\u00e9 un r\u00f4le central dans l\u2019\u00e9volution climatique de Mars. Les observations de MAVEN sugg\u00e8rent que ce processus se produit \u00e0 un rythme quatre fois sup\u00e9rieur \u00e0 celui pr\u00e9dit par les mod\u00e8les pr\u00e9c\u00e9dents. Ce ph\u00e9nom\u00e8ne s\u2019accentue lors des temp\u00eates solaires, offrant un aper\u00e7u de l\u2019intensit\u00e9 qu\u2019il pourrait avoir eue dans le pass\u00e9, lorsque le soleil \u00e9tait plus actif et que Mars avait d\u00e9j\u00e0 perdu son champ magn\u00e9tique protecteur. <\/p>\n<p>Sans ce bouclier magn\u00e9tique, l\u2019atmosph\u00e8re martienne \u00e9tait vuln\u00e9rable \u00e0 la pleine puissance du vent solaire, acc\u00e9l\u00e9rant son \u00e9rosion. Ce processus pourrait avoir pouss\u00e9 Mars au-del\u00e0 d\u2019un point de basculement o\u00f9 l\u2019eau liquide ne pouvait plus persister. <strong>Les r\u00e9sultats de la mission MAVEN \u00e9tablissent le \u00ab\u00a0sputtering\u00a0\u00bb comme un acteur majeur dans la perte de l\u2019atmosph\u00e8re de Mars<\/strong> et dans la d\u00e9termination de l\u2019histoire de l\u2019eau sur la plan\u00e8te rouge. Pour comprendre pleinement l\u2019impact de ce processus sur le climat \u00e0 long terme de Mars, les scientifiques devront explorer davantage en utilisant des mod\u00e8les, des donn\u00e9es isotopiques et des indices climatiques anciens.<\/p>\n<blockquote class=\"wp-embedded-content\" data-secret=\"cJupZZf8Nu\">\n<p><a href=\"https:\/\/www.innovant.fr\/2024\/08\/18\/enquete-choc-ces-influenceurs-tres-connus-qui-achetent-des-followers-pour-gagner-de-largent\/\" rel=\"nofollow noopener\" target=\"_blank\">Enqu\u00eate choc : ces influenceurs tr\u00e8s connus qui ach\u00e8tent des followers pour gagner de l\u2019argent<\/a><\/p>\n<\/blockquote>\n<p>Les implications pour la recherche future sur Mars<\/p>\n<p>Les d\u00e9couvertes de la mission MAVEN ouvrent de nouvelles perspectives pour la recherche future sur Mars. Les scientifiques devront approfondir l\u2019\u00e9tude des m\u00e9canismes qui ont conduit \u00e0 la transformation de Mars, d\u2019un monde potentiellement habitable \u00e0 la plan\u00e8te aride que nous connaissons aujourd\u2019hui. En utilisant des mod\u00e8les sophistiqu\u00e9s et en analysant des donn\u00e9es isotopiques, les chercheurs esp\u00e8rent remonter dans le temps pour comprendre comment l\u2019atmosph\u00e8re de Mars a \u00e9t\u00e9 \u00e9rod\u00e9e. <\/p>\n<p>Les implications de ces recherches vont au-del\u00e0 de la simple compr\u00e9hension de l\u2019histoire de Mars. Elles pourraient \u00e9galement \u00e9clairer notre compr\u00e9hension de l\u2019\u00e9volution climatique d\u2019autres plan\u00e8tes et de la capacit\u00e9 des mondes extraterrestres \u00e0 soutenir la vie. <strong>La mission MAVEN a non seulement r\u00e9v\u00e9l\u00e9 des aspects cruciaux de l\u2019histoire de Mars<\/strong>, mais elle a \u00e9galement pos\u00e9 des questions fondamentales sur la fa\u00e7on dont les plan\u00e8tes interagissent avec leur environnement spatial. Ces d\u00e9couvertes pourraient-elles un jour aider \u00e0 identifier d\u2019autres mondes capables de soutenir la vie ?<\/p>\n<p>L\u2019auteur s\u2019est appuy\u00e9 sur l\u2019intelligence artificielle pour enrichir cet article.<\/p>\n<p id=\"rating\">\u00c7a vous a plu ?\u00a04.4\/5 (30)<\/p>\n","protected":false},"excerpt":{"rendered":"EN BREF \ud83c\udf0c La sonde MAVEN a directement observ\u00e9 le ph\u00e9nom\u00e8ne d\u2019\u00e9rosion atmosph\u00e9rique sur Mars caus\u00e9 par le&hellip;\n","protected":false},"author":2,"featured_media":168622,"comment_status":"","ping_status":"","sticky":false,"template":"","format":"standard","meta":{"footnotes":""},"categories":[7],"tags":[1011,27,43,40,41,39,42,44],"class_list":{"0":"post-168621","1":"post","2":"type-post","3":"status-publish","4":"format-standard","5":"has-post-thumbnail","7":"category-sciences-et-technologies","8":"tag-fr","9":"tag-france","10":"tag-science","11":"tag-science-and-technology","12":"tag-sciences","13":"tag-sciences-et-technologies","14":"tag-technologies","15":"tag-technology"},"share_on_mastodon":{"url":"https:\/\/pubeurope.com\/@fr\/114665623735993642","error":""},"_links":{"self":[{"href":"https:\/\/www.europesays.com\/fr\/wp-json\/wp\/v2\/posts\/168621","targetHints":{"allow":["GET"]}}],"collection":[{"href":"https:\/\/www.europesays.com\/fr\/wp-json\/wp\/v2\/posts"}],"about":[{"href":"https:\/\/www.europesays.com\/fr\/wp-json\/wp\/v2\/types\/post"}],"author":[{"embeddable":true,"href":"https:\/\/www.europesays.com\/fr\/wp-json\/wp\/v2\/users\/2"}],"replies":[{"embeddable":true,"href":"https:\/\/www.europesays.com\/fr\/wp-json\/wp\/v2\/comments?post=168621"}],"version-history":[{"count":0,"href":"https:\/\/www.europesays.com\/fr\/wp-json\/wp\/v2\/posts\/168621\/revisions"}],"wp:featuredmedia":[{"embeddable":true,"href":"https:\/\/www.europesays.com\/fr\/wp-json\/wp\/v2\/media\/168622"}],"wp:attachment":[{"href":"https:\/\/www.europesays.com\/fr\/wp-json\/wp\/v2\/media?parent=168621"}],"wp:term":[{"taxonomy":"category","embeddable":true,"href":"https:\/\/www.europesays.com\/fr\/wp-json\/wp\/v2\/categories?post=168621"},{"taxonomy":"post_tag","embeddable":true,"href":"https:\/\/www.europesays.com\/fr\/wp-json\/wp\/v2\/tags?post=168621"}],"curies":[{"name":"wp","href":"https:\/\/api.w.org\/{rel}","templated":true}]}}