{"id":168623,"date":"2025-06-11T16:15:08","date_gmt":"2025-06-11T16:15:08","guid":{"rendered":"https:\/\/www.europesays.com\/fr\/168623\/"},"modified":"2025-06-11T16:15:08","modified_gmt":"2025-06-11T16:15:08","slug":"liquidation-judiciaire-pour-lenseigne-dameublement-casa-france-qui-emploie-pres-de-700-salaries","status":"publish","type":"post","link":"https:\/\/www.europesays.com\/fr\/168623\/","title":{"rendered":"Liquidation judiciaire pour l\u2019enseigne d\u2019ameublement Casa France, qui emploie pr\u00e8s de 700 salari\u00e9s"},"content":{"rendered":"<p>\u00abCette mesure concerne l\u2019ensemble des magasins\u00bb, au nombre de 143 en France, et les \u00abfonctions supports de l\u2019enseigne en France\u00bb, a indiqu\u00e9 la soci\u00e9t\u00e9.<\/p>\n<p class=\"fig-paragraph\">Fin de parcours pour\u00a0<a href=\"http:\/\/www.lefigaro.fr\/societes\/en-difficulte-casa-france-demande-son-placement-en-redressement-judiciaire-20250321\" target=\"_blank\" data-fig-type=\"NewsFlash\" rel=\"noopener\" data-gtm-custom-categorie=\"navigation\" data-gtm-custom-action=\"crossclick\" data-gtm-custom-label=\"Contextuel\" data-gtm-event=\"customEventSPE\" data-fig-domain=\"LEFIGARO\">Casa France<\/a>. L\u2019enseigne de magasins d\u2019ameublement, qui emploie pr\u00e8s de 700 personnes en France, a annonc\u00e9 ce mercredi avoir \u00e9t\u00e9 mise en liquidation judiciaire par le tribunal de commerce de Bobigny, \u00aben l\u2019absence d\u2019offre de reprise jug\u00e9e recevable\u00bb.\u00a0\u00abCette mesure concerne l\u2019ensemble des magasins\u00bb, au nombre de 143 en France, et les \u00abfonctions supports de l\u2019enseigne en France\u00bb, a ajout\u00e9 la soci\u00e9t\u00e9, apr\u00e8s la faillite de la branche belge qui assurait la logistique du groupe. Casa France emploie 577 personnes en CDI et une centaine en CDD, a pr\u00e9cis\u00e9 l\u2019entreprise.<\/p>\n<p class=\"fig-paragraph\">Elle avait annonc\u00e9 fin mars qu\u2019elle demandait son placement en redressement judiciaire. \u00abLa situation de Casa France r\u00e9sulte directement de la liquidation de Casa International en Belgique, qui assurait historiquement les fonctions centrales du groupe international, logistique et informatique notamment, indispensables au fonctionnement de l\u2019activit\u00e9 en France\u00bb, a expliqu\u00e9 Casa dans un communiqu\u00e9 mercredi. \u00abSa liquidation en mars 2025, faute de repreneur, a entra\u00een\u00e9 l\u2019arr\u00eat brutal de l\u2019organisation op\u00e9rationnelle des filiales en Europe\u00bb, a ajout\u00e9 l\u2019entreprise.<\/p>\n<p class=\"fig-paragraph\">\u00c0 ce \u00abchoc exog\u00e8ne\u00bb, dont Casa France \u00abn\u2019est pas \u00e0 l\u2019origine et ind\u00e9pendant de sa gestion\u00bb, se sont ajout\u00e9es \u00abdes difficult\u00e9s structurelles d\u00e9j\u00e0 pr\u00e9sentes sur un march\u00e9 national fragilis\u00e9\u00bb, notamment par \u00abla conjoncture d\u00e9favorable du secteur immobilier\u00bb dont d\u00e9pendent ceux de \u00abl\u2019ameublement et de la d\u00e9coration\u00bb. La cha\u00eene Casa, cr\u00e9\u00e9e en 1975, est pr\u00e9sente dans huit pays europ\u00e9ens, avec un r\u00e9seau de 500 magasins. Le groupe Casa compte plus de 2230 salari\u00e9s.<\/p>\n","protected":false},"excerpt":{"rendered":"\u00abCette mesure concerne l\u2019ensemble des magasins\u00bb, au nombre de 143 en France, et les \u00abfonctions supports de l\u2019enseigne&hellip;\n","protected":false},"author":2,"featured_media":168624,"comment_status":"","ping_status":"","sticky":false,"template":"","format":"standard","meta":{"footnotes":""},"categories":[6],"tags":[631,627,630,7023,340,398,35,343,634,405,629,636,33,34,632,638,1011,27,637,399,639,30191,635,7264,401,628,633,407],"class_list":{"0":"post-168623","1":"post","2":"type-post","3":"status-publish","4":"format-standard","5":"has-post-thumbnail","7":"category-economie","8":"tag-action","9":"tag-actions-francaise","10":"tag-actualite-bourse","11":"tag-ameublement","12":"tag-bourse","13":"tag-bourse-de-paris","14":"tag-business","15":"tag-cac-40","16":"tag-cotation","17":"tag-cotations","18":"tag-cours-des-societes-francaises","19":"tag-devises","20":"tag-economie","21":"tag-economy","22":"tag-fcp","23":"tag-figaro","24":"tag-fr","25":"tag-france","26":"tag-indices","27":"tag-investissement","28":"tag-le-figaro","29":"tag-liquidation-judiciaire","30":"tag-marches","31":"tag-salaries","32":"tag-sicav","33":"tag-societes-etrangeres","34":"tag-warrant","35":"tag-warrants"},"share_on_mastodon":{"url":"","error":""},"_links":{"self":[{"href":"https:\/\/www.europesays.com\/fr\/wp-json\/wp\/v2\/posts\/168623","targetHints":{"allow":["GET"]}}],"collection":[{"href":"https:\/\/www.europesays.com\/fr\/wp-json\/wp\/v2\/posts"}],"about":[{"href":"https:\/\/www.europesays.com\/fr\/wp-json\/wp\/v2\/types\/post"}],"author":[{"embeddable":true,"href":"https:\/\/www.europesays.com\/fr\/wp-json\/wp\/v2\/users\/2"}],"replies":[{"embeddable":true,"href":"https:\/\/www.europesays.com\/fr\/wp-json\/wp\/v2\/comments?post=168623"}],"version-history":[{"count":0,"href":"https:\/\/www.europesays.com\/fr\/wp-json\/wp\/v2\/posts\/168623\/revisions"}],"wp:featuredmedia":[{"embeddable":true,"href":"https:\/\/www.europesays.com\/fr\/wp-json\/wp\/v2\/media\/168624"}],"wp:attachment":[{"href":"https:\/\/www.europesays.com\/fr\/wp-json\/wp\/v2\/media?parent=168623"}],"wp:term":[{"taxonomy":"category","embeddable":true,"href":"https:\/\/www.europesays.com\/fr\/wp-json\/wp\/v2\/categories?post=168623"},{"taxonomy":"post_tag","embeddable":true,"href":"https:\/\/www.europesays.com\/fr\/wp-json\/wp\/v2\/tags?post=168623"}],"curies":[{"name":"wp","href":"https:\/\/api.w.org\/{rel}","templated":true}]}}