{"id":168630,"date":"2025-06-11T16:19:10","date_gmt":"2025-06-11T16:19:10","guid":{"rendered":"https:\/\/www.europesays.com\/fr\/168630\/"},"modified":"2025-06-11T16:19:10","modified_gmt":"2025-06-11T16:19:10","slug":"cuisine-urbaine-fest-un-tour-du-monde-gustatif-a-saint-etienne","status":"publish","type":"post","link":"https:\/\/www.europesays.com\/fr\/168630\/","title":{"rendered":"Cuisine Urbaine Fest\u2019\u00a0: un tour du monde gustatif \u00e0 Saint-Etienne\u00a0!"},"content":{"rendered":"<p>La premi\u00e8re \u00e9dition du Cuisine Urbaine Fest a lieu jeudi 12 juin sur la place Chavanelle \u00e0 Saint-\u00c9tienne. Douze chefs locaux vont faire d\u00e9couvrir au public la street food \u00e0 l&rsquo;occasion de la grande braderie estival (12-14 juin).<\/p>\n<p>Ils vont vous faire voyager !\u00a0<a class=\"url\" href=\"https:\/\/www.tablestephanoises.com\/\" target=\"_blank\" rel=\"noopener\">Le Collectif des Tables St\u00e9phanoises<\/a> lance la premi\u00e8re \u00e9dition du <b>Cuisine Urbaine Fest&rsquo;<\/b> \u00e0 Saint-Etienne. Cela se fera le <b>jeudi 12 juin sur la place Chavanelle<\/b> de 16h30 \u00e0 23h. <\/p>\n<p><a class=\"url\" href=\"https:\/\/www.tablestephanoises.com\/post\/street-food-festival-chavanelle-12-juin-2025\" target=\"_blank\" rel=\"noopener\">Douze restaurateurs locaux<\/a> seront pr\u00e9sents pour r\u00e9inventer la <b>street food<\/b> fran\u00e7aise, mais aussi italienne, cor\u00e9enne ou encore am\u00e9ricaine.<\/p>\n<p>Ce festival est l&rsquo;occasion de d\u00e9construire les clich\u00e9s autour de cette cuisine, comme l&rsquo;explique Thomas Jacoubs, pr\u00e9sident des <b>Tables St\u00e9phanoises<\/b>.<\/p>\n<blockquote><p>\u00ab\u00a0C&rsquo;est vrai qu&rsquo;on a toujours une image de fast food, de mauvaise nourriture. Je pense que ce n&rsquo;est pas toujours le cas. On peut faire des burgers avec de la tr\u00e8s bonne viande, une sauce maison et des choses qui peuvent \u00eatre de bonne qualit\u00e9.\u00a0\u00bb<\/p><\/blockquote>\n<p>R\u00e9inventer la street food\u00a0<\/p>\n<p>Il y aura du fish and chips, du pain perdu, mais aussi les traditionnels burgers.<\/p>\n<p>Pour les restaurateurs peu habitu\u00e9s \u00e0 ce genre de cuisine, le Cuisine Urbaine Fest&rsquo; permet aussi de se renouveler selon Thomas Jacoubs.<\/p>\n<blockquote><p>\u00ab\u00a0\u00c7a nous amuse de venir tenter cette exp\u00e9rience. Et puis en plus, on va y mettre notre savoir-faire qui est peut-\u00eatre un peu diff\u00e9rent de quelqu&rsquo;un qui ouvre un snack. On se r\u00e9approprie quelques classiques.\u00a0\u00bb<\/p><\/blockquote>\n<p>Un festival en plein milieu de la grande braderie\u00a0<\/p>\n<p>L&rsquo;\u00e9v\u00e9nement se d\u00e9roulera au plein milieu de la <a class=\"url\" href=\"https:\/\/www.radioscoop.com\/infos\/saint-etienne-la-grande-braderie-estivale-est-de-retour_330814\" target=\"_blank\" rel=\"noopener\">grande braderie de Saint-Etienne<\/a>. Pour rappel, elle dure du <b>12 au 14 juin<\/b>, de 10h \u00e0 19h. Le moment id\u00e9al pour attirer des visiteurs pour Thomas Jacoubs. <\/p>\n<blockquote><p>\u00ab\u00a0On s&rsquo;est dit que c&rsquo;\u00e9tait un bon moment parce que \u00e7a draine du monde. Sur l&rsquo;ouverture de la braderie, un jeudi soir, on allait \u00eatre assez visible. Bien \u00e9videmment, le but c&rsquo;est de p\u00e9renniser le festival en augmentant la capacit\u00e9 d&rsquo;accueil des restaurateurs.\u00a0\u00bb<\/p><\/blockquote>\n<p>L&rsquo;entr\u00e9e au festival est \u00e0 <b>5 euros par personne<\/b> et <b>gratuite pour les enfants de moins de 12 ans<\/b>. Vous pouvez d\u00e8s \u00e0 pr\u00e9sent\u00a0<a class=\"url\" href=\"https:\/\/www.helloasso.com\/associations\/collectif-des-tables-stephanoises\/evenements\/cuisine-urbaine-fest-billeterie\" target=\"_blank\" rel=\"noopener\">r\u00e9server vos places.<\/a>\u00a0<\/p>\n<p>Une fois sur place, il faudra convertir sa monnaie en jetons pour pouvoir consommer sur les stands.<\/p>\n<p><img loading=\"lazy\" decoding=\"async\" src=\"https:\/\/www.europesays.com\/fr\/wp-content\/uploads\/2025\/06\/1749658750_938_img\" width=\"350\" height=\"200\" border=\"0\" title=\"La grande braderie, \u00c3\u00a0 Saint-\u00c3\u0089tienne\"\/><\/p>\n<p>\u25baId\u00e9e sortie<\/p>\n<p style=\"font-size: 22px;\"><b>Saint-\u00c9tienne : la grande braderie estivale est de retour !\u00a0<\/b><\/p>\n<p>Saint-\u00c9tienne s&rsquo;appr\u00eate \u00e0 vivre trois jours d&rsquo;animations&#8230;<\/p>\n<p><\/p>\n","protected":false},"excerpt":{"rendered":"La premi\u00e8re \u00e9dition du Cuisine Urbaine Fest a lieu jeudi 12 juin sur la place Chavanelle \u00e0 Saint-\u00c9tienne.&hellip;\n","protected":false},"author":2,"featured_media":168631,"comment_status":"","ping_status":"","sticky":false,"template":"","format":"standard","meta":{"footnotes":""},"categories":[9653],"tags":[1111,11,2430,30192,1777,674,1011,27,30193,3367,12,25,4001,30194],"class_list":{"0":"post-168630","1":"post","2":"type-post","3":"status-publish","4":"format-standard","5":"has-post-thumbnail","7":"category-saint-etienne","8":"tag-actu","9":"tag-actualites","10":"tag-auvergne-rhone-alpes","11":"tag-cuisine-urbaine-fest","12":"tag-eu","13":"tag-europe","14":"tag-fr","15":"tag-france","16":"tag-grande-braderie","17":"tag-loire","18":"tag-news","19":"tag-republique-francaise","20":"tag-saint-etienne","21":"tag-tables-stphanoises"},"share_on_mastodon":{"url":"https:\/\/pubeurope.com\/@fr\/114665643485156811","error":""},"_links":{"self":[{"href":"https:\/\/www.europesays.com\/fr\/wp-json\/wp\/v2\/posts\/168630","targetHints":{"allow":["GET"]}}],"collection":[{"href":"https:\/\/www.europesays.com\/fr\/wp-json\/wp\/v2\/posts"}],"about":[{"href":"https:\/\/www.europesays.com\/fr\/wp-json\/wp\/v2\/types\/post"}],"author":[{"embeddable":true,"href":"https:\/\/www.europesays.com\/fr\/wp-json\/wp\/v2\/users\/2"}],"replies":[{"embeddable":true,"href":"https:\/\/www.europesays.com\/fr\/wp-json\/wp\/v2\/comments?post=168630"}],"version-history":[{"count":0,"href":"https:\/\/www.europesays.com\/fr\/wp-json\/wp\/v2\/posts\/168630\/revisions"}],"wp:featuredmedia":[{"embeddable":true,"href":"https:\/\/www.europesays.com\/fr\/wp-json\/wp\/v2\/media\/168631"}],"wp:attachment":[{"href":"https:\/\/www.europesays.com\/fr\/wp-json\/wp\/v2\/media?parent=168630"}],"wp:term":[{"taxonomy":"category","embeddable":true,"href":"https:\/\/www.europesays.com\/fr\/wp-json\/wp\/v2\/categories?post=168630"},{"taxonomy":"post_tag","embeddable":true,"href":"https:\/\/www.europesays.com\/fr\/wp-json\/wp\/v2\/tags?post=168630"}],"curies":[{"name":"wp","href":"https:\/\/api.w.org\/{rel}","templated":true}]}}