{"id":168632,"date":"2025-06-11T16:20:23","date_gmt":"2025-06-11T16:20:23","guid":{"rendered":"https:\/\/www.europesays.com\/fr\/168632\/"},"modified":"2025-06-11T16:20:23","modified_gmt":"2025-06-11T16:20:23","slug":"mercato-lasse-sinteresserait-a-un-espoir-de-lac-ajaccio","status":"publish","type":"post","link":"https:\/\/www.europesays.com\/fr\/168632\/","title":{"rendered":"Mercato &#8211; L&rsquo;ASSE s&rsquo;int\u00e9resserait \u00e0 un espoir de l&rsquo;AC Ajaccio"},"content":{"rendered":"<p style=\"text-align: justify;\">Le chantier est cons\u00e9quent mais <strong>Saint-\u00c9tienne<\/strong> l\u2019a d\u00e9j\u00e0 bien entam\u00e9 : apr\u00e8s la rel\u00e9gation de <strong>Ligue 1<\/strong>, l\u2019ASSE se projette sur la saison 2025-2026 en\u00a0<strong>Ligue 2\u00a0<\/strong>et sur un mercato qui pourra lui permettre de remonter \u2013 ou au contraire le verra prendre du retard sur ses concurrents principaux en cas d\u2019erreurs trop nombreuses. Alors que Cardona et Bernauer ont sign\u00e9 d\u00e9finitivement et que quelques contrats pros ont \u00e9t\u00e9 offerts, <a href=\"https:\/\/maligue2.fr\/2025\/06\/10\/mercato-asse-la-premiere-recrue-des-verts-bientot-officialisee\/\" target=\"_blank\" rel=\"noopener\">Saint\u00e9 s\u2019appr\u00eate d\u00e9sormais \u00e0 accueillir au moins une recrue en provenance de l\u2019\u00e9tranger<\/a>. Avant de creuser la piste menant \u00e0 <strong>Tony Strata<\/strong> (AC <strong>Ajaccio<\/strong>) qui, d\u2019apr\u00e8s Le Progr\u00e8s, serait s\u00e9rieuse.<\/p>\n<p>\u00c0 lire aussi &gt;&gt;\u00a0<a href=\"https:\/\/maligue2.fr\/2025\/06\/11\/mercato-le-fc-nantes-cible-un-milieu-de-terrain-de-lasse\/\" target=\"_blank\" rel=\"noopener\">Mercato \u2013 Le FC Nantes cible un milieu de terrain de l\u2019ASSE<\/a><\/p>\n<p style=\"text-align: justify;\">\u00c2g\u00e9 de 20 ans (il f\u00eatera ses 21 en septembre), le jeune homme originaire de Roumanie \u2013 une nation qu\u2019il repr\u00e9sente au niveau Espoirs \u2013 compte d\u00e9j\u00e0 50 matchs avec l\u2019\u00e9quipe professionnelle de l\u2019ACA, dont 46 en Ligue 2 et 28 sur 34 possibles cette saison. Buteur contre Clermont mais \u00e9galement passeur d\u00e9cisif \u00e0 trois reprise, l\u2019arri\u00e8re droit polyvalent est sur une trajectoire ascendante et s\u2019est \u00e9panoui sous la direction de Thierry Deb\u00e8s sur la phase retour notamment. <a href=\"https:\/\/maligue2.fr\/2025\/05\/15\/ac-ajaccio-apres-un-report-du-passage-devant-la-dncg-la-course-contre-la-montre-a-commence\/\" target=\"_blank\" rel=\"noopener\">Ajaccio ayant un grand besoin de liquidit\u00e9s pour assurer son maintien administratif<\/a>, une vente para\u00eet in\u00e9vitable quand un grand club fortun\u00e9 comme Saint-\u00c9tienne vient toquer \u00e0 la porte. Mais peut-\u00eatre pas \u00e0 n\u2019importe quel prix\u2026<\/p>\n<p style=\"text-align: justify;\">Source : <a href=\"https:\/\/www.leprogres.fr\/sport\/2025\/06\/11\/bernauer-option-d-achat-levee-la-defense-de-l-asse-a-repenser?at_content=link&amp;at_term=leprogres_asse&amp;at_campaign=Twitter&amp;at_medium=Social&amp;at_source=nonli\" target=\"_blank\" rel=\"noopener\">leprogres.fr<\/a><\/p>\n<p>Photo Philippe Lecoeur\/FEP\/Icon Sport<\/p>\n","protected":false},"excerpt":{"rendered":"Le chantier est cons\u00e9quent mais Saint-\u00c9tienne l\u2019a d\u00e9j\u00e0 bien entam\u00e9 : apr\u00e8s la rel\u00e9gation de Ligue 1, l\u2019ASSE&hellip;\n","protected":false},"author":2,"featured_media":168633,"comment_status":"","ping_status":"","sticky":false,"template":"","format":"standard","meta":{"footnotes":""},"categories":[9653],"tags":[12128,1111,11,5622,2430,1777,674,1011,27,12,25,4001,30195],"class_list":{"0":"post-168632","1":"post","2":"type-post","3":"status-publish","4":"format-standard","5":"has-post-thumbnail","7":"category-saint-etienne","8":"tag-alaune7","9":"tag-actu","10":"tag-actualites","11":"tag-ajaccio","12":"tag-auvergne-rhone-alpes","13":"tag-eu","14":"tag-europe","15":"tag-fr","16":"tag-france","17":"tag-news","18":"tag-republique-francaise","19":"tag-saint-etienne","20":"tag-tony-strata"},"share_on_mastodon":{"url":"https:\/\/pubeurope.com\/@fr\/114665647230893604","error":""},"_links":{"self":[{"href":"https:\/\/www.europesays.com\/fr\/wp-json\/wp\/v2\/posts\/168632","targetHints":{"allow":["GET"]}}],"collection":[{"href":"https:\/\/www.europesays.com\/fr\/wp-json\/wp\/v2\/posts"}],"about":[{"href":"https:\/\/www.europesays.com\/fr\/wp-json\/wp\/v2\/types\/post"}],"author":[{"embeddable":true,"href":"https:\/\/www.europesays.com\/fr\/wp-json\/wp\/v2\/users\/2"}],"replies":[{"embeddable":true,"href":"https:\/\/www.europesays.com\/fr\/wp-json\/wp\/v2\/comments?post=168632"}],"version-history":[{"count":0,"href":"https:\/\/www.europesays.com\/fr\/wp-json\/wp\/v2\/posts\/168632\/revisions"}],"wp:featuredmedia":[{"embeddable":true,"href":"https:\/\/www.europesays.com\/fr\/wp-json\/wp\/v2\/media\/168633"}],"wp:attachment":[{"href":"https:\/\/www.europesays.com\/fr\/wp-json\/wp\/v2\/media?parent=168632"}],"wp:term":[{"taxonomy":"category","embeddable":true,"href":"https:\/\/www.europesays.com\/fr\/wp-json\/wp\/v2\/categories?post=168632"},{"taxonomy":"post_tag","embeddable":true,"href":"https:\/\/www.europesays.com\/fr\/wp-json\/wp\/v2\/tags?post=168632"}],"curies":[{"name":"wp","href":"https:\/\/api.w.org\/{rel}","templated":true}]}}