{"id":168634,"date":"2025-06-11T16:21:15","date_gmt":"2025-06-11T16:21:15","guid":{"rendered":"https:\/\/www.europesays.com\/fr\/168634\/"},"modified":"2025-06-11T16:21:15","modified_gmt":"2025-06-11T16:21:15","slug":"lhistorien-christophe-charle-dedicace-a-la-librairie-didier","status":"publish","type":"post","link":"https:\/\/www.europesays.com\/fr\/168634\/","title":{"rendered":"L\u2019historien Christophe Charle d\u00e9dicace \u00e0 la librairie Didier"},"content":{"rendered":"<p>Marc Didier accueille dans sa librairie l\u2019historien Christophe Charle, professeur \u00e9m\u00e9rite \u00e0 Panth\u00e9on-Sorbonne \u00e0 l\u2019occasion de la sortie de son dernier ouvrage Racines, rameaux, feuilles, essai de g\u00e9n\u00e9alogie sociale et intellectuelle paru aux \u00e9ditions de la Sorbonne.<\/p>\n<p>L\u2019historien retrace le parcours social et culturel des familles dont il est issu ainsi que les \u00e9tapes de son propre itin\u00e9raire socio-intellectuel. Ce double projet s\u2019appuie sur une microhistoire de la France au plus pr\u00e8s des diff\u00e9rentes g\u00e9n\u00e9rations gr\u00e2ce \u00e0 une enqu\u00eate historique et revisite certaines grandes \u00e9volutions de l\u2019histoire universitaire du pays telle qu\u2019il l\u2019a v\u00e9cue sur un demi-si\u00e8cle.<\/p>\n<p class=\"note\">Vendredi 13\u00a0juin, de 16\u00a0h\u00a030 \u00e0 17\u00a0h\u00a030, librairie Didier, 6, rue Gambetta, \u00e0 Nancy. M.\u00a0Charle donnera ensuite une conf\u00e9rence dans les locaux de Sciences Po, avenue de Strasbourg.<\/p>\n","protected":false},"excerpt":{"rendered":"Marc Didier accueille dans sa librairie l\u2019historien Christophe Charle, professeur \u00e9m\u00e9rite \u00e0 Panth\u00e9on-Sorbonne \u00e0 l\u2019occasion de la sortie&hellip;\n","protected":false},"author":2,"featured_media":168635,"comment_status":"","ping_status":"","sticky":false,"template":"","format":"standard","meta":{"footnotes":""},"categories":[9635],"tags":[1111,11,1687,1704,1777,674,1011,27,775,2410,1702,1703,12,25],"class_list":{"0":"post-168634","1":"post","2":"type-post","3":"status-publish","4":"format-standard","5":"has-post-thumbnail","7":"category-nancy","8":"tag-actu","9":"tag-actualites","10":"tag-culture-loisirs","11":"tag-edition-nancy-et-agglomeration","12":"tag-eu","13":"tag-europe","14":"tag-fr","15":"tag-france","16":"tag-grand-est","17":"tag-livres-bd","18":"tag-nancy","19":"tag-nancy-ville-54b","20":"tag-news","21":"tag-republique-francaise"},"share_on_mastodon":{"url":"https:\/\/pubeurope.com\/@fr\/114665651159477985","error":""},"_links":{"self":[{"href":"https:\/\/www.europesays.com\/fr\/wp-json\/wp\/v2\/posts\/168634","targetHints":{"allow":["GET"]}}],"collection":[{"href":"https:\/\/www.europesays.com\/fr\/wp-json\/wp\/v2\/posts"}],"about":[{"href":"https:\/\/www.europesays.com\/fr\/wp-json\/wp\/v2\/types\/post"}],"author":[{"embeddable":true,"href":"https:\/\/www.europesays.com\/fr\/wp-json\/wp\/v2\/users\/2"}],"replies":[{"embeddable":true,"href":"https:\/\/www.europesays.com\/fr\/wp-json\/wp\/v2\/comments?post=168634"}],"version-history":[{"count":0,"href":"https:\/\/www.europesays.com\/fr\/wp-json\/wp\/v2\/posts\/168634\/revisions"}],"wp:featuredmedia":[{"embeddable":true,"href":"https:\/\/www.europesays.com\/fr\/wp-json\/wp\/v2\/media\/168635"}],"wp:attachment":[{"href":"https:\/\/www.europesays.com\/fr\/wp-json\/wp\/v2\/media?parent=168634"}],"wp:term":[{"taxonomy":"category","embeddable":true,"href":"https:\/\/www.europesays.com\/fr\/wp-json\/wp\/v2\/categories?post=168634"},{"taxonomy":"post_tag","embeddable":true,"href":"https:\/\/www.europesays.com\/fr\/wp-json\/wp\/v2\/tags?post=168634"}],"curies":[{"name":"wp","href":"https:\/\/api.w.org\/{rel}","templated":true}]}}