{"id":168650,"date":"2025-06-11T16:29:11","date_gmt":"2025-06-11T16:29:11","guid":{"rendered":"https:\/\/www.europesays.com\/fr\/168650\/"},"modified":"2025-06-11T16:29:11","modified_gmt":"2025-06-11T16:29:11","slug":"seyssins-un-espace-pour-faire-du-sport-a-lexterieur-gratuitement","status":"publish","type":"post","link":"https:\/\/www.europesays.com\/fr\/168650\/","title":{"rendered":"Seyssins. Un espace pour faire du sport \u00e0 l\u2019ext\u00e9rieur gratuitement"},"content":{"rendered":"<p>La commune de Seyssins vient de se doter de deux espaces de fitness \u00e0 ciel ouvert, l\u2019un au parc Fran\u00e7ois-Mitterrand, l\u2019autre \u00e0 proximit\u00e9 imm\u00e9diate de l\u2019\u00e9cole Condorcet, sur le plateau d\u2019\u00e9volution.<\/p>\n<p>Agr\u00e8s, anneaux, tireur pousseur, steps\u2026 Ces \u00e9quipements en libre acc\u00e8s permettront aux sportifs, qu\u2019ils soient novices ou confirm\u00e9s, comme aux populations plus s\u00e9dentaires, de bouger, de se d\u00e9penser et d\u2019entretenir leur forme en plein air.<\/p>\n<p>Les Seyssinois sont invit\u00e9s \u00e0 partager un moment convivial \u00e0 l\u2019occasion de l\u2019inauguration de ces nouveaux espaces. Rendez-vous lundi 16\u00a0juin \u00e0 18\u00a0h\u00a030 \u00e0 l\u2019espace fitness du quartier du village.<\/p>\n","protected":false},"excerpt":{"rendered":"La commune de Seyssins vient de se doter de deux espaces de fitness \u00e0 ciel ouvert, l\u2019un au&hellip;\n","protected":false},"author":2,"featured_media":168651,"comment_status":"","ping_status":"","sticky":false,"template":"","format":"standard","meta":{"footnotes":""},"categories":[9566],"tags":[1111,11,2430,1687,112,1777,674,1011,27,2731,12278,12,25,12277,104],"class_list":{"0":"post-168650","1":"post","2":"type-post","3":"status-publish","4":"format-standard","5":"has-post-thumbnail","7":"category-grenoble","8":"tag-actu","9":"tag-actualites","10":"tag-auvergne-rhone-alpes","11":"tag-culture-loisirs","12":"tag-edition-grenoble-agglomeration","13":"tag-eu","14":"tag-europe","15":"tag-fr","16":"tag-france","17":"tag-grenoble","18":"tag-lagglomeration-et-le-vercors","19":"tag-news","20":"tag-republique-francaise","21":"tag-seyssins","22":"tag-societe"},"share_on_mastodon":{"url":"https:\/\/pubeurope.com\/@fr\/114665682593334919","error":""},"_links":{"self":[{"href":"https:\/\/www.europesays.com\/fr\/wp-json\/wp\/v2\/posts\/168650","targetHints":{"allow":["GET"]}}],"collection":[{"href":"https:\/\/www.europesays.com\/fr\/wp-json\/wp\/v2\/posts"}],"about":[{"href":"https:\/\/www.europesays.com\/fr\/wp-json\/wp\/v2\/types\/post"}],"author":[{"embeddable":true,"href":"https:\/\/www.europesays.com\/fr\/wp-json\/wp\/v2\/users\/2"}],"replies":[{"embeddable":true,"href":"https:\/\/www.europesays.com\/fr\/wp-json\/wp\/v2\/comments?post=168650"}],"version-history":[{"count":0,"href":"https:\/\/www.europesays.com\/fr\/wp-json\/wp\/v2\/posts\/168650\/revisions"}],"wp:featuredmedia":[{"embeddable":true,"href":"https:\/\/www.europesays.com\/fr\/wp-json\/wp\/v2\/media\/168651"}],"wp:attachment":[{"href":"https:\/\/www.europesays.com\/fr\/wp-json\/wp\/v2\/media?parent=168650"}],"wp:term":[{"taxonomy":"category","embeddable":true,"href":"https:\/\/www.europesays.com\/fr\/wp-json\/wp\/v2\/categories?post=168650"},{"taxonomy":"post_tag","embeddable":true,"href":"https:\/\/www.europesays.com\/fr\/wp-json\/wp\/v2\/tags?post=168650"}],"curies":[{"name":"wp","href":"https:\/\/api.w.org\/{rel}","templated":true}]}}