{"id":168658,"date":"2025-06-11T16:33:16","date_gmt":"2025-06-11T16:33:16","guid":{"rendered":"https:\/\/www.europesays.com\/fr\/168658\/"},"modified":"2025-06-11T16:33:16","modified_gmt":"2025-06-11T16:33:16","slug":"pia-imbs-ne-briguera-pas-de-nouveau-mandat-en-2026","status":"publish","type":"post","link":"https:\/\/www.europesays.com\/fr\/168658\/","title":{"rendered":"Pia Imbs ne briguera pas de nouveau mandat en 2026"},"content":{"rendered":"<p>Elle a pris sa d\u00e9cision et n\u2019y reviendra pas. <a href=\"https:\/\/www.dna.fr\/p\/pia-imbs\" target=\"_blank\" rel=\"noopener\">Pia Imbs<\/a>, organis\u00e9e, m\u00e9thodique, a voulu l\u2019annoncer avant l\u2019\u00e9t\u00e9 pour laisser \u00e0 son \u00e9quipe municipale le temps de la r\u00e9flexion et, esp\u00e8re-t-elle, celui de former une liste, monter un projet en vue de l\u2019\u00e9ch\u00e9ance \u00e9lectorale de 2026.<\/p>\n<p>C\u2019est aux \u00e9lus de Holtzheim, tous issus de sa propre majorit\u00e9, qu\u2019elle a donn\u00e9 la primeur de la nouvelle, mardi soir 10 juin. \u00ab\u00a0Il y a douze ans, je m\u2019\u00e9tais engag\u00e9e aupr\u00e8s d\u2019eux pour deux mandats, pas plus\u00a0; je suis fid\u00e8le \u00e0 ma parole en ne briguant pas de troisi\u00e8me mandat\u00a0\u00bb, explique-t-elle.<\/p>\n<p>  Grands dossiers et serpents de mer<\/p>\n<p><a href=\"https:\/\/www.dna.fr\/edition-de-strasbourg-communaute\/2014\/04\/02\/pia-imbs-est-installee\" target=\"_blank\" rel=\"noopener\">En 2014, la liste de Pia Imbs<\/a> sort largement vainqueur des urnes face \u00e0 Andr\u00e9 Stoeffler, maire de Holtzheim depuis 25 ans. Pour cette docteure en sciences \u00e9conomiques et ma\u00eetre de conf\u00e9rences en sciences de gestion, issue d\u2019une famille d\u2019agriculteurs du village, c\u2019est le d\u00e9but d\u2019un r\u00e9el engagement politique local. D\u00e8s son premier mandat, elle prend \u00e0 l\u2019Eurom\u00e9tropole la t\u00eate d\u2019un groupe de neuf \u00e9lus issus de \u00ab\u00a0petites\u00a0\u00bb communes.<\/p>\n<p>En 2020, elle est la premi\u00e8re maire issue d\u2019une commune de seconde couronne, sans \u00e9tiquette politique, <a href=\"https:\/\/www.dna.fr\/politique\/2020\/07\/15\/mais-qui-est-pia-imbs-la-nouvelle-presidente-de-l-eurometropole\" target=\"_blank\" rel=\"noopener\">\u00e9lue pr\u00e9sidente de la collectivit\u00e9<\/a>. Ses ambitions\u00a0: concilier \u00e9cologie et \u00e9conomie, incarner une m\u00e9tropole \u00ab\u00a0\u00e9quitable\u00a0\u00bb, \u00ab\u00a0plus participative\u00a0\u00bb et \u00ab\u00a0plus europ\u00e9enne\u00a0\u00bb.<\/p>\n<ul class=\"galerieContent carousel-wrapper__slides\" id=\"ed86a957-b70b-4a45-ac23-f1c569b385ff\">        &#13;<\/p>\n<li class=\"carousel-wrapper__slides--slide item\" id=\"slide-1\">&#13;<br \/>\n                                    &#13;<br \/>\n                        <a class=\"chocolat-image GA-tracking\" data-ga_type=\"click\" data-ga_category=\"D\u00e9tail\" data-ga_action=\"zoomer\" data-ga_label=\"aggrandir image\" href=\"https:\/\/cdn-s-www.dna.fr\/images\/24286b59-47a9-4145-8d40-c1c35569df69\/NW_raw\/pia-imbs-et-ses-six-adjoints-lorsque-sa-liste-sort-victorieuse-du-scrutin-en-2014-document-remis-1441689124.jpg\" title=\"Pia Imbs et ses six adjoints, lorsque sa liste sort victorieuse du scrutin en 2014. Document remis\" target=\"_blank\" rel=\"noopener\">&#13;<br \/>\n                            <img decoding=\"async\" src=\"https:\/\/www.europesays.com\/fr\/wp-content\/uploads\/2025\/06\/pia-imbs-et-ses-six-adjoints-lorsque-sa-liste-sort-victorieuse-du-scrutin-en-2014-document-remis-174.jpeg\"   alt=\"Pia Imbs et ses six adjoints, lorsque sa liste sort victorieuse du scrutin en 2014. Document remis\" fetchpriority=\"high\" data-mobile=\"NW_listA_M|1441689124\" data-base=\"NW_listA|1743413192\"\/>&#13;<br \/>\n                        <\/a>&#13;<\/p>\n<p>Pia Imbs et ses six adjoints, lorsque sa liste sort victorieuse du scrutin en 2014. Document remis<\/p>\n<p>                        &#13;<br \/>\n                                           &#13;\n                <\/li>\n<p>&#13;<br \/>\n            &#13;<\/p>\n<li class=\"carousel-wrapper__slides--slide item slideWithPub\" id=\"slide-2\">&#13;<br \/>\n                        &#13;<br \/>\n                            <a class=\"chocolat-image\" title=\"Publicit\u00e9\" href=\"data:image\/gif;base64,R0lGODlhAQABAAD\/ACwAAAAAAQABAAACADs=\">&#13;<br \/>\n                                <img decoding=\"async\" src=\"data:image\/gif;base64,R0lGODlhAQABAAD\/ACwAAAAAAQABAAACADs=\" alt=\"Publicit\u00e9\" loading=\"lazy\" fetchpriority=\"low\"\/>&#13;<br \/>\n                            <\/a>&#13;<br \/>\n                        &#13;\n                    <\/li>\n<p>&#13;<\/p>\n<li class=\"carousel-wrapper__slides--slide item\" id=\"slide-3\">&#13;<br \/>\n                                    &#13;<br \/>\n                        <a class=\"chocolat-image GA-tracking\" data-ga_type=\"click\" data-ga_category=\"D\u00e9tail\" data-ga_action=\"zoomer\" data-ga_label=\"aggrandir image\" href=\"https:\/\/cdn-s-www.dna.fr\/images\/2315f067-d8ac-4d69-866a-f0ae02473287\/NW_raw\/en-2020-pia-imbs-est-elue-presidente-de-l-eurometropole-de-strasbourg-photo-archives-jean-marc-loos-1594825735.jpg\" title=\"En 2020, Pia Imbs est \u00e9lue pr\u00e9sidente de l&#039;Eurometropole de Strasbourg. Photo archives Jean-Marc Loos\" target=\"_blank\" rel=\"noopener\">&#13;<br \/>\n                            <img decoding=\"async\" src=\"https:\/\/www.europesays.com\/fr\/wp-content\/uploads\/2025\/06\/en-2020-pia-imbs-est-elue-presidente-de-l-eurometropole-de-strasbourg-photo-archives-jean-marc-loos-.jpeg\"   alt=\"En 2020, Pia Imbs est \u00e9lue pr\u00e9sidente de l'Eurometropole de Strasbourg. Photo archives Jean-Marc Loos\" loading=\"lazy\" fetchpriority=\"low\" data-mobile=\"NW_listA_M|1594825735\" data-base=\"NW_listA|1743413192\"\/>&#13;<br \/>\n                        <\/a>&#13;<\/p>\n<p>En 2020, Pia Imbs est \u00e9lue pr\u00e9sidente de l&rsquo;Eurometropole de Strasbourg. Photo archives Jean-Marc Loos<\/p>\n<p>                        &#13;<br \/>\n                                           &#13;\n                <\/li>\n<p>&#13;<br \/>\n            &#13;<\/p>\n<li class=\"carousel-wrapper__slides--slide item\" id=\"slide-4\">&#13;<br \/>\n                                    &#13;<br \/>\n                        <a class=\"chocolat-image GA-tracking\" data-ga_type=\"click\" data-ga_category=\"D\u00e9tail\" data-ga_action=\"zoomer\" data-ga_label=\"aggrandir image\" href=\"https:\/\/cdn-s-www.dna.fr\/images\/c8d34382-93d5-4ada-a539-0b389ba391fb\/NW_raw\/le-reseau-express-metropolitain-europeen-est-lance-en-decembre-2022-18-mois-plus-tard-la-presidente-de-l-eurometropole-est-a-vendenheim-avec-thibaud-philipps-franck-leroy-et-alain-jund-pour-faire-le-bilan-apres-des-debuts-mouvementes-pour-le-dispositif-photo-laurent-rea-1749635660.jpg\" title=\"Le r\u00e9seau express m\u00e9tropolitain europ\u00e9en est lanc\u00e9 en d\u00e9cembre 2022. 18 mois plus tard, la pr\u00e9sidente de l&#039;Eurom\u00e9tropole est \u00e0 Vendenheim avec Thibaud Philipps, Franck Leroy et Alain Jund pour faire le bilan, apr\u00e8s des d\u00e9buts mouvement\u00e9s pour le dispositif. Photo Laurent Rea\" target=\"_blank\" rel=\"noopener\">&#13;<br \/>\n                            <img decoding=\"async\" src=\"https:\/\/www.europesays.com\/fr\/wp-content\/uploads\/2025\/06\/le-reseau-express-metropolitain-europeen-est-lance-en-decembre-2022-18-mois-plus-tard-la-presidente-.jpeg\"   alt=\"Le r\u00e9seau express m\u00e9tropolitain europ\u00e9en est lanc\u00e9 en d\u00e9cembre 2022. 18 mois plus tard, la pr\u00e9sidente de l'Eurom\u00e9tropole est \u00e0 Vendenheim avec Thibaud Philipps, Franck Leroy et Alain Jund pour faire le bilan, apr\u00e8s des d\u00e9buts mouvement\u00e9s pour le dispositif. Photo Laurent Rea\" loading=\"lazy\" fetchpriority=\"low\" data-mobile=\"NW_listA_M|1749635660\" data-base=\"NW_listA|1749635660\"\/>&#13;<br \/>\n                        <\/a>&#13;<\/p>\n<p>Le r\u00e9seau express m\u00e9tropolitain europ\u00e9en est lanc\u00e9 en d\u00e9cembre 2022. 18 mois plus tard, la pr\u00e9sidente de l&rsquo;Eurom\u00e9tropole est \u00e0 Vendenheim avec Thibaud Philipps, Franck Leroy et Alain Jund pour faire le bilan, apr\u00e8s des d\u00e9buts mouvement\u00e9s pour le dispositif. Photo Laurent Rea<\/p>\n<p>                        &#13;<br \/>\n                                           &#13;\n                <\/li>\n<p>&#13;<br \/>\n            &#13;<\/p>\n<li class=\"carousel-wrapper__slides--slide item\" id=\"slide-5\">&#13;<br \/>\n                                    &#13;<br \/>\n                        <a class=\"chocolat-image GA-tracking\" data-ga_type=\"click\" data-ga_category=\"D\u00e9tail\" data-ga_action=\"zoomer\" data-ga_label=\"aggrandir image\" href=\"https:\/\/cdn-s-www.dna.fr\/images\/0966417f-b741-488c-95bc-56981d4d4994\/NW_raw\/octobre-2023-c-est-l-heure-de-poser-la-premiere-pierre-pour-lancer-le-chantier-de-renovaton-et-d-agrandissement-du-stade-de-la-meinau-en-presence-de-la-ministre-de-la-transition-energetique-agnes-pannier-runacher-et-du-president-du-racing-marc-keller-photo-laurent-rea-1749635660.jpg\" title=\"Octobre 2023 : c&#039;est l&#039;heure de poser la premi\u00e8re pierre pour lancer le chantier de r\u00e9novaton et d&#039;agrandissement du stade de la Meinau. En pr\u00e9sence de la ministre de la Transition \u00e9nerg\u00e9tique, Agn\u00e8s Pannier-Runacher, et du pr\u00e9sident du Racing Marc Keller. Photo Laurent Rea\" target=\"_blank\" rel=\"noopener\">&#13;<br \/>\n                            <img decoding=\"async\" src=\"https:\/\/www.europesays.com\/fr\/wp-content\/uploads\/2025\/06\/octobre-2023-c-est-l-heure-de-poser-la-premiere-pierre-pour-lancer-le-chantier-de-renovaton-et-d-agr.jpeg\"   alt=\"Octobre 2023 : c'est l'heure de poser la premi\u00e8re pierre pour lancer le chantier de r\u00e9novaton et d'agrandissement du stade de la Meinau. En pr\u00e9sence de la ministre de la Transition \u00e9nerg\u00e9tique, Agn\u00e8s Pannier-Runacher, et du pr\u00e9sident du Racing Marc Keller. Photo Laurent Rea\" loading=\"lazy\" fetchpriority=\"low\" data-mobile=\"NW_listA_M|1749635660\" data-base=\"NW_listA|1749635660\"\/>&#13;<br \/>\n                        <\/a>&#13;<\/p>\n<p>Octobre 2023 : c&rsquo;est l&rsquo;heure de poser la premi\u00e8re pierre pour lancer le chantier de r\u00e9novaton et d&rsquo;agrandissement du stade de la Meinau. En pr\u00e9sence de la ministre de la Transition \u00e9nerg\u00e9tique, Agn\u00e8s Pannier-Runacher, et du pr\u00e9sident du Racing Marc Keller. Photo Laurent Rea<\/p>\n<p>                        &#13;<br \/>\n                                           &#13;\n                <\/li>\n<p>&#13;<br \/>\n            &#13;<\/p>\n<li class=\"carousel-wrapper__slides--slide item\" id=\"slide-6\">&#13;<br \/>\n                                    &#13;<br \/>\n                        <a class=\"chocolat-image GA-tracking\" data-ga_type=\"click\" data-ga_category=\"D\u00e9tail\" data-ga_action=\"zoomer\" data-ga_label=\"aggrandir image\" href=\"https:\/\/cdn-s-www.dna.fr\/images\/4eaf02b4-4318-4335-8166-a05a96ece322\/NW_raw\/le-19-janvier-2024-la-presidente-de-l-eurometropole-est-au-rendez-vous-de-l-inauguration-de-la-mediatheque-frida-kahlo-a-schiltigheim-photo-laurent-rea-1705697567.jpg\" title=\"Le 19 janvier 2024, la pr\u00e9sidente de l&#039;Eurom\u00e9tropole est au rendez-vous de l&#039;inauguration de la m\u00e9diath\u00e8que Frida Kahlo, \u00e0 Schiltigheim. Photo Laurent Rea\" target=\"_blank\" rel=\"noopener\">&#13;<br \/>\n                            <img decoding=\"async\" src=\"https:\/\/www.europesays.com\/fr\/wp-content\/uploads\/2025\/06\/le-19-janvier-2024-la-presidente-de-l-eurometropole-est-au-rendez-vous-de-l-inauguration-de-la-media.jpeg\"   alt=\"Le 19 janvier 2024, la pr\u00e9sidente de l'Eurom\u00e9tropole est au rendez-vous de l'inauguration de la m\u00e9diath\u00e8que Frida Kahlo, \u00e0 Schiltigheim. Photo Laurent Rea\" loading=\"lazy\" fetchpriority=\"low\" data-mobile=\"NW_listA_M|1705697567\" data-base=\"NW_listA|1743413192\"\/>&#13;<br \/>\n                        <\/a>&#13;<\/p>\n<p>Le 19 janvier 2024, la pr\u00e9sidente de l&rsquo;Eurom\u00e9tropole est au rendez-vous de l&rsquo;inauguration de la m\u00e9diath\u00e8que Frida Kahlo, \u00e0 Schiltigheim. Photo Laurent Rea<\/p>\n<p>                        &#13;<br \/>\n                                           &#13;\n                <\/li>\n<p>&#13;<br \/>\n            &#13;<\/p>\n<li class=\"carousel-wrapper__slides--slide item slideWithPub\" id=\"slide-7\">&#13;<br \/>\n                        &#13;<br \/>\n                            <a class=\"chocolat-image\" title=\"Publicit\u00e9\" href=\"data:image\/gif;base64,R0lGODlhAQABAAD\/ACwAAAAAAQABAAACADs=\">&#13;<br \/>\n                                <img decoding=\"async\" src=\"data:image\/gif;base64,R0lGODlhAQABAAD\/ACwAAAAAAQABAAACADs=\" alt=\"Publicit\u00e9\" loading=\"lazy\" fetchpriority=\"low\"\/>&#13;<br \/>\n                            <\/a>&#13;<br \/>\n                        &#13;\n                    <\/li>\n<p>&#13;<\/p>\n<li class=\"carousel-wrapper__slides--slide item\" id=\"slide-8\">&#13;<br \/>\n                                    &#13;<br \/>\n                        <a class=\"chocolat-image GA-tracking\" data-ga_type=\"click\" data-ga_category=\"D\u00e9tail\" data-ga_action=\"zoomer\" data-ga_label=\"aggrandir image\" href=\"https:\/\/cdn-s-www.dna.fr\/images\/5d1741b1-d7d9-4c1f-8e7a-5a0ad2fa5dfb\/NW_raw\/le-26-aout-2024-pia-imbs-est-avec-josiane-chevalier-jeanne-barseghian-isabelle-halb-et-alain-jund-pour-la-pose-du-premier-rail-du-tram-ouest-a-wolfisheim-photo-thomas-toussaint-1725130521.jpg\" title=\"Le 26 ao\u00fbt 2024, Pia Imbs est avec Josiane Chevalier, Jeanne Barseghian, Isabelle Halb et Alain Jund pour la pose du premier rail du tram ouest \u00e0 Wolfisheim. Photo Thomas Toussaint\" target=\"_blank\" rel=\"noopener\">&#13;<br \/>\n                            <img decoding=\"async\" src=\"https:\/\/www.europesays.com\/fr\/wp-content\/uploads\/2025\/06\/le-26-aout-2024-pia-imbs-est-avec-josiane-chevalier-jeanne-barseghian-isabelle-halb-et-alain-jund-po.jpeg\"   alt=\"Le 26 ao\u00fbt 2024, Pia Imbs est avec Josiane Chevalier, Jeanne Barseghian, Isabelle Halb et Alain Jund pour la pose du premier rail du tram ouest \u00e0 Wolfisheim. Photo Thomas Toussaint\" loading=\"lazy\" fetchpriority=\"low\" data-mobile=\"NW_listA_M|1725130521\" data-base=\"NW_listA|1743413192\"\/>&#13;<br \/>\n                        <\/a>&#13;<\/p>\n<p>Le 26 ao\u00fbt 2024, Pia Imbs est avec Josiane Chevalier, Jeanne Barseghian, Isabelle Halb et Alain Jund pour la pose du premier rail du tram ouest \u00e0 Wolfisheim. Photo Thomas Toussaint<\/p>\n<p>                        &#13;<br \/>\n                                           &#13;\n                <\/li>\n<p>&#13;<br \/>\n            &#13;\n                <\/ul>\n<p>\u00ab \u00c0 l\u2019EMS, l\u2019essentiel de la feuille de route a \u00e9t\u00e9 r\u00e9alis\u00e9. J\u2019ai la certitude qu\u2019avec mon ex\u00e9cutif on aura transform\u00e9 le territoire\u00a0\u00bb, analyse-t-elle, citant les investissements structurants, <a href=\"https:\/\/www.dna.fr\/economie\/2024\/08\/23\/priorite-aux-mobilites-l-eurometropole-poursuit-le-voyage\" target=\"_blank\" rel=\"noopener\">\u00ab\u00a0la r\u00e9volution des mobilit\u00e9s\u00a0\u00bb<\/a> , \u00ab\u00a0la <a href=\"https:\/\/www.dna.fr\/economie\/2025\/05\/26\/energies-renouvelables-une-spl-pour-autoproduire-7-5-des-besoins-en-electricite\" target=\"_blank\" rel=\"noopener\">transition \u00e9nerg\u00e9tique<\/a> \u00a0\u00bb, \u00ab\u00a0les soutiens \u00e0 l\u2019\u00e9conomie\u00a0\u00bb ou encore le dialogue avec les territoires voisins.<\/p>\n<p>La pr\u00e9sidente de l\u2019EMS se targue aussi d\u2019avoir fait aboutir \u00ab\u00a0des dossiers serpents de mer\u00a0\u00bb, comme <a href=\"https:\/\/www.dna.fr\/sport\/2022\/01\/14\/le-permis-de-construire-est-depose\" target=\"_blank\" rel=\"noopener\">l\u2019agrandissement du stade de la Meinau<\/a> , le <a href=\"https:\/\/www.dna.fr\/d\/reseau-express-metropolitain-le-reme-un-rer-pour-l-eurometropole-de-strasbourg-et-sa-region-bb1c8e67-f52a-4e15-9e9b-734800d9acf2\" target=\"_blank\" rel=\"noopener\">r\u00e9seau express m\u00e9tropolitain<\/a> (avec la R\u00e9gion), <a href=\"https:\/\/www.dna.fr\/politique\/2023\/07\/19\/fin-heureuse-pour-le-feuilleton-osmose\" target=\"_blank\" rel=\"noopener\">la location du b\u00e2timent Osmose<\/a> (Simone-Veil) au <a href=\"https:\/\/www.dna.fr\/p\/parlement-europeen\" target=\"_blank\" rel=\"noopener\">Parlement europ\u00e9en<\/a> \u00ab\u00a0alors que plus personne n\u2019y croyait\u00a0\u00bb, la cr\u00e9ation de l\u2019 <a href=\"https:\/\/www.dna.fr\/economie\/2024\/07\/18\/le-nouvel-office-eurometropolitain-de-tourisme-est-en-piste\" target=\"_blank\" rel=\"noopener\">office de tourisme eurom\u00e9tropolitain<\/a> , la <a href=\"https:\/\/www.dna.fr\/culture-loisirs\/2025\/02\/14\/la-mediatheque-frida-kahlo-apaisee-un-an-apres-son-ouverture\" target=\"_blank\" rel=\"noopener\">m\u00e9diath\u00e8que Frida-Kahlo<\/a> \u2026 Des r\u00e9ussites, malgr\u00e9 les difficult\u00e9s qui se sont succ\u00e9d\u00e9 (Covid, flamb\u00e9e des co\u00fbts de l\u2019\u00e9nergie et des mat\u00e9riaux, restrictions budg\u00e9taires), souligne-t-elle.<\/p>\n<p>  La voie du compromis malgr\u00e9 les crispations<\/p>\n<p><a href=\"https:\/\/www.dna.fr\/d\/tram-nord-de-l-eurometropole-de-strasbourg-quelle-suite-apres-l-avis-defavorable-de-la-commission-d-enquete-f583c350-74f4-4fc1-95df-839101ae226a\" target=\"_blank\" rel=\"noopener\">L\u2019\u00e9chec du tram nord<\/a> ne semble pas l\u2019\u00e9branler\u00a0: \u00ab\u00a0Je consid\u00e8re qu\u2019un dossier qui n\u2019aboutit pas est \u00e0 reprendre avec une autre m\u00e9thode, ce que nous faisons.\u00a0\u00bb Quant aux dissensions au sein de sa coalition, elle les balaye d\u2019un revers de main.<\/p>\n<p>\u00ab\u00a0Si je me r\u00e9f\u00e8re aux difficult\u00e9s \u00e0 l\u2019\u00e9chelle nationale, je peux me f\u00e9liciter d\u2019avoir gard\u00e9 une stabilit\u00e9 dans cette gouvernance. Je suis rest\u00e9e tr\u00e8s pragmatique, je pense avoir trouv\u00e9 le sens de l\u2019\u00e9quilibre et du compromis, par exemple lorsque nous avons <a href=\"https:\/\/www.dna.fr\/environnement\/2024\/09\/18\/zfe-de-strasbourg-l-interdiction-des-vignettes-crit-air-3-repoussee-a-fin-2026\" target=\"_blank\" rel=\"noopener\">repouss\u00e9 l\u2019interdiction de circulation des Crit\u2019Air3<\/a> \u00a0\u00bb, d\u00e9veloppe Pia Imbs. Elle regrette cependant la crispation du \u00ab\u00a0dialogue transpartisan\u00a0\u00bb au sein d\u2019une assembl\u00e9e tr\u00e8s politis\u00e9e, alors \u00ab\u00a0que la main est tendue pour collaborer\u00a0\u00bb.<\/p>\n<p>Insultes et menaces<\/p>\n<p>Une ombre plane cependant sur ce mandat. En tant que maire et pr\u00e9sidente de l\u2019Eurom\u00e9tropole, Pia Imbs a \u00e9t\u00e9 oblig\u00e9e de demander la protection fonctionnelle et de porter plainte, suite \u00e0 des insultes et des menaces, particuli\u00e8rement sur les r\u00e9seaux sociaux.<\/p>\n<p>\u00ab\u00a0Je ne suis pas la seule dans ce cas, c\u2019est le lot de plus en plus d\u2019\u00e9lus\u00a0\u00bb insiste-t-elle, \u00ab\u00a0C\u2019est la soci\u00e9t\u00e9 telle qu\u2019elle \u00e9volue, les fake news qui se multiplient\u00a0\u00bb.<\/p>\n<p>    &#13;<br \/>\n    &#13;<br \/>\n    &#13;<br \/>\n    <a href=\"https:\/\/cdn-s-www.dna.fr\/images\/9ee2f470-1180-4480-aba2-98cce407f86c\/NW_raw\/pia-imbs-regrette-la-crispation-du-dialogue-transpartisan-au-sein-d-une-assemblee-tres-politisee-photo-archives-cedric-joubert-1687976261.jpg\" title=\"Pia Imbs regrette la crispation du \u00ab\u00a0dialogue transpartisan\u00a0\u00bb au sein d\u2019une assembl\u00e9e tr\u00e8s politis\u00e9e.\u00a0 Photo archives C\u00e9dric Joubert\" class=\"chocolat-image GA-tracking\" data-ga_type=\"click\" data-ga_category=\"D\u00e9tail\" data-ga_action=\"zoomer\" data-ga_label=\"aggrandir image\" target=\"_blank\" rel=\"noopener\">&#13;<br \/>\n        <img src=\"https:\/\/www.europesays.com\/fr\/wp-content\/uploads\/2025\/06\/pia-imbs-regrette-la-crispation-du-dialogue-transpartisan-au-sein-d-une-assemblee-tres-politisee-pho.jpeg\"   alt=\"Pia Imbs regrette la crispation du \u00ab\u00a0dialogue transpartisan\u00a0\u00bb au sein d\u2019une assembl\u00e9e tr\u00e8s politis\u00e9e.\u00a0 Photo archives C\u00e9dric Joubert\" fetchpriority=\"high\" decoding=\"async\" data-mobile=\"NW_listA_M|1687976261\" data-base=\"NW_listA|1743413192\"\/>&#13;<br \/>\n    <\/a>&#13;<\/p>\n<p>Pia Imbs regrette la crispation du \u00ab\u00a0dialogue transpartisan\u00a0\u00bb au sein d\u2019une assembl\u00e9e tr\u00e8s politis\u00e9e.\u00a0 Photo archives C\u00e9dric Joubert<\/p>\n<p>  Sacrifices personnels<\/p>\n<p>Si \u00ab\u00a0la politesse r\u00e9publicaine\u00a0\u00bb l\u2019oblige \u00e0 rendre sa d\u00e9cision publique d\u00e8s \u00e0 pr\u00e9sent, Pia Imbs reste \u00ab\u00a0pleinement engag\u00e9e\u00a0\u00bb jusqu\u2019au bout de son mandat, entour\u00e9e qu\u2019elle est \u00ab\u00a0d\u2019agents d\u00e9vou\u00e9s\u00a0\u00bb. \u00ab\u00a0Je consid\u00e8re que servir une commune, une m\u00e9tropole est un honneur, une aventure humaine int\u00e9ressante mais exigeante qui demande beaucoup de temps et d\u2019implication, de sacrifices personnels\u00a0\u00bb.<\/p>\n<p>\u00c0 Holtzheim, o\u00f9 l\u2019un de ses adjoints a fait d\u00e9fection, elle veut donner la priorit\u00e9 \u00e0 la r\u00e9alisation d\u2019un p\u00e9riscolaire \u2013 un projet sera choisi avant mars\u00a02026. \u00c0 l\u2019Eurom\u00e9tropole, des dossiers vont suivre leur cours, d\u2019autres conna\u00eetre leur \u00e9pilogue\u00a0: la <a href=\"https:\/\/www.dna.fr\/environnement\/2025\/03\/07\/nouvelle-station-d-epuration-sud-l-enquete-publique-est-lancee#PlugCommentsList2\" target=\"_blank\" rel=\"noopener\">centrale thermique<\/a> de Hautepierre, <a href=\"https:\/\/www.dna.fr\/politique\/2025\/05\/06\/le-tram-ouest-cherche-la-bonne-voix\" target=\"_blank\" rel=\"noopener\">le tram ouest<\/a> , la <a href=\"https:\/\/www.dna.fr\/environnement\/2025\/03\/07\/nouvelle-station-d-epuration-sud-l-enquete-publique-est-lancee#PlugCommentsList2\" target=\"_blank\" rel=\"noopener\"> station d\u2019\u00e9puration sud<\/a> \u2026<\/p>\n<p>Pia Imbs, qui aura 66 ans l\u2019an prochain, compte se mettre en retrait de la politique dans moins d\u2019un an, mais veut continuer \u00e0 se \u00ab\u00a0rendre utile\u00a0\u00bb.<\/p>\n<p>Elle n\u2019en dit pas davantage, mais glisse qu\u2019elle est professeur \u00e9m\u00e9rite de l\u2019Universit\u00e9 de Strasbourg, un titre qui lui permettra encore d\u2019\u00eatre \u00ab\u00a0au service du public\u00a0\u00bb.<\/p>\n","protected":false},"excerpt":{"rendered":"Elle a pris sa d\u00e9cision et n\u2019y reviendra pas. Pia Imbs, organis\u00e9e, m\u00e9thodique, a voulu l\u2019annoncer avant l\u2019\u00e9t\u00e9&hellip;\n","protected":false},"author":2,"featured_media":168659,"comment_status":"","ping_status":"","sticky":false,"template":"","format":"standard","meta":{"footnotes":""},"categories":[2820],"tags":[1111,11,2389,2649,1984,2880,5949,4188,1777,674,107,1011,27,775,24065,12,316,25,640,3089],"class_list":{"0":"post-168658","1":"post","2":"type-post","3":"status-publish","4":"format-standard","5":"has-post-thumbnail","7":"category-strasbourg","8":"tag-actu","9":"tag-actualites","10":"tag-alsace","11":"tag-bas-rhin","12":"tag-conseil-municipal","13":"tag-edition-strasbourg","14":"tag-elections","15":"tag-elections-municipales","16":"tag-eu","17":"tag-europe","18":"tag-fil-info","19":"tag-fr","20":"tag-france","21":"tag-grand-est","22":"tag-holtzheim","23":"tag-news","24":"tag-politique","25":"tag-republique-francaise","26":"tag-strasbourg","27":"tag-strasbourg-sud"},"share_on_mastodon":{"url":"https:\/\/pubeurope.com\/@fr\/114665698597467554","error":""},"_links":{"self":[{"href":"https:\/\/www.europesays.com\/fr\/wp-json\/wp\/v2\/posts\/168658","targetHints":{"allow":["GET"]}}],"collection":[{"href":"https:\/\/www.europesays.com\/fr\/wp-json\/wp\/v2\/posts"}],"about":[{"href":"https:\/\/www.europesays.com\/fr\/wp-json\/wp\/v2\/types\/post"}],"author":[{"embeddable":true,"href":"https:\/\/www.europesays.com\/fr\/wp-json\/wp\/v2\/users\/2"}],"replies":[{"embeddable":true,"href":"https:\/\/www.europesays.com\/fr\/wp-json\/wp\/v2\/comments?post=168658"}],"version-history":[{"count":0,"href":"https:\/\/www.europesays.com\/fr\/wp-json\/wp\/v2\/posts\/168658\/revisions"}],"wp:featuredmedia":[{"embeddable":true,"href":"https:\/\/www.europesays.com\/fr\/wp-json\/wp\/v2\/media\/168659"}],"wp:attachment":[{"href":"https:\/\/www.europesays.com\/fr\/wp-json\/wp\/v2\/media?parent=168658"}],"wp:term":[{"taxonomy":"category","embeddable":true,"href":"https:\/\/www.europesays.com\/fr\/wp-json\/wp\/v2\/categories?post=168658"},{"taxonomy":"post_tag","embeddable":true,"href":"https:\/\/www.europesays.com\/fr\/wp-json\/wp\/v2\/tags?post=168658"}],"curies":[{"name":"wp","href":"https:\/\/api.w.org\/{rel}","templated":true}]}}