{"id":168666,"date":"2025-06-11T16:37:12","date_gmt":"2025-06-11T16:37:12","guid":{"rendered":"https:\/\/www.europesays.com\/fr\/168666\/"},"modified":"2025-06-11T16:37:12","modified_gmt":"2025-06-11T16:37:12","slug":"un-meurtre-resolu-grace-a-la-montre-connectee-du-defunt","status":"publish","type":"post","link":"https:\/\/www.europesays.com\/fr\/168666\/","title":{"rendered":"un meurtre r\u00e9solu gr\u00e2ce \u00e0 la montre connect\u00e9e du d\u00e9funt\u00a0?"},"content":{"rendered":"<p>            Par<br \/>\n        <strong><br \/>\n            <a href=\"https:\/\/actu.fr\/auteur\/redaction-nantes\" title=\"Consulter tous les articles de R\u00e9daction Nantes\" rel=\"nofollow noopener\" target=\"_blank\">R\u00e9daction Nantes<\/a><br \/>\n        <\/strong><\/p>\n<p>        Publi\u00e9 le<\/p>\n<p>            11 juin 2025 \u00e0 18h03        <\/p>\n<p>La chambre de l\u2019instruction de la<strong> cour d\u2019appel de Rennes<\/strong> a confirm\u00e9 ce<strong> vendredi 6\u00a0juin<\/strong> <strong>2025<\/strong> le placement en d\u00e9tention provisoire d\u2019un trentenaire suspect\u00e9 d\u2019avoir <strong>tu\u00e9 son colocataire \u00e0 <a href=\"https:\/\/actu.fr\/pays-de-la-loire\/reze_44143\" rel=\"nofollow noopener\" target=\"_blank\">Rez\u00e9<\/a><\/strong> (Loire-Atlantique) en f\u00e9vrier\u00a02024.<\/p>\n<p class=\" wall-content\">Il y a un peu plus d\u2019un an, Sylvain B., 36\u00a0ans, p\u00e8re de deux enfants, a \u00e9t\u00e9 d\u00e9couvert \u00ab\u2009nu sur le canap\u00e9-lit\u2009\u00bb et le visage \u00ab\u2009couvert de sang\u2009\u00bb par ses deux colocataires, Valentin A. et Alexandre X., \u00e0 l\u2019\u00e9tage d\u2019une maison divis\u00e9e en deux habitations.<\/p>\n<p>Une enqu\u00eate qui pi\u00e9tine<\/p>\n<p class=\" wall-content\">L\u2019homme est d\u00e9c\u00e9d\u00e9 d\u2019un \u00ab\u2009traumatisme oculo-cr\u00e2nien\u2009\u00bb caus\u00e9 par un \u00ab\u2009m\u00e9canisme l\u00e9sionnel p\u00e9n\u00e9trant\u2009\u00bb, avait conclu le m\u00e9decin l\u00e9giste. Mais, malgr\u00e9 le placement en garde \u00e0 vue de ses deux colocataires, l\u2019enqu\u00eate a pi\u00e9tin\u00e9 <strong>jusqu\u2019\u00e0 la mi-mai\u00a02025.<\/strong><\/p>\n<p class=\" wall-content\">Les deux s\u0153urs de la victime ont pourtant d\u2019embl\u00e9e indiqu\u00e9 qu\u2019il existait \u00ab\u2009des conflits\u2009\u00bb entre les trois colocataires. Ils multipliaient en effet les soir\u00e9es \u00ab\u2009sous alcool et drogues\u2009\u00bb et des \u00ab\u2009bagarres\u2009\u00bb pouvaient \u00e0 cette occasion \u00e9clater.<\/p>\n<p class=\" wall-content\">Le 6\u00a0f\u00e9vrier, soit deux jours avant la d\u00e9couverte du corps, Valentin A. a certifi\u00e9 s\u2019\u00eatre \u00ab\u2009couch\u00e9 \u00e0 22\u2009h\u2009\u00bb, apr\u00e8s avoir pris \u00ab\u2009un m\u00e9dicament\u2009\u00bb.<\/p>\n<p class=\" wall-content\">Son autre colocataire, Alexandre X., l\u2019avait par la suite r\u00e9veill\u00e9 \u00ab\u2009\u00e0 3h du matin\u2009\u00bb pour \u00ab\u2009venir regarder la t\u00e9l\u00e9\u2009\u00bb avec un ami. Les trois avaient \u00ab\u2009bu\u2009\u00bb et \u00ab\u2009fum\u00e9 du cannabis\u2009\u00bb.<\/p>\n<p class=\" wall-content\">Valentin A. a ensuite pass\u00e9 la journ\u00e9e du lendemain \u00e0 \u00ab\u2009regarder la t\u00e9l\u00e9\u2009\u00bb, avant de s\u2019endormir\u2026 <strong>jusqu\u2019au 8\u00a0f\u00e9vrier 2024 \u00e0 15h<\/strong>. Il a alors entendu Alexandre X. tenter de r\u00e9veiller leur colocataire, qui \u00e9tait en r\u00e9alit\u00e9 d\u00e9j\u00e0 mort.<\/p>\n<p>Il voulait lui \u00ab\u2009faire du sale\u2009\u00bb<\/p>\n<p class=\" wall-content\">D\u00e8s le d\u00e9part, les versions des deux suspects se sont oppos\u00e9es\u2009: Valentin A. soutenait donc avoir \u00ab\u2009dormi\u2009\u00bb jusqu\u2019au retour d\u2019Alexandre X. et que leur porte d\u2019entr\u00e9e \u00e9tait \u00ab\u2009d\u00e9verrouill\u00e9e\u2009\u00bb.<\/p>\n<p class=\" wall-content\">Le second avait lui assur\u00e9 avoir trouv\u00e9 le premier en train, non pas de dormir, mais de \u00ab\u2009boire du ros\u00e9\u2009\u00bb, et que leur porte \u00e9tait au contraire \u00ab\u2009ferm\u00e9e\u2009\u00bb.<\/p>\n<p class=\" wall-content\">C\u2019est finalement la <strong>montre connect\u00e9e du d\u00e9funt<\/strong> qui a fait avancer l\u2019enqu\u00eate. Ses \u00ab\u2009donn\u00e9es\u2009\u00bb ont permis de r\u00e9v\u00e9ler \u00ab\u2009une <strong>augmentation du rythme cardiaque<\/strong> en plein sommeil\u2009\u00bb chez Sylvain B., entre \u00ab\u20092h21\u2009\u00bb et \u00ab\u20092h29\u2009\u00bb, forc\u00e9ment provoqu\u00e9e par \u00ab\u2009un \u00e9v\u00e9nement\u2009\u00bb, a-t-il \u00e9t\u00e9 expliqu\u00e9 ce jeudi devant la chambre de l\u2019instruction de la cour d\u2019appel de Rennes.<\/p>\n<p class=\" wall-content\">Reste qu\u2019\u00e0 cette heure-ci, Alexandre X. n\u2019\u00e9tait pas encore rentr\u00e9\u2009: il \u00e9tait en train d\u2019acheter \u00ab\u2009de la vodka\u2009\u00bb avec son ami, comme l\u2019ont confirm\u00e9 les<strong> images de vid\u00e9osurveillance<\/strong> du commerce. Aujourd\u2019hui, les enqu\u00eateurs ont donc la certitude que \u00ab\u2009seul\u2009\u00bb Valentin A. \u00e9tait pr\u00e9sent avec la victime au moment de sa mort.<\/p>\n<p class=\" wall-content\">L\u2019exploitation du t\u00e9l\u00e9phone portable de ce dernier a aussi permis de mettre \u00e0 mal\u00a0sa version\u2009: son <strong>t\u00e9l\u00e9phone a \u00e9t\u00e9 \u00ab\u2009d\u00e9verrouill\u00e9\u2009\u00bb<\/strong> \u00e0 deux reprises\u00a0entre\u00a02h et 3h du matin alors qu\u2019il \u00e9tait pourtant cens\u00e9 \u00ab\u2009dormir\u2009\u00bb.<\/p>\n<p class=\" wall-content\">Des <strong>messages \u00e9chang\u00e9s<\/strong> avec Alexandre X. font aussi \u00e9tat de sa volont\u00e9 de \u00ab\u2009faire du sale\u2009\u00bb \u00e0 leur coloc, qui lui aurait inflig\u00e9 \u00ab\u2009des violences\u2009\u00bb.<\/p>\n<p>Un coloc \u00ab\u2009absolument pas connu pour \u00eatre agressif\u2009\u00bb<\/p>\n<p class=\" wall-content\">\u00ab\u2009Absolument pas connu pour \u00eatre agressif\u2009\u00bb, l\u2019homme de 32\u00a0ans a \u00e9t\u00e9 mis en examen pour \u00ab\u2009meurtre\u2009\u00bb et <strong>plac\u00e9 en d\u00e9tention provisoire le 14\u00a0mai 2025.<\/strong> Une d\u00e9cision dont son avocat a fait appel, ce jeudi 5\u00a0juin 2025, devant la chambre de l\u2019instruction de la cour d\u2019appel de Rennes.<\/p>\n<p class=\" wall-content\">\u00ab\u2009Il y a eu des pr\u00e9l\u00e8vements sous les ongles, du blue star [un produit utilis\u00e9 par la police scientifique pour r\u00e9v\u00e9ler des traces de sang, N.D.L.R.] dans sa chambre, des analyses d\u2019objets\u2026 Mais au final il n\u2019y a rien\u2009\u00bb, a assur\u00e9 <strong>Me Olivier Renard<\/strong>, en visio-conf\u00e9rence aux c\u00f4t\u00e9s de son client depuis la <strong>maison d\u2019arr\u00eat de Nantes.<\/strong><\/p>\n<p class=\" wall-content\">Et si Valentin A. s\u2019est r\u00e9install\u00e9 dans la coloc de Rez\u00e9 quelques semaines apr\u00e8s la mort de Sylvain B., il s\u2019est \u00ab\u2009maintenu \u00e0 disposition de la justice\u2009\u00bb alors qu\u2019il se savait \u00ab\u2009suspect\u00e9 de meurtre\u2009\u00bb, a fait observer son avocat.<\/p>\n<p class=\" wall-content\">Mais, pour l\u2019avocate g\u00e9n\u00e9rale, <strong>un \u00ab\u2009faisceau\u2009\u00bb d\u2019indices<\/strong> rend \u00e0 ce stade vraisemblable son \u00ab\u2009implication\u2009\u00bb dans ce meurtre puisqu\u2019une \u00ab\u2009concordance de temps, de lieu, de mobile\u2009\u00bb existe. Il fallait donc que Valentin A. soit <strong>maintenu en d\u00e9tention<\/strong> pour ne pas \u00eatre \u00ab\u2009tent\u00e9 de fuir au vu des enjeux\u2009\u00bb carc\u00e9raux qu\u2019il encourt, avait-elle r\u00e9sum\u00e9.<\/p>\n<p class=\" wall-content\">Mais \u00ab\u2009je n\u2019ai pas beaucoup d\u2019argent, pas de pouvoir ni de connaissances externes pour fuir\u2009\u00bb, avait r\u00e9pliqu\u00e9 le principal concern\u00e9, porteur d\u2019un t-shirt Pikachu qui d\u00e9notait quelque peu au vu du contexte\u2026<\/p>\n<p class=\" wall-content\">La chambre de l\u2019instruction de la cour d\u2019appel de Rennes a toutefois pr\u00e9f\u00e9r\u00e9, ce <strong>vendredi 6\u00a0juin 2025,<\/strong> le maintenir en d\u00e9tention.<\/p>\n<p class=\" wall-content\"><strong>CB (PressPepper)<\/strong><\/p>\n<p class=\" wall-content\">Suivez toute l\u2019actualit\u00e9 de vos villes et m\u00e9dias favoris en vous inscrivant \u00e0 <a href=\"https:\/\/moncompte.actu.fr\" title=\"D\u00e9couvez Mon Actu\" rel=\"nofollow noopener\" data-trk=\"{&quot;cta&quot;:{&quot;action&quot;:&quot;https:\\\/\\\/moncompte.actu.fr&quot;,&quot;category&quot;:&quot;mon compte&quot;,&quot;from&quot;:&quot;article footer&quot;,&quot;name&quot;:&quot;Mon actu&quot;,&quot;type&quot;:&quot;cta&quot;}}\" target=\"_blank\">Mon Actu<\/a>.<\/p>\n","protected":false},"excerpt":{"rendered":"Par R\u00e9daction Nantes Publi\u00e9 le 11 juin 2025 \u00e0 18h03 La chambre de l\u2019instruction de la cour d\u2019appel&hellip;\n","protected":false},"author":2,"featured_media":111961,"comment_status":"","ping_status":"","sticky":false,"template":"","format":"standard","meta":{"footnotes":""},"categories":[2818],"tags":[1111,11,1777,674,118,1011,27,303,777,766,12,2636,25],"class_list":{"0":"post-168666","1":"post","2":"type-post","3":"status-publish","4":"format-standard","5":"has-post-thumbnail","7":"category-nantes","8":"tag-actu","9":"tag-actualites","10":"tag-eu","11":"tag-europe","12":"tag-faits-divers","13":"tag-fr","14":"tag-france","15":"tag-justice","16":"tag-meurtre","17":"tag-nantes","18":"tag-news","19":"tag-pays-de-la-loire","20":"tag-republique-francaise"},"share_on_mastodon":{"url":"https:\/\/pubeurope.com\/@fr\/114665714093682186","error":""},"_links":{"self":[{"href":"https:\/\/www.europesays.com\/fr\/wp-json\/wp\/v2\/posts\/168666","targetHints":{"allow":["GET"]}}],"collection":[{"href":"https:\/\/www.europesays.com\/fr\/wp-json\/wp\/v2\/posts"}],"about":[{"href":"https:\/\/www.europesays.com\/fr\/wp-json\/wp\/v2\/types\/post"}],"author":[{"embeddable":true,"href":"https:\/\/www.europesays.com\/fr\/wp-json\/wp\/v2\/users\/2"}],"replies":[{"embeddable":true,"href":"https:\/\/www.europesays.com\/fr\/wp-json\/wp\/v2\/comments?post=168666"}],"version-history":[{"count":0,"href":"https:\/\/www.europesays.com\/fr\/wp-json\/wp\/v2\/posts\/168666\/revisions"}],"wp:featuredmedia":[{"embeddable":true,"href":"https:\/\/www.europesays.com\/fr\/wp-json\/wp\/v2\/media\/111961"}],"wp:attachment":[{"href":"https:\/\/www.europesays.com\/fr\/wp-json\/wp\/v2\/media?parent=168666"}],"wp:term":[{"taxonomy":"category","embeddable":true,"href":"https:\/\/www.europesays.com\/fr\/wp-json\/wp\/v2\/categories?post=168666"},{"taxonomy":"post_tag","embeddable":true,"href":"https:\/\/www.europesays.com\/fr\/wp-json\/wp\/v2\/tags?post=168666"}],"curies":[{"name":"wp","href":"https:\/\/api.w.org\/{rel}","templated":true}]}}