{"id":168667,"date":"2025-06-11T16:38:12","date_gmt":"2025-06-11T16:38:12","guid":{"rendered":"https:\/\/www.europesays.com\/fr\/168667\/"},"modified":"2025-06-11T16:38:12","modified_gmt":"2025-06-11T16:38:12","slug":"des-lyceennes-tombent-sur-un-crane-humain-en-pleine-course-dorientation","status":"publish","type":"post","link":"https:\/\/www.europesays.com\/fr\/168667\/","title":{"rendered":"Des lyc\u00e9ennes tombent sur un cr\u00e2ne humain en pleine course d\u2019orientation"},"content":{"rendered":"<p>On imagine leur effroi quand elles ont d\u00e9couvert la sc\u00e8ne. Vendredi matin, alors qu\u2019elles participaient \u00e0 une course d\u2019orientation dans un parc de Saint-Herblain pr\u00e8s de Nantes, deux lyc\u00e9ennes sont tomb\u00e9es sur un morceau de cr\u00e2ne humain, <a href=\"https:\/\/www.ouest-france.fr\/societe\/faits-divers\/des-lyceennes-decouvrent-un-bout-de-crane-humain-lors-dune-course-dorientation-pres-de-nantes-a4fab5fa-45e6-11f0-bc2b-268166a33be9\" rel=\"nofollow noopener\" target=\"_blank\" class=\"color-ultramarine c-link\">rapporte Ouest-France<\/a>. Sous le choc, les deux adolescentes ont aussit\u00f4t alert\u00e9 leur professeur d\u2019EPS qui a pr\u00e9venu les autorit\u00e9s. Selon le quotidien, aucun autre ossement n\u2019a \u00e9t\u00e9 retrouv\u00e9 par la police scientifique dans le secteur qui avait pr\u00e9alablement \u00e9t\u00e9 s\u00e9curis\u00e9 par la police municipale.<\/p>\n<p>Le cr\u00e2ne a \u00e9t\u00e9 envoy\u00e9 dans un laboratoire pour \u00eatre analys\u00e9. En attendant les r\u00e9sultats, <a href=\"https:\/\/www.20minutes.fr\/dossier\/enquete\" class=\"color-ultramarine c-link\" rel=\"nofollow noopener\" target=\"_blank\">une enqu\u00eate <\/a>a \u00e9t\u00e9 ouverte et confi\u00e9e au service interd\u00e9partemental de la police judiciaire <a href=\"https:\/\/www.20minutes.fr\/societe\/loire-atlantique\/\" class=\"color-ultramarine c-link\" rel=\"nofollow noopener\" target=\"_blank\">de Loire-Atlantique<\/a>.<\/p>\n","protected":false},"excerpt":{"rendered":"On imagine leur effroi quand elles ont d\u00e9couvert la sc\u00e8ne. Vendredi matin, alors qu\u2019elles participaient \u00e0 une course&hellip;\n","protected":false},"author":2,"featured_media":168668,"comment_status":"","ping_status":"","sticky":false,"template":"","format":"standard","meta":{"footnotes":""},"categories":[2818],"tags":[1111,47,11,30197,1067,1777,674,118,6944,1011,27,3047,2633,17282,766,12,2636,25],"class_list":{"0":"post-168667","1":"post","2":"type-post","3":"status-publish","4":"format-standard","5":"has-post-thumbnail","7":"category-nantes","8":"tag-actu","9":"tag-actualite","10":"tag-actualites","11":"tag-cadavre","12":"tag-enquete","13":"tag-eu","14":"tag-europe","15":"tag-faits-divers","16":"tag-faits-divers-nantes","17":"tag-fr","18":"tag-france","19":"tag-loire-atlantique","20":"tag-lycee","21":"tag-mystere","22":"tag-nantes","23":"tag-news","24":"tag-pays-de-la-loire","25":"tag-republique-francaise"},"share_on_mastodon":{"url":"https:\/\/pubeurope.com\/@fr\/114665718008846844","error":""},"_links":{"self":[{"href":"https:\/\/www.europesays.com\/fr\/wp-json\/wp\/v2\/posts\/168667","targetHints":{"allow":["GET"]}}],"collection":[{"href":"https:\/\/www.europesays.com\/fr\/wp-json\/wp\/v2\/posts"}],"about":[{"href":"https:\/\/www.europesays.com\/fr\/wp-json\/wp\/v2\/types\/post"}],"author":[{"embeddable":true,"href":"https:\/\/www.europesays.com\/fr\/wp-json\/wp\/v2\/users\/2"}],"replies":[{"embeddable":true,"href":"https:\/\/www.europesays.com\/fr\/wp-json\/wp\/v2\/comments?post=168667"}],"version-history":[{"count":0,"href":"https:\/\/www.europesays.com\/fr\/wp-json\/wp\/v2\/posts\/168667\/revisions"}],"wp:featuredmedia":[{"embeddable":true,"href":"https:\/\/www.europesays.com\/fr\/wp-json\/wp\/v2\/media\/168668"}],"wp:attachment":[{"href":"https:\/\/www.europesays.com\/fr\/wp-json\/wp\/v2\/media?parent=168667"}],"wp:term":[{"taxonomy":"category","embeddable":true,"href":"https:\/\/www.europesays.com\/fr\/wp-json\/wp\/v2\/categories?post=168667"},{"taxonomy":"post_tag","embeddable":true,"href":"https:\/\/www.europesays.com\/fr\/wp-json\/wp\/v2\/tags?post=168667"}],"curies":[{"name":"wp","href":"https:\/\/api.w.org\/{rel}","templated":true}]}}