{"id":168677,"date":"2025-06-11T16:43:09","date_gmt":"2025-06-11T16:43:09","guid":{"rendered":"https:\/\/www.europesays.com\/fr\/168677\/"},"modified":"2025-06-11T16:43:09","modified_gmt":"2025-06-11T16:43:09","slug":"une-enorme-friperie-de-600-m2-sinstalle-pres-de-lille-ce-week-end","status":"publish","type":"post","link":"https:\/\/www.europesays.com\/fr\/168677\/","title":{"rendered":"une \u00e9norme friperie de 600 m2 s\u2019installe pr\u00e8s de Lille ce week-end"},"content":{"rendered":"<p>            Par<br \/>\n        <strong><br \/>\n            <a href=\"https:\/\/actu.fr\/auteur\/hervine-mahaud\" title=\"Consulter tous les articles de Hervine Mahaud\" target=\"_blank\" rel=\"noopener\">Hervine Mahaud<\/a><br \/>\n        <\/strong><\/p>\n<p>        Publi\u00e9 le<\/p>\n<p>            11 juin 2025 \u00e0 17h54        <\/p>\n<p>\u00c7a, c\u2019est un <a href=\"https:\/\/actu.fr\/tag\/bon-plan-a-lille\" target=\"_blank\" rel=\"noopener\">bon plan<\/a> comme on les aime\u2009! Durant tout un week-end,<b> <\/b>samedi\u00a014 et dimanche 15\u00a0juin 2025, le <b>Grand Playground<\/b> \u00e0 <b>Villeneuve-d\u2019Ascq<\/b>, pr\u00e8s de <a href=\"https:\/\/actu.fr\/lille\/\" target=\"_blank\" rel=\"noopener\">Lille<\/a>, se transforme en <b>friperie XXL<\/b> gr\u00e2ce \u00e0 <b>Adjace Paris<\/b>. Et ici, <b>tout est \u00e0 5\u00a0\u20ac<\/b>. Oui, tout\u2009!<\/p>\n<p>600\u202fm\u00b2 de fringues, bijoux et accessoires, tout \u00e0 prix unique<\/p>\n<p class=\" wall-content\">Install\u00e9e sur <b>600\u202fm\u00b2, la vente Adjace<\/b> revient pour une troisi\u00e8me \u00e9dition sur la m\u00e9tropole lilloise, avec son concept qui cartonne\u2009: <b>tout ce qui est propos\u00e9 sur place est au prix unique de 5\u00a0\u20ac<\/b>.<\/p>\n<p class=\" wall-content\">Cette fois encore, ce sera l\u2019occasion de fouiller pour d\u00e9nicher des <b>pi\u00e8ces vintage<\/b>, qu\u2019il s\u2019agisse <b>de v\u00eatements, d\u2019accessoires ou encore de sacs<\/b>. Il y en aura pour <b>tous les styles\u2009: Y2K, streetwear, r\u00e9tro, basiques, contemporain<\/b>\u2026 Et pour toutes les tailles\u2009: <b>du 34 au 54<\/b>, pour femmes et hommes.<\/p>\n<p class=\" wall-content\">Et pour rendre son style encore plus exclusif, Adjace a pr\u00e9vu une nouveaut\u00e9\u2009: une <b data-end=\"1581\">s\u00e9lection exclusive de bijoux upcycl\u00e9s<\/b> (boucles d\u2019oreilles, bagues, colliers\u2026) tous retravaill\u00e9s avec soin, et toujours \u00e0 5\u00a0\u20ac pi\u00e8ce.<\/p>\n<p class=\" wall-content\"><a href=\"https:\/\/www.instagram.com\/reel\/DKjzTqVNBSp\/embed\" title=\"Ouvrir le lien sur Instagram\" target=\"_blank\" rel=\"noopener\">Visualiser le contenu sur Instagram<\/a><\/p>\n<p class=\" wall-content\">Si vous n\u2019avez pas l\u2019occasion de vous rendre \u00e0 cette vente d\u00e8s l\u2019ouverture, pas de panique\u2009! <b>Des r\u00e9assorts sont pr\u00e9vus tout au long de l\u2019\u00e9v\u00e9nement<\/b>. Vous pourrez ainsi revenir plusieurs fois dans le week-end pour d\u00e9nicher de nouvelles p\u00e9pites.<\/p>\n<p>Vid\u00e9os : en ce moment sur Actu<\/p>\n<p class=\" wall-content\">C\u2019est l\u2019\u00e9v\u00e9nement parfait pour celles et ceux qui veulent\u00a0refaire leur dressing sans ruiner leur banquier, tout en consommant autrement.<\/p>\n<p>Infos pratiques\u2009: friperie vintage \u00e0 5\u00a0\u20ac, samedi 14\u00a0juin de 11\u2009h \u00e0 19\u2009h, dimanche 15\u00a0juin de 11\u2009h \u00e0 18\u2009h. Au Grand Playground, 54 avenue Le N\u00f4tre \u00e0 Villeneuve-d\u2019Ascq. Plus d\u2019infos <a href=\"https:\/\/grandplayground.com\/adjace-friperie-5-euros-grand-playground-juin-2025\/\" target=\"_blank\" rel=\"noopener\">en cliquant ici<\/a>.<\/p>\n<p class=\" wall-content\">Suivez toute l\u2019actualit\u00e9 de vos villes et m\u00e9dias favoris en vous inscrivant \u00e0 <a href=\"https:\/\/moncompte.actu.fr\" title=\"D\u00e9couvez Mon Actu\" rel=\"nofollow noopener\" data-trk=\"{&quot;cta&quot;:{&quot;action&quot;:&quot;https:\\\/\\\/moncompte.actu.fr&quot;,&quot;category&quot;:&quot;mon compte&quot;,&quot;from&quot;:&quot;article footer&quot;,&quot;name&quot;:&quot;Mon actu&quot;,&quot;type&quot;:&quot;cta&quot;}}\" target=\"_blank\">Mon Actu<\/a>.<\/p>\n<ul class=\"ac-article-tag wall-content\">\n<li><a href=\"https:\/\/actu.fr\/tag\/bon-plan-a-lille\" data-trk=\"{&quot;cta&quot;:{&quot;action&quot;:&quot;Bon plan \\u00e0 Lille&quot;,&quot;category&quot;:&quot;tag&quot;,&quot;from&quot;:&quot;article footer&quot;,&quot;name&quot;:&quot;Bon plan \\u00e0 Lille&quot;,&quot;type&quot;:&quot;cta&quot;}}\" target=\"_blank\" rel=\"noopener\">#Bon plan \u00e0 Lille<\/a><\/li>\n<li><a href=\"https:\/\/actu.fr\/tag\/seconde-main\" data-trk=\"{&quot;cta&quot;:{&quot;action&quot;:&quot;Seconde main&quot;,&quot;category&quot;:&quot;tag&quot;,&quot;from&quot;:&quot;article footer&quot;,&quot;name&quot;:&quot;Seconde main&quot;,&quot;type&quot;:&quot;cta&quot;}}\" target=\"_blank\" rel=\"noopener\">#Seconde main<\/a><\/li>\n<\/ul>\n<p>                    <script async src=\"\/\/www.instagram.com\/embed.js\"><\/script><\/p>\n","protected":false},"excerpt":{"rendered":"Par Hervine Mahaud Publi\u00e9 le 11 juin 2025 \u00e0 17h54 \u00c7a, c\u2019est un bon plan comme on les&hellip;\n","protected":false},"author":2,"featured_media":168678,"comment_status":"","ping_status":"","sticky":false,"template":"","format":"standard","meta":{"footnotes":""},"categories":[2815],"tags":[1111,11,6557,1777,674,1011,27,811,1307,1652,12,25,7167],"class_list":{"0":"post-168677","1":"post","2":"type-post","3":"status-publish","4":"format-standard","5":"has-post-thumbnail","7":"category-lille","8":"tag-actu","9":"tag-actualites","10":"tag-bon-plan-a-lille","11":"tag-eu","12":"tag-europe","13":"tag-fr","14":"tag-france","15":"tag-hauts-de-france","16":"tag-lille","17":"tag-loisirs-culture","18":"tag-news","19":"tag-republique-francaise","20":"tag-seconde-main"},"share_on_mastodon":{"url":"https:\/\/pubeurope.com\/@fr\/114665738001687001","error":""},"_links":{"self":[{"href":"https:\/\/www.europesays.com\/fr\/wp-json\/wp\/v2\/posts\/168677","targetHints":{"allow":["GET"]}}],"collection":[{"href":"https:\/\/www.europesays.com\/fr\/wp-json\/wp\/v2\/posts"}],"about":[{"href":"https:\/\/www.europesays.com\/fr\/wp-json\/wp\/v2\/types\/post"}],"author":[{"embeddable":true,"href":"https:\/\/www.europesays.com\/fr\/wp-json\/wp\/v2\/users\/2"}],"replies":[{"embeddable":true,"href":"https:\/\/www.europesays.com\/fr\/wp-json\/wp\/v2\/comments?post=168677"}],"version-history":[{"count":0,"href":"https:\/\/www.europesays.com\/fr\/wp-json\/wp\/v2\/posts\/168677\/revisions"}],"wp:featuredmedia":[{"embeddable":true,"href":"https:\/\/www.europesays.com\/fr\/wp-json\/wp\/v2\/media\/168678"}],"wp:attachment":[{"href":"https:\/\/www.europesays.com\/fr\/wp-json\/wp\/v2\/media?parent=168677"}],"wp:term":[{"taxonomy":"category","embeddable":true,"href":"https:\/\/www.europesays.com\/fr\/wp-json\/wp\/v2\/categories?post=168677"},{"taxonomy":"post_tag","embeddable":true,"href":"https:\/\/www.europesays.com\/fr\/wp-json\/wp\/v2\/tags?post=168677"}],"curies":[{"name":"wp","href":"https:\/\/api.w.org\/{rel}","templated":true}]}}