{"id":168683,"date":"2025-06-11T16:46:15","date_gmt":"2025-06-11T16:46:15","guid":{"rendered":"https:\/\/www.europesays.com\/fr\/168683\/"},"modified":"2025-06-11T16:46:15","modified_gmt":"2025-06-11T16:46:15","slug":"face-a-des-primes-au-rabais-les-aesh-de-marseille-attaquent-letat-en-justice","status":"publish","type":"post","link":"https:\/\/www.europesays.com\/fr\/168683\/","title":{"rendered":"Face \u00e0 des primes \u00ab\u00a0au rabais\u00a0\u00bb, les AESH de Marseille attaquent l&rsquo;\u00c9tat en justice"},"content":{"rendered":"<p>Un pique-nique devant un lieu embl\u00e9matique de la justice. R\u00e9unis \u00e0 plus d\u2019une trentaine devant le tribunal administratif de <a href=\"https:\/\/www.laprovence.com\/bouches-du-rhone\/marseille-13055\" target=\"_blank\" rel=\"noopener\">Marseille<\/a> (2e) ce mercredi 11\u00a0juin, les <a href=\"https:\/\/www.laprovence.com\/article\/region\/2708209423587315\/a-marseille-lappel-a-la-greve-nationale-des-aesh-a-mobilise-jeudi-plus-de-200-personnes\" target=\"_blank\" rel=\"noopener\">accompagnants d\u2019\u00e9l\u00e8ves en situation de handicap (AESH)<\/a> et leurs soutiens du syndicat SUD ont expos\u00e9 leurs revendications, microphone \u00e0 la main, parmi lesquelles le versement r\u00e9troactif de primes. Depuis le d\u00e9but de l\u2019ann\u00e9e, une centaine de femmes &#8211; qui repr\u00e9sentent pr\u00e8s de 90% des AESH \u00e0 Marseille &#8211; ont demand\u00e9 en justice le versement de primes \u00e9gales \u00e0 celles touch\u00e9es par les professeurs dans les zones d\u2019\u00e9ducation prioritaires.<\/p>\n","protected":false},"excerpt":{"rendered":"Un pique-nique devant un lieu embl\u00e9matique de la justice. R\u00e9unis \u00e0 plus d\u2019une trentaine devant le tribunal administratif&hellip;\n","protected":false},"author":2,"featured_media":168684,"comment_status":"","ping_status":"","sticky":false,"template":"","format":"standard","meta":{"footnotes":""},"categories":[2814],"tags":[17,1111,11,30198,3031,154,1777,674,2823,1011,27,151,884,12,8323,882,6021,16,25],"class_list":{"0":"post-168683","1":"post","2":"type-post","3":"status-publish","4":"format-standard","5":"has-post-thumbnail","7":"category-marseille","8":"tag-17","9":"tag-actu","10":"tag-actualites","11":"tag-aesh","12":"tag-au","13":"tag-des","14":"tag-eu","15":"tag-europe","16":"tag-face","17":"tag-fr","18":"tag-france","19":"tag-les","20":"tag-marseille","21":"tag-news","22":"tag-primes","23":"tag-provence-alpes-cote-dazur","24":"tag-rabais","25":"tag-region","26":"tag-republique-francaise"},"share_on_mastodon":{"url":"https:\/\/pubeurope.com\/@fr\/114665749418905498","error":""},"_links":{"self":[{"href":"https:\/\/www.europesays.com\/fr\/wp-json\/wp\/v2\/posts\/168683","targetHints":{"allow":["GET"]}}],"collection":[{"href":"https:\/\/www.europesays.com\/fr\/wp-json\/wp\/v2\/posts"}],"about":[{"href":"https:\/\/www.europesays.com\/fr\/wp-json\/wp\/v2\/types\/post"}],"author":[{"embeddable":true,"href":"https:\/\/www.europesays.com\/fr\/wp-json\/wp\/v2\/users\/2"}],"replies":[{"embeddable":true,"href":"https:\/\/www.europesays.com\/fr\/wp-json\/wp\/v2\/comments?post=168683"}],"version-history":[{"count":0,"href":"https:\/\/www.europesays.com\/fr\/wp-json\/wp\/v2\/posts\/168683\/revisions"}],"wp:featuredmedia":[{"embeddable":true,"href":"https:\/\/www.europesays.com\/fr\/wp-json\/wp\/v2\/media\/168684"}],"wp:attachment":[{"href":"https:\/\/www.europesays.com\/fr\/wp-json\/wp\/v2\/media?parent=168683"}],"wp:term":[{"taxonomy":"category","embeddable":true,"href":"https:\/\/www.europesays.com\/fr\/wp-json\/wp\/v2\/categories?post=168683"},{"taxonomy":"post_tag","embeddable":true,"href":"https:\/\/www.europesays.com\/fr\/wp-json\/wp\/v2\/tags?post=168683"}],"curies":[{"name":"wp","href":"https:\/\/api.w.org\/{rel}","templated":true}]}}