{"id":168685,"date":"2025-06-11T16:47:13","date_gmt":"2025-06-11T16:47:13","guid":{"rendered":"https:\/\/www.europesays.com\/fr\/168685\/"},"modified":"2025-06-11T16:47:13","modified_gmt":"2025-06-11T16:47:13","slug":"lyon-8e-laugmentation-des-cameras-de-video-surveillance-divise-la-majorite","status":"publish","type":"post","link":"https:\/\/www.europesays.com\/fr\/168685\/","title":{"rendered":"Lyon 8e. L\u2019augmentation des cam\u00e9ras de vid\u00e9o surveillance divise la majorit\u00e9"},"content":{"rendered":"<p>Le 28\u00a0mai, la ville de Lyon annon\u00e7ait que 60 nouvelles cam\u00e9ras fixes devraient \u00eatre install\u00e9es \u00e0 Lyon avant 2026. Elles viendront compl\u00e9ter le parc des 571 cam\u00e9ras fixes d\u00e9j\u00e0 install\u00e9es.<\/p>\n<p>\u00ab\u00a0Une des villes de France les mieux dot\u00e9es\u00a0\u00bb<\/p>\n<p>Les mairies d\u2019arrondissement ont \u00e9t\u00e9 consult\u00e9es. Ce mardi soir, une d\u00e9lib\u00e9ration portant sur l\u2019augmentation de cette vid\u00e9osurveillance pour un montant d\u20191,7\u00a0million d\u2019euros, a, comme on pouvait s\u2019en douter, d\u00e9clench\u00e9 des d\u00e9bats au sein du conseil. \u00ab\u00a0Contrairement \u00e0 ce que l\u2019on entend, la ville de Lyon reste l\u2019une des villes les mieux dot\u00e9es en cam\u00e9ras&#8230;<\/p>\n","protected":false},"excerpt":{"rendered":"Le 28\u00a0mai, la ville de Lyon annon\u00e7ait que 60 nouvelles cam\u00e9ras fixes devraient \u00eatre install\u00e9es \u00e0 Lyon avant&hellip;\n","protected":false},"author":2,"featured_media":168686,"comment_status":"","ping_status":"","sticky":false,"template":"","format":"standard","meta":{"footnotes":""},"categories":[1889],"tags":[1111,11,2430,1984,2757,1777,674,1011,27,2428,9744,9743,12,316,25],"class_list":{"0":"post-168685","1":"post","2":"type-post","3":"status-publish","4":"format-standard","5":"has-post-thumbnail","7":"category-lyon","8":"tag-actu","9":"tag-actualites","10":"tag-auvergne-rhone-alpes","11":"tag-conseil-municipal","12":"tag-edition-lyon-villeurbanne","13":"tag-eu","14":"tag-europe","15":"tag-fr","16":"tag-france","17":"tag-lyon","18":"tag-lyon-8e","19":"tag-lyon-8e-arrondissement","20":"tag-news","21":"tag-politique","22":"tag-republique-francaise"},"share_on_mastodon":{"url":"https:\/\/pubeurope.com\/@fr\/114665753407001766","error":""},"_links":{"self":[{"href":"https:\/\/www.europesays.com\/fr\/wp-json\/wp\/v2\/posts\/168685","targetHints":{"allow":["GET"]}}],"collection":[{"href":"https:\/\/www.europesays.com\/fr\/wp-json\/wp\/v2\/posts"}],"about":[{"href":"https:\/\/www.europesays.com\/fr\/wp-json\/wp\/v2\/types\/post"}],"author":[{"embeddable":true,"href":"https:\/\/www.europesays.com\/fr\/wp-json\/wp\/v2\/users\/2"}],"replies":[{"embeddable":true,"href":"https:\/\/www.europesays.com\/fr\/wp-json\/wp\/v2\/comments?post=168685"}],"version-history":[{"count":0,"href":"https:\/\/www.europesays.com\/fr\/wp-json\/wp\/v2\/posts\/168685\/revisions"}],"wp:featuredmedia":[{"embeddable":true,"href":"https:\/\/www.europesays.com\/fr\/wp-json\/wp\/v2\/media\/168686"}],"wp:attachment":[{"href":"https:\/\/www.europesays.com\/fr\/wp-json\/wp\/v2\/media?parent=168685"}],"wp:term":[{"taxonomy":"category","embeddable":true,"href":"https:\/\/www.europesays.com\/fr\/wp-json\/wp\/v2\/categories?post=168685"},{"taxonomy":"post_tag","embeddable":true,"href":"https:\/\/www.europesays.com\/fr\/wp-json\/wp\/v2\/tags?post=168685"}],"curies":[{"name":"wp","href":"https:\/\/api.w.org\/{rel}","templated":true}]}}