{"id":168689,"date":"2025-06-11T16:49:12","date_gmt":"2025-06-11T16:49:12","guid":{"rendered":"https:\/\/www.europesays.com\/fr\/168689\/"},"modified":"2025-06-11T16:49:12","modified_gmt":"2025-06-11T16:49:12","slug":"municipales-2026-en-ile-de-france-le-modem-designe-une-trentaine-de-chefs-de-file","status":"publish","type":"post","link":"https:\/\/www.europesays.com\/fr\/168689\/","title":{"rendered":"Municipales 2026 en Ile-de-France\u00a0: le Modem d\u00e9signe une trentaine de chefs de file"},"content":{"rendered":"<p><a href=\"https:\/\/94.citoyens.com\/2025\/suppression-de-la-zfe-comment-ont-vote-les-deputes-dile-de-france,02-06-2025.html\" title=\"Suppression de la ZFE\u00a0: comment ont vot\u00e9 les d\u00e9put\u00e9s d\u2019Ile-de-France\" class=\"visuel\" target=\"_blank\" rel=\"noopener\"> <img decoding=\"async\" src=\"https:\/\/www.europesays.com\/fr\/wp-content\/uploads\/2025\/06\/autoroute-pollution-380x173.jpg\"  class=\"attachment-home-article wp-post-image lazyload\" alt=\"Suppression de la ZFE\u00a0: comment ont vot\u00e9 les d\u00e9put\u00e9s d\u2019Ile-de-France\"\/>  \u00a9 CD\t <\/a> <a href=\"https:\/\/94.citoyens.com\/2025\/suppression-de-la-zfe-comment-ont-vote-les-deputes-dile-de-france,02-06-2025.html\" title=\"Suppression de la ZFE\u00a0: comment ont vot\u00e9 les d\u00e9put\u00e9s d\u2019Ile-de-France\" target=\"_blank\" rel=\"noopener\"> Suppression de la ZFE\u00a0: comment ont vot\u00e9 les d\u00e9put\u00e9s d\u2019Ile-de-France\t<\/a><\/p>\n<p>Vot\u00e9e fin 2018 au niveau intercommunal par la M\u00e9tropole du Grand Paris, la zone \u00e0 faible \u00e9mission (ZFE) d\u2019Ile-de-France visait \u00e0 interdire aux v\u00e9hicules les plus polluants de rouler \u00e0 l\u2019int\u00e9rieur du p\u00e9rim\u00e8tre A86 (A86 exclue) pour lutter contre la pollution de l\u2019air responsable de plusieurs milliers de d\u00e9c\u00e8s pr\u00e9matur\u00e9s par an. Alors qu\u2019elle \u00e9tait\u2026<\/p>\n<p><a href=\"https:\/\/94.citoyens.com\/2025\/municipales-2026-en-val-de-marne-la-france-insoumise-designe-ses-chefs-de-file,03-06-2025.html\" title=\"Municipales 2026 en Val-de-Marne : la France Insoumise d\u00e9signe ses chefs de file\" class=\"visuel\" target=\"_blank\" rel=\"noopener\"> <img decoding=\"async\" src=\"https:\/\/www.europesays.com\/fr\/wp-content\/uploads\/2025\/06\/lfi-380x173.jpg\"  class=\"attachment-home-article wp-post-image lazyload\" alt=\"Municipales 2026 en Val-de-Marne : la France Insoumise d\u00e9signe ses chefs de file\"\/>  \u00a9 FBLFI\t <\/a> <a class=\"lien-icone-article-payant\" href=\"https:\/\/94.citoyens.com\/gestion-abonnement\/paiement-abonnement?level=1\" title=\"Article r\u00e9serv\u00e9 aux abonn\u00e9s\" target=\"_blank\" rel=\"noopener\">  <img decoding=\"async\" class=\"icone-article-payant\" alt=\"Article r\u00e9serv\u00e9 aux abonn\u00e9s\" src=\"https:\/\/www.europesays.com\/fr\/wp-content\/uploads\/2025\/04\/sans_contour_32x32_couleur_originale.png\"\/>  <\/a> <a href=\"https:\/\/94.citoyens.com\/2025\/municipales-2026-en-val-de-marne-la-france-insoumise-designe-ses-chefs-de-file,03-06-2025.html\" title=\"Municipales 2026 en Val-de-Marne : la France Insoumise d\u00e9signe ses chefs de file\" target=\"_blank\" rel=\"noopener\"> Municipales 2026 en Val-de-Marne : la France Insoumise d\u00e9signe ses chefs de file\t<\/a><\/p>\n<p>\u00a0Le Comit\u00e9 \u00e9lectoral de la France insoumise (LFI) a d\u00e9sign\u00e9 11 bin\u00f4mes hommes-femmes comme chefs de file pour les \u00e9lections municipales de 2026 en Val-de-Marne. A l\u2019instar de Renaissance, le mouvement souffre d\u2019un d\u00e9ficit de repr\u00e9sentants dans les \u00e9quipes municipales locales, au regard de ses scores aux l\u00e9gislatives.<\/p>\n<p><a href=\"https:\/\/94.citoyens.com\/2025\/a-velo-ou-a-pied-12-balades-passerelles-pour-explorer-les-liens-entre-paris-et-sa-banlieue,14-05-2025.html\" title=\"A v\u00e9lo ou \u00e0 pied\u00a0: des balades passerelles relient Paris et sa banlieue\" class=\"visuel\" target=\"_blank\" rel=\"noopener\"> <img decoding=\"async\" src=\"https:\/\/www.europesays.com\/fr\/wp-content\/uploads\/2025\/06\/bois-cd-380x173.jpg\"  class=\"attachment-home-article wp-post-image lazyload\" alt=\"A v\u00e9lo ou \u00e0 pied\u00a0: des balades passerelles relient Paris et sa banlieue\"\/>  \u00a9 CD\t <\/a> <a href=\"https:\/\/94.citoyens.com\/2025\/a-velo-ou-a-pied-12-balades-passerelles-pour-explorer-les-liens-entre-paris-et-sa-banlieue,14-05-2025.html\" title=\"A v\u00e9lo ou \u00e0 pied\u00a0: des balades passerelles relient Paris et sa banlieue\" target=\"_blank\" rel=\"noopener\"> A v\u00e9lo ou \u00e0 pied\u00a0: des balades passerelles relient Paris et sa banlieue\t<\/a><\/p>\n<p>Faire le lien entre Paris et sa banlieue et entre villes de petite couronne, telle est l\u2019ambition des balades passerelles th\u00e9matiques propos\u00e9es par le collectif Explore Paris, qui f\u00e9d\u00e8re les offices de tourisme du Grand Paris. Des parcours qui jettent des ponts entre les territoires mais aussi entre les \u00e9poques, du pass\u00e9 industriel aux nouveaux\u2026<\/p>\n<p><a href=\"https:\/\/94.citoyens.com\/2025\/bords-de-marne-le-bateau-bus-reprend-ses-navettes-entre-joinville-le-pont-et-neuilly-plaisance,10-06-2025.html\" title=\"Bords de Marne\u00a0: le bateau-bus reprend ses navettes entre Joinville-le-Pont et Neuilly-Plaisance\" class=\"visuel\" target=\"_blank\" rel=\"noopener\"> <img decoding=\"async\" src=\"https:\/\/www.europesays.com\/fr\/wp-content\/uploads\/2025\/06\/bateaubus-paris-est-marne-et-bois-alice-heurtin-380x173.jpg\"  class=\"attachment-home-article wp-post-image lazyload\" alt=\"Bords de Marne\u00a0: le bateau-bus reprend ses navettes entre Joinville-le-Pont et Neuilly-Plaisance\"\/>  \u00a9 Alice Heurtin\t <\/a> <a href=\"https:\/\/94.citoyens.com\/2025\/bords-de-marne-le-bateau-bus-reprend-ses-navettes-entre-joinville-le-pont-et-neuilly-plaisance,10-06-2025.html\" title=\"Bords de Marne\u00a0: le bateau-bus reprend ses navettes entre Joinville-le-Pont et Neuilly-Plaisance\" target=\"_blank\" rel=\"noopener\"> Bords de Marne\u00a0: le bateau-bus reprend ses navettes entre Joinville-le-Pont et Neuilly-Plaisance\t<\/a><\/p>\n<p>Apr\u00e8s une premi\u00e8re exp\u00e9rimentation \u00e0 succ\u00e8s \u00e0 l\u2019occasion des jeux olympiques, \u00e0 l\u2019\u00e9t\u00e9 2024, le bateau-bus reprend du service sur la Marne, entre Joinville-le-Pont et Neuilly-Plaisance, toujours \u00e0 l\u2019initiative de l\u2019intercommunalit\u00e9 Paris Est Marne &amp; Bois. Objectif : p\u00e9renniser ce moyen de transport par voie fluviale dans l\u2019est parisien, tant pour les trajets domicile-travail que\u2026<\/p>\n","protected":false},"excerpt":{"rendered":"\u00a9 CD Suppression de la ZFE\u00a0: comment ont vot\u00e9 les d\u00e9put\u00e9s d\u2019Ile-de-France Vot\u00e9e fin 2018 au niveau intercommunal&hellip;\n","protected":false},"author":2,"featured_media":153925,"comment_status":"","ping_status":"","sticky":false,"template":"","format":"standard","meta":{"footnotes":""},"categories":[1592],"tags":[1111,11,30199,6275,30200,30201,30202,14770,30203,21618,30204,30205,1936,1777,674,4651,7405,1011,27,6306,30206,3314,30207,662,30208,21664,30209,30210,30211,30212,30213,24588,30214,20412,27541,2759,30215,3434,30216,30217,30218,3435,30219,12,626,30220,25,30221,30222,30223,30224,18341,1937,1945,30225,20752,30226,30227,1125,30228,20422,20423,12653,30229,30230,1938],"class_list":{"0":"post-168689","1":"post","2":"type-post","3":"status-publish","4":"format-standard","5":"has-post-thumbnail","7":"category-ile-de-france","8":"tag-actu","9":"tag-actualites","10":"tag-asnieres-sur-seine","11":"tag-aubervilliers","12":"tag-boulogne-billancourt","13":"tag-bussy-saint-georges","14":"tag-carole-guillerm","15":"tag-champigny-sur-marne","16":"tag-chatillon","17":"tag-courbevoie","18":"tag-didier-dousset","19":"tag-epinay-sur-seine","20":"tag-essonne","21":"tag-eu","22":"tag-europe","23":"tag-femmes","24":"tag-fontainebleau","25":"tag-fr","26":"tag-france","27":"tag-grand-paris","28":"tag-grand-paris-grand-est","29":"tag-hauts-de-seine","30":"tag-houilles","31":"tag-ile-de-france","32":"tag-isabelle-florennes","33":"tag-issy-les-moulineaux","34":"tag-itteville","35":"tag-le-blanc-mesnil","36":"tag-le-chesnay-rocquencourt","37":"tag-le-plessis-trevise","38":"tag-longjumeau","39":"tag-maisons-alfort","40":"tag-maud-petit","41":"tag-melun","42":"tag-metropole-du-grand-paris","43":"tag-modem","44":"tag-montigny-le-bretonneux","45":"tag-municipales-2026","46":"tag-municipales-2026-a-paris","47":"tag-municipales-2026-dans-les-hauts-de-seine","48":"tag-municipales-2026-en-seine-saint-denis","49":"tag-municipales-2026-en-val-de-marne","50":"tag-neuilly-plaisance","51":"tag-news","52":"tag-paris","53":"tag-pierre-olivier-carel","54":"tag-republique-francaise","55":"tag-richard-delepierre","56":"tag-rosny","57":"tag-rosny-sous-bois","58":"tag-rueil-malmaison","59":"tag-saint-denis","60":"tag-seine-et-marne","61":"tag-seine-saint-denis","62":"tag-stains","63":"tag-suresnes","64":"tag-thomas-maubert","65":"tag-trappes","66":"tag-val-de-marne","67":"tag-verneuil-sur-seine","68":"tag-versaille","69":"tag-versailles","70":"tag-villejuif","71":"tag-villiers-sur-marne","72":"tag-voisins-le-bretonneux","73":"tag-yvelines"},"share_on_mastodon":{"url":"","error":"Validation failed: Text character limit of 500 exceeded"},"_links":{"self":[{"href":"https:\/\/www.europesays.com\/fr\/wp-json\/wp\/v2\/posts\/168689","targetHints":{"allow":["GET"]}}],"collection":[{"href":"https:\/\/www.europesays.com\/fr\/wp-json\/wp\/v2\/posts"}],"about":[{"href":"https:\/\/www.europesays.com\/fr\/wp-json\/wp\/v2\/types\/post"}],"author":[{"embeddable":true,"href":"https:\/\/www.europesays.com\/fr\/wp-json\/wp\/v2\/users\/2"}],"replies":[{"embeddable":true,"href":"https:\/\/www.europesays.com\/fr\/wp-json\/wp\/v2\/comments?post=168689"}],"version-history":[{"count":0,"href":"https:\/\/www.europesays.com\/fr\/wp-json\/wp\/v2\/posts\/168689\/revisions"}],"wp:featuredmedia":[{"embeddable":true,"href":"https:\/\/www.europesays.com\/fr\/wp-json\/wp\/v2\/media\/153925"}],"wp:attachment":[{"href":"https:\/\/www.europesays.com\/fr\/wp-json\/wp\/v2\/media?parent=168689"}],"wp:term":[{"taxonomy":"category","embeddable":true,"href":"https:\/\/www.europesays.com\/fr\/wp-json\/wp\/v2\/categories?post=168689"},{"taxonomy":"post_tag","embeddable":true,"href":"https:\/\/www.europesays.com\/fr\/wp-json\/wp\/v2\/tags?post=168689"}],"curies":[{"name":"wp","href":"https:\/\/api.w.org\/{rel}","templated":true}]}}