{"id":168692,"date":"2025-06-11T16:51:10","date_gmt":"2025-06-11T16:51:10","guid":{"rendered":"https:\/\/www.europesays.com\/fr\/168692\/"},"modified":"2025-06-11T16:51:10","modified_gmt":"2025-06-11T16:51:10","slug":"la-vasque-olympique-de-retour-dans-le-ciel-de-paris-pour-la-fete-de-la-musique","status":"publish","type":"post","link":"https:\/\/www.europesays.com\/fr\/168692\/","title":{"rendered":"La vasque olympique de retour dans le ciel de Paris pour la F\u00eate de la musique"},"content":{"rendered":"<ul class=\"jsx-862013697 ArticleChapo__List\">\n<li class=\"jsx-862013697 ArticleChapo__List_Item flex\">La vasque olympique fera son grand retour le 21 juin, pour la F\u00eate de la musique.<\/li>\n<li class=\"jsx-862013697 ArticleChapo__List_Item flex\">Symbole de Paris 2024, elle s&rsquo;\u00e9l\u00e8vera au-dessus des Tuileries pendant un concert.<\/li>\n<\/ul>\n<p data-module=\"article-paragraph\" class=\"jsx-3046738180 Paragraph Paragraph__End\">Elle fera son grand retour, comme promis. La vasque olympique, symbole des Jeux de Paris 2024, s&rsquo;\u00e9l\u00e8vera \u00e0 nouveau dans le ciel le samedi 21 juin prochain en plein c\u0153ur de la capitale, \u00e0 l&rsquo;occasion de la F\u00eate de la musique. La vasque c\u00f4toiera le \u00ab\u00a0grand concert de cl\u00f4ture de la France Music Week qui se tiendra le 21 juin, soir de la F\u00eate de la musique, dans les jardins du mus\u00e9e du Louvre\u00a0\u00bb, pr\u00e9cise le minist\u00e8re de la Culture dans <a href=\"https:\/\/www.culture.gouv.fr\/fr\/presse\/communiques-de-presse\/rachida-dati-ministre-de-la-culture-devoile-les-contours-du-grand-concert-de-cloture-de-la-france-music-week-qui-se-tiendra-le-21-juin-soir-de-l\" target=\"_blank\" rel=\"noopener\">un communiqu\u00e9 (nouvelle fen\u00eatre)<\/a>.<\/p>\n<p><a href=\"https:\/\/www.tf1info.fr\/jeux-olympiques\/vasque-retour-au-jardin-des-tuileries-soiree-des-champions-le-programme-des-festivites-pour-le-1er-anniversaire-des-jo-de-paris-2024-2370706.html\" rel=\"noopener\" class=\"jsx-3308031228 Link flex\" target=\"_blank\"><img decoding=\"async\" src=\"https:\/\/www.europesays.com\/fr\/wp-content\/uploads\/2025\/06\/vasque-olympique-paris-2024-tuileries-7d2411-0@1x.jpeg\" alt=\"La vasque olympiques des Jeux de Paris 2024 dans le jardin des Tuileries.\" loading=\"lazy\" importance=\"low\" fetchpriority=\"low\" class=\"\"\/><\/p>\n<p class=\"jsx-3657663356 ReadMoreArticle__Title\">Lire aussi<\/p>\n<p class=\"jsx-3657663356\">Vasque olympique, \u00ab\u00a0Soir\u00e9e des Champions\u00a0\u00bb&#8230; le programme des festivit\u00e9s pour le 1\u1d49\u02b3 anniversaire des JO 2024<\/p>\n<p><\/a><\/p>\n<p data-module=\"article-paragraph\" class=\"jsx-3046738180 Paragraph Paragraph__End\">Plusieurs artistes figurent d\u00e9j\u00e0 sur la programmation, comme \u00ab\u00a0Camille, Christine and the Queens, Jeanne Added, La Femme, Major Lazer Soundsystem (&#8230;) ou encore Youssef Swatt\u2019s\u00a0\u00bb, vainqueur de l&rsquo;\u00e9mission Nouvelle \u00c9cole. Et comme \u00ab\u00a0invit\u00e9e de marque, qui a su rentrer dans le c\u0153ur de tous les Fran\u00e7ais l\u2019\u00e9t\u00e9 dernier\u00a0\u00bb, le minist\u00e8re annonce donc le retour de \u00ab\u00a0la vasque olympique (qui) prendra \u00e0 nouveau son envol au-dessus du Jardin des Tuileries\u00a0\u00bb. Plus de 35.000 personnes sont invit\u00e9es \u00e0 participer gratuitement au concert, et \u00e0 assister au retour de la vasque olympique.<\/p>\n<p>C.Q <\/p>\n","protected":false},"excerpt":{"rendered":"La vasque olympique fera son grand retour le 21 juin, pour la F\u00eate de la musique. Symbole de&hellip;\n","protected":false},"author":2,"featured_media":168693,"comment_status":"","ping_status":"","sticky":false,"template":"","format":"standard","meta":{"footnotes":""},"categories":[1888],"tags":[1111,1928,11,1927,2618,1921,30231,1777,674,1011,27,1922,3996,30232,873,12,1926,626,1925,5856,25,133,5010],"class_list":{"0":"post-168692","1":"post","2":"type-post","3":"status-publish","4":"format-standard","5":"has-post-thumbnail","7":"category-paris","8":"tag-actu","9":"tag-actu-paris","10":"tag-actualites","11":"tag-actualites-paris","12":"tag-anne-hidalgo","13":"tag-article-video","14":"tag-disciplines-olympiques","15":"tag-eu","16":"tag-europe","17":"tag-fr","18":"tag-france","19":"tag-info","20":"tag-jeux-olympiques","21":"tag-les-jeux-olympiques-et-paralympiques-de-paris-2024","22":"tag-musique","23":"tag-news","24":"tag-news-paris","25":"tag-paris","26":"tag-paris-news","27":"tag-paris-2024","28":"tag-republique-francaise","29":"tag-video","30":"tag-video-sujets-de-societe"},"share_on_mastodon":{"url":"https:\/\/pubeurope.com\/@fr\/114665769569557685","error":""},"_links":{"self":[{"href":"https:\/\/www.europesays.com\/fr\/wp-json\/wp\/v2\/posts\/168692","targetHints":{"allow":["GET"]}}],"collection":[{"href":"https:\/\/www.europesays.com\/fr\/wp-json\/wp\/v2\/posts"}],"about":[{"href":"https:\/\/www.europesays.com\/fr\/wp-json\/wp\/v2\/types\/post"}],"author":[{"embeddable":true,"href":"https:\/\/www.europesays.com\/fr\/wp-json\/wp\/v2\/users\/2"}],"replies":[{"embeddable":true,"href":"https:\/\/www.europesays.com\/fr\/wp-json\/wp\/v2\/comments?post=168692"}],"version-history":[{"count":0,"href":"https:\/\/www.europesays.com\/fr\/wp-json\/wp\/v2\/posts\/168692\/revisions"}],"wp:featuredmedia":[{"embeddable":true,"href":"https:\/\/www.europesays.com\/fr\/wp-json\/wp\/v2\/media\/168693"}],"wp:attachment":[{"href":"https:\/\/www.europesays.com\/fr\/wp-json\/wp\/v2\/media?parent=168692"}],"wp:term":[{"taxonomy":"category","embeddable":true,"href":"https:\/\/www.europesays.com\/fr\/wp-json\/wp\/v2\/categories?post=168692"},{"taxonomy":"post_tag","embeddable":true,"href":"https:\/\/www.europesays.com\/fr\/wp-json\/wp\/v2\/tags?post=168692"}],"curies":[{"name":"wp","href":"https:\/\/api.w.org\/{rel}","templated":true}]}}