{"id":168694,"date":"2025-06-11T16:52:10","date_gmt":"2025-06-11T16:52:10","guid":{"rendered":"https:\/\/www.europesays.com\/fr\/168694\/"},"modified":"2025-06-11T16:52:10","modified_gmt":"2025-06-11T16:52:10","slug":"la-ville-de-paris-se-met-a-hauteur-denfant-et-ca-commence-par-les-bancs","status":"publish","type":"post","link":"https:\/\/www.europesays.com\/fr\/168694\/","title":{"rendered":"La ville de Paris se met \u00e0 hauteur d\u2019enfant, et \u00e7a commence par les bancs"},"content":{"rendered":"<p><strong>Tout le monde assis\u00a0! &#8211; La ville de Paris a d\u00e9ploy\u00e9, ce mercredi matin, les premiers \u00ab\u00a0mini-bancs Davioud\u00a0\u00bb destin\u00e9s aux enfants dans les rues aux \u00e9coles de la capitale<\/strong><\/p>\n<p><a href=\"https:\/\/www.20minutes.fr\/paris\/?at_medium=RSS%20feed&amp;at_campaign=ynews&amp;utm_source=yahoo&amp;utm_medium=rss&amp;utm_campaign=news_feed&amp;utm_content=in_article_link\" rel=\"nofollow noopener\" target=\"_blank\" data-ylk=\"slk:Paris;elm:context_link;itc:0;sec:content-canvas\" class=\"link \">Paris<\/a> est souvent d\u00e9crite comme <a href=\"https:\/\/www.20minutes.fr\/paris\/4093494-20240529-proposent-parisiens-bien-grandir-parishttps:\/\/www.20minutes.fr\/paris\/4093494-20240529-proposent-parisiens-bien-grandir-paris?at_medium=RSS%20feed&amp;at_campaign=ynews&amp;utm_source=yahoo&amp;utm_medium=rss&amp;utm_campaign=news_feed&amp;utm_content=in_article_link\" rel=\"nofollow noopener\" target=\"_blank\" data-ylk=\"slk:une ville hostile aux familles et aux enfants;elm:context_link;itc:0;sec:content-canvas\" class=\"link \">une ville hostile aux familles et aux enfants<\/a>. Entre les <a href=\"https:\/\/www.20minutes.fr\/paris\/4017550-20230105-encadrement-loyers-paris-voici-comment-signaler-depassement?at_medium=RSS%20feed&amp;at_campaign=ynews&amp;utm_source=yahoo&amp;utm_medium=rss&amp;utm_campaign=news_feed&amp;utm_content=in_article_link\" rel=\"nofollow noopener\" target=\"_blank\" data-ylk=\"slk:loyers exorbitants;elm:context_link;itc:0;sec:content-canvas\" class=\"link \">loyers exorbitants<\/a>, le parcours du combattant pour traverser une rue sans se faire renverser par une voiture, un bus, un v\u00e9lo ou une <a href=\"https:\/\/www.20minutes.fr\/societe\/trottinette\/?at_medium=RSS%20feed&amp;at_campaign=ynews&amp;utm_source=yahoo&amp;utm_medium=rss&amp;utm_campaign=news_feed&amp;utm_content=in_article_link\" rel=\"nofollow noopener\" target=\"_blank\" data-ylk=\"slk:trottinette;elm:context_link;itc:0;sec:content-canvas\" class=\"link \">trottinette<\/a>,\u00a0etc. Pourtant, la municipalit\u00e9 tente tant bien que mal de rendre la capitale plus abordable pour les plus petits des Parisiens, avec des programmes comme les \u00ab\u00a0<a href=\"https:\/\/www.20minutes.fr\/paris\/2006627-20170206-paris-rues-enfants-voitures-bientot-capitale?at_medium=RSS%20feed&amp;at_campaign=ynews&amp;utm_source=yahoo&amp;utm_medium=rss&amp;utm_campaign=news_feed&amp;utm_content=in_article_link\" rel=\"nofollow noopener\" target=\"_blank\" data-ylk=\"slk:rues aux enfants;elm:context_link;itc:0;sec:content-canvas\" class=\"link \">rues aux enfants<\/a>\u00a0\u00bb ou les \u00ab\u00a0rues \u00e9coles\u00a0\u00bb.<\/p>\n<p>Derni\u00e8re trouvaille d\u00e9ploy\u00e9e par la Mairie de Paris, des mini-bancs. Mod\u00e8les identiques aux mythiques <a href=\"https:\/\/www.20minutes.fr\/paris\/3220319-20220120-pensez-choix-esthetiques-mairie-paris?at_medium=RSS%20feed&amp;at_campaign=ynews&amp;utm_source=yahoo&amp;utm_medium=rss&amp;utm_campaign=news_feed&amp;utm_content=in_article_link\" rel=\"nofollow noopener\" target=\"_blank\" data-ylk=\"slk:bancs Davioud;elm:context_link;itc:0;sec:content-canvas\" class=\"link \">bancs Davioud<\/a> qui foisonnent dans Paris depuis\u00a01869, ils n\u2019ont pour seule caract\u00e9ristique notable d\u2019\u00eatre des mod\u00e8les r\u00e9duits de leurs a\u00een\u00e9s, et d\u2019\u00eatre ainsi plus accessibles aux enfants.<\/p>\n<p>\u00ab\u00a0Faire une ville \u00e0 hauteur d\u2019enfants, c\u2019est aussi adapter le mobilier\u00a0\u00bb<\/p>\n<p>\u00ab\u00a0Faire une ville \u00e0 hauteur d\u2019enfants, c\u2019est aussi adapter le mobilier et le patrimoine parisien embl\u00e9matique. En plus, ces petits bancs sont vraiment mignons\u00a0!\u00a0\u00bb, nous explique <a href=\"https:\/\/www.20minutes.fr\/politique\/david-belliard\/?at_medium=RSS%20feed&amp;at_campaign=ynews&amp;utm_source=yahoo&amp;utm_medium=rss&amp;utm_campaign=news_feed&amp;utm_content=in_article_link\" rel=\"nofollow noopener\" target=\"_blank\" data-ylk=\"slk:David Belliard;elm:context_link;itc:0;sec:content-canvas\" class=\"link \">David Belliard<\/a>, adjoint d\u2019<a href=\"https:\/\/www.20minutes.fr\/dossier\/anne_hidalgo?at_medium=RSS%20feed&amp;at_campaign=ynews&amp;utm_source=yahoo&amp;utm_medium=rss&amp;utm_campaign=news_feed&amp;utm_content=in_article_link\" rel=\"nofollow noopener\" target=\"_blank\" data-ylk=\"slk:Anne Hidalgo;elm:context_link;itc:0;sec:content-canvas\" class=\"link \">Anne Hidalgo<\/a> en charge de la transformation de l\u2019espace public. Les deux premiers de ces mini-bancs ont \u00e9t\u00e9 install\u00e9s ce mercredi matin dans la rue aux \u00e9coles Pierre Foncin (20e\u00a0arrondissement) et trois autres devraient les suivre rapidement pour une premi\u00e8re phase de test\u00a0: un rue Severo (14e\u00a0arrondissement) et deux rue Vauvenargues (18e\u00a0arrondissement).<\/p>\n<p>Ces premiers tests permettront aux services de la voirie d\u2019affiner le planning en fonction de la complexit\u00e9 de la pose. Une vingtaine de(&#8230;)<\/p>\n<p><a href=\"https:\/\/www.20minutes.fr\/paris\/4158017-20250611-urbanisme-ville-paris-met-hauteur-enfant-ca-commence-bancs?at_medium=RSS%20feed&amp;at_campaign=ynews&amp;utm_source=yahoo&amp;utm_medium=rss&amp;utm_campaign=news_feed&amp;utm_content=read_more_link&quot;\" rel=\"nofollow noopener\" target=\"_blank\" data-ylk=\"slk:Lire la suite sur 20minutes;elm:context_link;itc:0;sec:content-canvas\" class=\"link \">Lire la suite sur 20minutes<\/a><\/p>\n<p>\u00c0 lire aussi :<br \/><a href=\"https:\/\/www.20minutes.fr\/paris\/4134784-20250122-paris-agents-ville-abattent-erreur-arbres-fraichement-plantes?at_medium=RSS%20feed&amp;at_campaign=ynews&amp;utm_source=yahoo&amp;utm_medium=rss&amp;utm_campaign=news_feed&amp;utm_content=related_content_link\" rel=\"nofollow noopener\" target=\"_blank\" data-ylk=\"slk:Paris\u00a0: Des agents de la ville abattent par erreur des arbres fra\u00eechement plant\u00e9s;elm:context_link;itc:0;sec:content-canvas\" class=\"link \">Paris\u00a0: Des agents de la ville abattent par erreur des arbres fra\u00eechement plant\u00e9s<\/a><br \/><a href=\"https:\/\/www.20minutes.fr\/paris\/4122666-20241121-paris-comment-nouveau-plu-bioclimatique-va-profondement-changer-capitale?at_medium=RSS%20feed&amp;at_campaign=ynews&amp;utm_source=yahoo&amp;utm_medium=rss&amp;utm_campaign=news_feed&amp;utm_content=related_content_link\" rel=\"nofollow noopener\" target=\"_blank\" data-ylk=\"slk:Paris\u00a0: Comment le nouveau PLU \u00ab\u00a0bioclimatique\u00a0\u00bb va profond\u00e9ment changer la capitale;elm:context_link;itc:0;sec:content-canvas\" class=\"link \">Paris\u00a0: Comment le nouveau PLU \u00ab\u00a0bioclimatique\u00a0\u00bb va profond\u00e9ment changer la capitale<\/a><\/p>\n","protected":false},"excerpt":{"rendered":"Tout le monde assis\u00a0! &#8211; La ville de Paris a d\u00e9ploy\u00e9, ce mercredi matin, les premiers \u00ab\u00a0mini-bancs Davioud\u00a0\u00bb&hellip;\n","protected":false},"author":2,"featured_media":168695,"comment_status":"","ping_status":"","sticky":false,"template":"","format":"standard","meta":{"footnotes":""},"categories":[1888],"tags":[1111,1928,11,1927,30234,1777,674,1011,27,1913,2381,30233,12,1926,626,1925,25],"class_list":{"0":"post-168694","1":"post","2":"type-post","3":"status-publish","4":"format-standard","5":"has-post-thumbnail","7":"category-paris","8":"tag-actu","9":"tag-actu-paris","10":"tag-actualites","11":"tag-actualites-paris","12":"tag-bancs","13":"tag-eu","14":"tag-europe","15":"tag-fr","16":"tag-france","17":"tag-la-ville","18":"tag-mairie-de-paris","19":"tag-mercredi-matin","20":"tag-news","21":"tag-news-paris","22":"tag-paris","23":"tag-paris-news","24":"tag-republique-francaise"},"share_on_mastodon":{"url":"https:\/\/pubeurope.com\/@fr\/114665773448964501","error":""},"_links":{"self":[{"href":"https:\/\/www.europesays.com\/fr\/wp-json\/wp\/v2\/posts\/168694","targetHints":{"allow":["GET"]}}],"collection":[{"href":"https:\/\/www.europesays.com\/fr\/wp-json\/wp\/v2\/posts"}],"about":[{"href":"https:\/\/www.europesays.com\/fr\/wp-json\/wp\/v2\/types\/post"}],"author":[{"embeddable":true,"href":"https:\/\/www.europesays.com\/fr\/wp-json\/wp\/v2\/users\/2"}],"replies":[{"embeddable":true,"href":"https:\/\/www.europesays.com\/fr\/wp-json\/wp\/v2\/comments?post=168694"}],"version-history":[{"count":0,"href":"https:\/\/www.europesays.com\/fr\/wp-json\/wp\/v2\/posts\/168694\/revisions"}],"wp:featuredmedia":[{"embeddable":true,"href":"https:\/\/www.europesays.com\/fr\/wp-json\/wp\/v2\/media\/168695"}],"wp:attachment":[{"href":"https:\/\/www.europesays.com\/fr\/wp-json\/wp\/v2\/media?parent=168694"}],"wp:term":[{"taxonomy":"category","embeddable":true,"href":"https:\/\/www.europesays.com\/fr\/wp-json\/wp\/v2\/categories?post=168694"},{"taxonomy":"post_tag","embeddable":true,"href":"https:\/\/www.europesays.com\/fr\/wp-json\/wp\/v2\/tags?post=168694"}],"curies":[{"name":"wp","href":"https:\/\/api.w.org\/{rel}","templated":true}]}}