{"id":168696,"date":"2025-06-11T16:53:09","date_gmt":"2025-06-11T16:53:09","guid":{"rendered":"https:\/\/www.europesays.com\/fr\/168696\/"},"modified":"2025-06-11T16:53:09","modified_gmt":"2025-06-11T16:53:09","slug":"rachida-dati-ou-pas-renaissance-garde-le-suspens-jusqua-la-fin-de-lete-pour-les-municipales-2026-a-paris","status":"publish","type":"post","link":"https:\/\/www.europesays.com\/fr\/168696\/","title":{"rendered":"Rachida Dati ou pas ? Renaissance garde le suspens jusqu&rsquo;\u00e0 la fin de l&rsquo;\u00e9t\u00e9 pour les municipales 2026 \u00e0 Paris"},"content":{"rendered":"<p>            Par<br \/>\n        <strong><br \/>\n            <a href=\"https:\/\/actu.fr\/auteur\/antoine-grotteria02\" title=\"Consulter tous les articles de Antoine Grotteria\" target=\"_blank\" rel=\"noopener\">Antoine Grotteria<\/a><br \/>\n        <\/strong><\/p>\n<p>        Publi\u00e9 le<\/p>\n<p>            11 juin 2025 \u00e0 18h16        <\/p>\n<p>Quand certains ont d\u00e9j\u00e0 d\u00e9marr\u00e9 leur campagne, <strong>Renaissance<\/strong> s\u2019interroge encore. Cons\u00e9quence d\u2019un pass\u00e9 douloureux, marqu\u00e9 par le retrait pr\u00e9cipit\u00e9 de <a href=\"https:\/\/actu.fr\/ile-de-france\/paris_75056\/que-devient-benjamin-griveaux-l-ancien-candidat-a-la-mairie-de-paris_38307062.html\" target=\"_blank\" rel=\"noopener\">Benjamin Griveaux<\/a>, investi en 2020 par La R\u00e9publique en marche (LREM), mais <a href=\"https:\/\/actu.fr\/ile-de-france\/paris_75056\/affaire-de-la-sextape-de-benjamin-griveaux-alexandra-de-taddeo-relaxee-par-la-cour-d-appel-de-paris_62197232.html\" target=\"_blank\" rel=\"noopener\">d\u00e9chu<\/a> \u00e0 la suite de la divulgation d\u2019une sextape. Cons\u00e9quence d\u2019un pr\u00e9sent <strong>incertain<\/strong>, entre les proclamations de la ministre de la Culture <a href=\"https:\/\/actu.fr\/ile-de-france\/paris_75056\/a-un-an-des-municipales-a-paris-un-complement-d-enquete-sur-france-2-devastateur-pour-rachida-dati_62734786.html\" target=\"_blank\" rel=\"noopener\">Rachida Dati<\/a>, aimant\u00e9e par la mairie de Paris, mais fragilis\u00e9e par les affaires judiciaires. Cons\u00e9quence d\u2019une <strong>synth\u00e8se \u00e0 bout de souffle<\/strong>, qui a pris la forme d\u2019un glissement \u00e0 droite au cours des mandats exerc\u00e9s par <strong>Emmanuel Macron<\/strong>. Les <a href=\"https:\/\/actu.fr\/tag\/municipales-2026\" target=\"_blank\" rel=\"noopener\">\u00e9lections municipales<\/a> de 2026 s\u2019approchent \u00e0 <a href=\"https:\/\/actu.fr\/paris\/\" target=\"_blank\" rel=\"noopener\">Paris<\/a>. Mais le parti dirig\u00e9 par l\u2019ex-Premier ministre <a href=\"https:\/\/actu.fr\/tag\/gabriel-attal\" target=\"_blank\" rel=\"noopener\">Gabriel Attal<\/a> se laisse encore le temps de r\u00e9fl\u00e9chir \u00e0 son chef de file.<\/p>\n<p>Bournazel d\u00e9j\u00e0 lanc\u00e9<\/p>\n<p class=\" wall-content\">\u00ab\u2009Ce sera d\u2019ici \u00e0 la fin de l\u2019\u00e9t\u00e9. Plut\u00f4t en septembre\u2009\u00bb, glisse Renaissance \u00e0 Actu Paris. La raison\u2009? \u00ab\u2009Paris n\u2019est pas une ville comme les autres. La d\u00e9cision sera prise en concertation avec le Premier ministre et le chef du gouvernement\u2009\u00bb, explique le parti macroniste. Symbolique, la prise de la capitale marquerait un <strong>gros coup<\/strong> \u00e0 un an des <strong>\u00e9lections pr\u00e9sidentielles<\/strong>, organis\u00e9es en 2027. Mais la bataille s\u2019annonce rude et l\u2019issue ind\u00e9cise.<\/p>\n<p class=\" wall-content\">Au Parti socialiste (PS), les trois candidats entretiennent tous un lien particulier avec la maire sortante <a href=\"https:\/\/actu.fr\/ile-de-france\/paris_75056\/c-est-du-tripatouillage-anne-hidalgo-vent-debout-contre-la-reforme-du-scrutin-des-municipales-a-paris_62216788.html\" target=\"_blank\" rel=\"noopener\">Anne Hidalgo<\/a>. <a href=\"https:\/\/actu.fr\/ile-de-france\/paris_75056\/municipales-2026-a-paris-dans-la-bataille-socialiste-marion-waller-n-a-pas-peur-d-etre-la-candidate-woke_62733408.html\" target=\"_blank\" rel=\"noopener\">Marion Waller<\/a> a embrass\u00e9 le r\u00f4le de conseill\u00e8re. Le d\u00e9put\u00e9 <a href=\"https:\/\/actu.fr\/ile-de-france\/paris_75056\/dans-la-continuite-mais-comment-emmanuel-gregoire-souhaite-s-emparer-de-la-mairie-de-paris_61993900.html\" target=\"_blank\" rel=\"noopener\">Emmanuel Gr\u00e9goire<\/a> a \u00e9t\u00e9 son bras droit durant quelques ann\u00e9es. Et le s\u00e9nateur <a href=\"https:\/\/actu.fr\/ile-de-france\/paris_75056\/municipales-2026-qui-est-remi-feraud-favori-d-anne-hidalgo-pour-prendre-sa-suite-a-la-mairie-de-paris_61916811.html\" target=\"_blank\" rel=\"noopener\">R\u00e9mi F\u00e9raud<\/a> a re\u00e7u son <strong>soutien<\/strong> pour la primaire socialiste pr\u00e9vue le lundi 30 juin et le mardi 1er juillet.<\/p>\n<p class=\" wall-content\">Dans la coalition de la majorit\u00e9 municipale, <strong>Les \u00c9cologistes<\/strong> ont vot\u00e9 pour l\u2019actuel adjoint \u00e0 la maire de Paris charg\u00e9 des transports et des mobilit\u00e9s, <a href=\"https:\/\/actu.fr\/ile-de-france\/paris_75056\/municipales-a-paris-vainqueur-de-la-primaire-david-belliard-conduira-la-liste-des-ecologistes-pour-2026_62410333.html\" target=\"_blank\" rel=\"noopener\">David Belliard<\/a>. Quant au<strong> Parti communiste<\/strong> (PCF), <a href=\"https:\/\/actu.fr\/ile-de-france\/paris_75056\/municipales-2026-a-paris-requisition-de-logements-vides-plus-de-policiers-les-priorites-de-ian-brossat_62098040.html\" target=\"_blank\" rel=\"noopener\">Ian Brossat<\/a> va \u00e0 nouveau tenter sa chance. De son c\u00f4t\u00e9, la France insoumise n\u2019a pas encore d\u00e9voil\u00e9 le nom de son candidat. Mais, contrairement aux autres formations de gauche, le mouvement dispose d\u2019un ancrage local moins prononc\u00e9.<\/p>\n<p class=\" wall-content\">La gauche n\u2019a pas le monopole de la dispersion. \u00c0 droite, le conseiller de Paris <strong>Pierre-Yves Bournazel<\/strong> a d\u00e9j\u00e0 <a href=\"https:\/\/actu.fr\/ile-de-france\/paris_75056\/un-cote-macron-a-paris-les-soutiens-de-pierre-yves-bournazel-voient-une-alternative-a-rachida-dati_62726030.html\" target=\"_blank\" rel=\"noopener\">ouvert<\/a> le bal de sa campagne en attirant des caciques de la Macronie originelle, comme l\u2019ex-chef du gouvernement <strong>\u00c9douard Philippe<\/strong> et les anciens ministres Cl\u00e9ment Beaune, <strong>Christophe B\u00e9chu<\/strong> et <a href=\"https:\/\/actu.fr\/ile-de-france\/paris_75056\/agnes-buzyn-dement-avoir-demissionne-de-son-mandat-dans-le-17eme-arrondissement-de-paris_36129901.html\" target=\"_blank\" rel=\"noopener\">Agn\u00e8s Buzyn<\/a>. Le s\u00e9nateur LR Francis Szpiner caresse, lui, l\u2019espoir d\u2019\u00eatre investi par son parti. Rien n\u2019est moins s\u00fbr compte tenu de ses <a href=\"https:\/\/actu.fr\/ile-de-france\/paris_75056\/le-senateur-lr-de-paris-francis-szpiner-accuse-d-avoir-attribue-un-logement-contre-des-faveurs-sexuelles_62523345.html\" target=\"_blank\" rel=\"noopener\">d\u00e9boires judiciaires<\/a>.<\/p>\n<p>Rachida Dati, \u00ab\u2009la candidate la mieux plac\u00e9e\u2009\u00bb<\/p>\n<p class=\" wall-content\">Idem pour Rachida Dati, qui aurait repris sa carte dans son ancienne famille politique, selon <a href=\"https:\/\/www.leparisien.fr\/politique\/rachida-dati-a-repris-sa-carte-aux-republicains-02-04-2025-DRWVUONCBNBARDWPKGH5O5JRFU.php\" target=\"_blank\" rel=\"noopener\">Le Parisien<\/a>. Si certains cadres LR, comme la patronne de la f\u00e9d\u00e9ration de Paris, <strong>Agn\u00e8s Evren<\/strong>, soutiennent la ministre, d\u2019autres se r\u00e9v\u00e8lent plus mesur\u00e9s. Parmi eux, le plus \u00e9minent, le ministre de l\u2019Int\u00e9rieur <strong>Bruno Retailleau<\/strong>, pr\u00e9sident du parti. Ce dernier l\u2019avait vivement critiqu\u00e9e apr\u00e8s son arriv\u00e9e \u00e0 la rue de Valois.<\/p>\n<p class=\" wall-content\">Pourtant, chez Renaissance, cette pr\u00e9sence au gouvernement lui assure une <strong>l\u00e9gitimit\u00e9<\/strong>. En mars dernier, le d\u00e9put\u00e9 de Paris et pr\u00e9sident de la f\u00e9d\u00e9ration du parti dans la capitale <strong>Sylvain Maillard<\/strong> avait indiqu\u00e9 sur <a href=\"https:\/\/www.dailymotion.com\/video\/x9g4trs\" target=\"_blank\" rel=\"noopener\">franceinfo <\/a>qu\u2019elle \u00e9tait \u00ab\u2009la candidate la mieux plac\u00e9e, de loi\u2009\u00bb, pr\u00e9cisant que la candidature serait finalis\u00e9e \u00ab\u2009fin mai-d\u00e9but juin\u2009\u00bb, avant une annonce le \u00ab\u200930\u00a0juin\u2009\u00bb.<\/p>\n<p class=\" wall-content\">L\u2019\u00e9lu se serait-il avanc\u00e9\u2009? Au sein de Renaissance, on pr\u00e9cise qu\u2019\u00e0 cette date seront d\u00e9voil\u00e9es les t\u00eates de liste \u00ab\u2009dans les <strong>villes de 60\u2009000\u00a0habitants<\/strong>\u2009\u00bb. \u00ab\u2009C\u2019est <strong>Franck Riester<\/strong>, charg\u00e9 des \u00e9lections, et Gabriel Attal, qui seront charg\u00e9s de ces annonces\u2009\u00bb, rappelle le parti. Dans les Hauts-de-Seine, trois \u00ab\u2009pilotes\u2009\u00bb ont d\u00e9j\u00e0 \u00e9t\u00e9 d\u00e9sign\u00e9es, dont l\u2019ancienne porte-parole du gouvernement Barnier <a href=\"https:\/\/actu.fr\/ile-de-france\/antony_92002\/elue-a-levallois-perret-deputee-des-hauts-de-seine-maud-bregeon-nommee-porte-parole-du-gouvernement_61630805.html\" target=\"_blank\" rel=\"noopener\">Maud Bregeon<\/a>, d\u00e9put\u00e9 de la 13e circonscription, comme l\u2019indiquait <a href=\"https:\/\/www.leparisien.fr\/hauts-de-seine-92\/municipales-2026-renaissance-designe-ses-premiers-pilotes-a-antony-colombes-et-nanterre-16-04-2025-YSVKWYD3LZD4XN3JLKQRHHBU6U.php\" target=\"_blank\" rel=\"noopener\">Le Parisien<\/a> en avril. Mais ils ne seront pas automatiquement chefs de file. \u00c0 Paris, r\u00e9ponse dans quelques mois.<\/p>\n<p class=\" wall-content\">Suivez toute l\u2019actualit\u00e9 de vos villes et m\u00e9dias favoris en vous inscrivant \u00e0 <a href=\"https:\/\/moncompte.actu.fr\" title=\"D\u00e9couvez Mon Actu\" rel=\"nofollow noopener\" data-trk=\"{&quot;cta&quot;:{&quot;action&quot;:&quot;https:\\\/\\\/moncompte.actu.fr&quot;,&quot;category&quot;:&quot;mon compte&quot;,&quot;from&quot;:&quot;article footer&quot;,&quot;name&quot;:&quot;Mon actu&quot;,&quot;type&quot;:&quot;cta&quot;}}\" target=\"_blank\">Mon Actu<\/a>.<\/p>\n","protected":false},"excerpt":{"rendered":"Par Antoine Grotteria Publi\u00e9 le 11 juin 2025 \u00e0 18h16 Quand certains ont d\u00e9j\u00e0 d\u00e9marr\u00e9 leur campagne, Renaissance&hellip;\n","protected":false},"author":2,"featured_media":168697,"comment_status":"","ping_status":"","sticky":false,"template":"","format":"standard","meta":{"footnotes":""},"categories":[1888],"tags":[11,1777,674,1011,27,3434,12,626,316,417,12415,25],"class_list":{"0":"post-168696","1":"post","2":"type-post","3":"status-publish","4":"format-standard","5":"has-post-thumbnail","7":"category-paris","8":"tag-actualites","9":"tag-eu","10":"tag-europe","11":"tag-fr","12":"tag-france","13":"tag-municipales-2026","14":"tag-news","15":"tag-paris","16":"tag-politique","17":"tag-rachida-dati","18":"tag-renaissance-ex-lrem","19":"tag-republique-francaise"},"share_on_mastodon":{"url":"https:\/\/pubeurope.com\/@fr\/114665777332127764","error":""},"_links":{"self":[{"href":"https:\/\/www.europesays.com\/fr\/wp-json\/wp\/v2\/posts\/168696","targetHints":{"allow":["GET"]}}],"collection":[{"href":"https:\/\/www.europesays.com\/fr\/wp-json\/wp\/v2\/posts"}],"about":[{"href":"https:\/\/www.europesays.com\/fr\/wp-json\/wp\/v2\/types\/post"}],"author":[{"embeddable":true,"href":"https:\/\/www.europesays.com\/fr\/wp-json\/wp\/v2\/users\/2"}],"replies":[{"embeddable":true,"href":"https:\/\/www.europesays.com\/fr\/wp-json\/wp\/v2\/comments?post=168696"}],"version-history":[{"count":0,"href":"https:\/\/www.europesays.com\/fr\/wp-json\/wp\/v2\/posts\/168696\/revisions"}],"wp:featuredmedia":[{"embeddable":true,"href":"https:\/\/www.europesays.com\/fr\/wp-json\/wp\/v2\/media\/168697"}],"wp:attachment":[{"href":"https:\/\/www.europesays.com\/fr\/wp-json\/wp\/v2\/media?parent=168696"}],"wp:term":[{"taxonomy":"category","embeddable":true,"href":"https:\/\/www.europesays.com\/fr\/wp-json\/wp\/v2\/categories?post=168696"},{"taxonomy":"post_tag","embeddable":true,"href":"https:\/\/www.europesays.com\/fr\/wp-json\/wp\/v2\/tags?post=168696"}],"curies":[{"name":"wp","href":"https:\/\/api.w.org\/{rel}","templated":true}]}}