{"id":168700,"date":"2025-06-11T16:55:09","date_gmt":"2025-06-11T16:55:09","guid":{"rendered":"https:\/\/www.europesays.com\/fr\/168700\/"},"modified":"2025-06-11T16:55:09","modified_gmt":"2025-06-11T16:55:09","slug":"la-russie-une-cash-machine-devenue-boulet-pour-leroy-merlin","status":"publish","type":"post","link":"https:\/\/www.europesays.com\/fr\/168700\/","title":{"rendered":"La Russie, une cash machine devenue boulet pour Leroy Merlin"},"content":{"rendered":"<p class=\"paywall--paraph\">La Russie est un march\u00e9 strat\u00e9gique pour Leroy Merlin. Le deuxi\u00e8me en termes de chiffre d\u2019affaires apr\u00e8s la France. Mais la machine \u00e0 cash de l\u2019enseigne s\u2019est semble-t-il gripp\u00e9e. En 2022, la filiale russe affichait un chiffre d\u2019affaires de 7,158\u00a0milliards d\u2019euros, avant que le rouble s\u2019effondre. Depuis, selon nos informations, ses ventes se sont affaiss\u00e9es de 6,06 \u00e0 5,83\u00a0milliards d\u2019euros entre 2023 et 2024 (-3,8\u00a0%).<\/p>\n","protected":false},"excerpt":{"rendered":"La Russie est un march\u00e9 strat\u00e9gique pour Leroy Merlin. Le deuxi\u00e8me en termes de chiffre d\u2019affaires apr\u00e8s la&hellip;\n","protected":false},"author":2,"featured_media":168701,"comment_status":"","ping_status":"","sticky":false,"template":"","format":"standard","meta":{"footnotes":""},"categories":[1591],"tags":[11,1887,6908,30235,30236,12,1885,1886,132],"class_list":{"0":"post-168700","1":"post","2":"type-post","3":"status-publish","4":"format-standard","5":"has-post-thumbnail","7":"category-russie","8":"tag-actualites","9":"tag-federation-de-russie","10":"tag-grande-distribution","11":"tag-leroy-merlin","12":"tag-mulliez","13":"tag-news","14":"tag-russia","15":"tag-russian-federation","16":"tag-russie"},"share_on_mastodon":{"url":"https:\/\/pubeurope.com\/@fr\/114665784990292244","error":""},"_links":{"self":[{"href":"https:\/\/www.europesays.com\/fr\/wp-json\/wp\/v2\/posts\/168700","targetHints":{"allow":["GET"]}}],"collection":[{"href":"https:\/\/www.europesays.com\/fr\/wp-json\/wp\/v2\/posts"}],"about":[{"href":"https:\/\/www.europesays.com\/fr\/wp-json\/wp\/v2\/types\/post"}],"author":[{"embeddable":true,"href":"https:\/\/www.europesays.com\/fr\/wp-json\/wp\/v2\/users\/2"}],"replies":[{"embeddable":true,"href":"https:\/\/www.europesays.com\/fr\/wp-json\/wp\/v2\/comments?post=168700"}],"version-history":[{"count":0,"href":"https:\/\/www.europesays.com\/fr\/wp-json\/wp\/v2\/posts\/168700\/revisions"}],"wp:featuredmedia":[{"embeddable":true,"href":"https:\/\/www.europesays.com\/fr\/wp-json\/wp\/v2\/media\/168701"}],"wp:attachment":[{"href":"https:\/\/www.europesays.com\/fr\/wp-json\/wp\/v2\/media?parent=168700"}],"wp:term":[{"taxonomy":"category","embeddable":true,"href":"https:\/\/www.europesays.com\/fr\/wp-json\/wp\/v2\/categories?post=168700"},{"taxonomy":"post_tag","embeddable":true,"href":"https:\/\/www.europesays.com\/fr\/wp-json\/wp\/v2\/tags?post=168700"}],"curies":[{"name":"wp","href":"https:\/\/api.w.org\/{rel}","templated":true}]}}