{"id":168711,"date":"2025-06-11T17:01:12","date_gmt":"2025-06-11T17:01:12","guid":{"rendered":"https:\/\/www.europesays.com\/fr\/168711\/"},"modified":"2025-06-11T17:01:12","modified_gmt":"2025-06-11T17:01:12","slug":"a-bruxelles-le-conseiller-federal-martin-pfister-impressionne-par-la-dynamique-europeenne-en-matiere-de-rearmement","status":"publish","type":"post","link":"https:\/\/www.europesays.com\/fr\/168711\/","title":{"rendered":"A Bruxelles, le conseiller f\u00e9d\u00e9ral Martin Pfister \u00abimpressionn\u00e9\u00bb par la dynamique europ\u00e9enne en mati\u00e8re de r\u00e9armement"},"content":{"rendered":"<p>              <a tabindex=\"-1\" title=\"Val\u00e9rie de Graffenried\" href=\"https:\/\/www.letemps.ch\/profil\/valerie-de-graffenried\" target=\"_blank\" rel=\"noopener\"><\/p>\n<p>                    <img decoding=\"async\" src=\"https:\/\/www.europesays.com\/fr\/wp-content\/uploads\/2025\/04\/1744793291_698_small.jpeg\" class=\"lazy\" alt=\"\"\/><\/p>\n<p><\/a>        <\/p>\n<p>    Publi\u00e9 le 11 juin 2025 \u00e0 18:22. \/ Modifi\u00e9 le 11 juin 2025 \u00e0 18:56.<\/p>\n<p> 3 min. de lecture<\/p>\n<p class=\"article__abstract-call-to-action\" data-ariato=\"TrackableElement\" data-trackable-element-type=\"article_abstract_cta\" data-trackable-element-location=\"article_header\" data-trackable-element-id=\"497555\">\n          <a data-event=\"click-&gt;clicked\" href=\"https:\/\/www.letemps.ch\/abonnements\" target=\"_blank\" rel=\"noopener\">Abonnez-vous<\/a> pour acc\u00e9der au r\u00e9sum\u00e9 en 20 secondes.\n        <\/p>\n<p>Andrius Kubilius n\u2019a pas m\u00e2ch\u00e9 ses mots. Non seulement \u00abl\u2019agressivit\u00e9 russe augmente\u00bb, avec le risque d\u2019une attaque contre l\u2019UE \u00abdans les cinq ans \u00e0 venir\u00bb, mais le retrait am\u00e9ricain d\u2019Europe \u00abdevient r\u00e9alit\u00e9\u00bb, a ass\u00e9n\u00e9 le commissaire europ\u00e9en \u00e0 la D\u00e9fense. C\u2019est dans ce contexte f\u00e9brile, en plein tourbillon s\u00e9curitaire, que le conseiller f\u00e9d\u00e9ral Martin Pfister, accompagn\u00e9 de son secr\u00e9taire d\u2019Etat \u00e0 la politique de s\u00e9curit\u00e9, a particip\u00e9 mardi et mercredi, \u00e0 Bruxelles, au <a href=\"https:\/\/ebsummits.eu\/our-summits\/european-defence-security\/\" rel=\"nofollow noopener\" target=\"_blank\">European Defence\u00a0&amp; Security Summit (EDSS)<\/a>.<\/p>\n<p>Devant les m\u00e9dias suisses, le ministre n\u2019a pas cach\u00e9 \u00eatre \u00abimpressionn\u00e9\u00bb par la \u00abdynamique europ\u00e9enne en mati\u00e8re de r\u00e9armement et d\u2019augmentation des capacit\u00e9s s\u00e9curitaires\u00bb. Et par la \u00abd\u00e9termination\u00bb des partenaires europ\u00e9ens \u00e0 investir dans le domaine. Il l\u2019a m\u00eame r\u00e9p\u00e9t\u00e9 \u00e0 plusieurs reprises.<\/p>\n","protected":false},"excerpt":{"rendered":"Publi\u00e9 le 11 juin 2025 \u00e0 18:22. \/ Modifi\u00e9 le 11 juin 2025 \u00e0 18:56. 3 min. de&hellip;\n","protected":false},"author":2,"featured_media":168712,"comment_status":"","ping_status":"","sticky":false,"template":"","format":"standard","meta":{"footnotes":""},"categories":[1586],"tags":[11,1777,674,1779,1011,27,12,301,25,656,2582,1778,364],"class_list":{"0":"post-168711","1":"post","2":"type-post","3":"status-publish","4":"format-standard","5":"has-post-thumbnail","7":"category-europe","8":"tag-actualites","9":"tag-eu","10":"tag-europe","11":"tag-european-union","12":"tag-fr","13":"tag-france","14":"tag-news","15":"tag-premium","16":"tag-republique-francaise","17":"tag-securite","18":"tag-suisse-ue","19":"tag-ue","20":"tag-union-europeenne"},"share_on_mastodon":{"url":"https:\/\/pubeurope.com\/@fr\/114665808497365248","error":""},"_links":{"self":[{"href":"https:\/\/www.europesays.com\/fr\/wp-json\/wp\/v2\/posts\/168711","targetHints":{"allow":["GET"]}}],"collection":[{"href":"https:\/\/www.europesays.com\/fr\/wp-json\/wp\/v2\/posts"}],"about":[{"href":"https:\/\/www.europesays.com\/fr\/wp-json\/wp\/v2\/types\/post"}],"author":[{"embeddable":true,"href":"https:\/\/www.europesays.com\/fr\/wp-json\/wp\/v2\/users\/2"}],"replies":[{"embeddable":true,"href":"https:\/\/www.europesays.com\/fr\/wp-json\/wp\/v2\/comments?post=168711"}],"version-history":[{"count":0,"href":"https:\/\/www.europesays.com\/fr\/wp-json\/wp\/v2\/posts\/168711\/revisions"}],"wp:featuredmedia":[{"embeddable":true,"href":"https:\/\/www.europesays.com\/fr\/wp-json\/wp\/v2\/media\/168712"}],"wp:attachment":[{"href":"https:\/\/www.europesays.com\/fr\/wp-json\/wp\/v2\/media?parent=168711"}],"wp:term":[{"taxonomy":"category","embeddable":true,"href":"https:\/\/www.europesays.com\/fr\/wp-json\/wp\/v2\/categories?post=168711"},{"taxonomy":"post_tag","embeddable":true,"href":"https:\/\/www.europesays.com\/fr\/wp-json\/wp\/v2\/tags?post=168711"}],"curies":[{"name":"wp","href":"https:\/\/api.w.org\/{rel}","templated":true}]}}