{"id":168729,"date":"2025-06-11T17:12:09","date_gmt":"2025-06-11T17:12:09","guid":{"rendered":"https:\/\/www.europesays.com\/fr\/168729\/"},"modified":"2025-06-11T17:12:09","modified_gmt":"2025-06-11T17:12:09","slug":"cyclisme-criterium-du-dauphine-romain-bardet-salue-par-ses-pairs-un-grand-coureur","status":"publish","type":"post","link":"https:\/\/www.europesays.com\/fr\/168729\/","title":{"rendered":"Cyclisme. Criterium du Dauphin\u00e9 &#8211; Romain Bardet salu\u00e9 par ses pairs : \u00abUn grand coureur\u00bb"},"content":{"rendered":"<p>Plus d&rsquo;un an apr\u00e8s la retraite de <strong>Thibaut Pinot<\/strong>, c&rsquo;est un autre grand nom du cyclisme tricolore qui s&rsquo;appr\u00eate \u00e0 quitter les pelotons. En effet,\u00a0<strong><a href=\"https:\/\/www.cyclismactu.net\/..\/news-criterium-du-dauphine-route-ovation-bain-de-foule-hommage-de-brioude-bardet-88286.html\" target=\"_blank\" rel=\"nofollow noopener\">Romain Bardet<\/a>\u00a0<\/strong>conna\u00eet actuellement, sur le <strong><a href=\"https:\/\/www.cyclismactu.net\/..\/news-criterium-du-dauphine-route-tadej-pogacar-c-etait-une-vraie-etape-de-tour-de-france-88291.html\" target=\"_blank\" rel=\"nofollow noopener\">Crit\u00e9rium du Dauphin\u00e9<\/a> <\/strong>o\u00f9 il est engag\u00e9, ses derniers jours en tant que cycliste professionnel, puisqu&rsquo;il mettra un terme \u00e0 sa carri\u00e8re \u00e0 l&rsquo;arriv\u00e9e de la course auvergnate ce dimanche. Avec son palmar\u00e8s garni de notamment 4 \u00e9tapes sur le <strong>Tour de France<\/strong>, <strong>Romain Bardet<\/strong>\u00a0laissera sans nul doute une trace ind\u00e9l\u00e9bile dans le monde du cyclisme, et notamment chez ses acteurs les plus directs : les coureurs.<\/p>\n<p>Vid\u00e9o &#8211; Romain Bardet ovationn\u00e9 chez lui,  \u00e0 Brioude Lire la suite de l&rsquo;article&#13;<\/p>\n<p>\u00a0<\/p>\n<p>&#13;<br \/>\n\u00ab\u00a0Un monument du cyclisme fran\u00e7ais\u00a0\u00bb&#13;<\/p>\n<p>Beaucoup de ses pairs ont souhait\u00e9 rendre hommage \u00e0 <strong>Romain Bardet<\/strong>\u00a0en marge du d\u00e9part de la troisi\u00e8me \u00e9tape du <strong>Crit\u00e9rium du Dauphin\u00e9<\/strong>\u00a0ce mardi. Que ce soit <strong>Lenny Martinez <\/strong>(Bahrain Victorious) qui explique que\u00a0\u201cRomain, c\u2019est une idole du v\u00e9lo fran\u00e7ais. Il a fait une superbe carri\u00e8re, c\u2019est un grand coureur\u201d,\u00a0ou encore <strong>Guillaume Martin-Guyonnet <\/strong>(Groupama-FDJ) pour qui <strong>Romain Bardet <\/strong>est \u00ab\u00a0un monument du cyclisme fran\u00e7ais, tous reconnaissent l&rsquo;influence qu&rsquo;a eue le Fran\u00e7ais sur le cyclisme de ces derni\u00e8res ann\u00e9es. C&rsquo;est \u00e9galement le cas pour\u00a0<strong>Aurelien Paret-Peintre <\/strong>(Decathlon AG2R La Mondiale), son ancien co\u00e9quipier, qui souligne l&rsquo;impact qu&rsquo;il a encore au sein de sa pr\u00e9c\u00e9dente formation : \u00ab\u00a0Il a toujours \u00e9t\u00e9 dans la recherche, il a fait progresser l\u2019\u00e9quipe AG2R \u00e0 sa mani\u00e8re. On a\u00a0encore cet h\u00e9ritage dans l\u2019\u00e9quipe, sur les stages ou la nutrition\u201d.<\/p>\n<p>&#13;<\/p>\n<p>Admir\u00e9 et reconnu par ses pairs, <strong>Romain Bardet <\/strong>l&rsquo;est \u00e9galement en dehors de l&rsquo;hexagone, notamment\u00a0<strong>Remco Evenepoel <\/strong>qui rend hommage \u00e0 l&rsquo;Auvergnat, avec qui il a partag\u00e9 certains moments sur la route : \u00ab\u00a0Le meilleur souvenir ensemble, c&rsquo;est bien s\u00fbr l&rsquo;\u00e9tape de La Vuelta qu&rsquo;on a faite ensemble, 90 km ensemble dans le final, le jour apr\u00e8s je t&rsquo;ai pr\u00eat\u00e9 mon maillot pour ton fils. Je te souhaite encore une belle fin de carri\u00e8re et encore une belle vie avec ta famille\u00a0\u00bb.<\/p>\n","protected":false},"excerpt":{"rendered":"Plus d&rsquo;un an apr\u00e8s la retraite de Thibaut Pinot, c&rsquo;est un autre grand nom du cyclisme tricolore qui&hellip;\n","protected":false},"author":2,"featured_media":168730,"comment_status":"","ping_status":"","sticky":false,"template":"","format":"standard","meta":{"footnotes":""},"categories":[1411],"tags":[24803,1154,207,211,1011,27,209,60,210,212,208,213],"class_list":{"0":"post-168729","1":"post","2":"type-post","3":"status-publish","4":"format-standard","5":"has-post-thumbnail","7":"category-cyclisme","8":"tag-criterium-du-dauphine","9":"tag-cycling","10":"tag-cyclisme","11":"tag-ffc","12":"tag-fr","13":"tag-france","14":"tag-route","15":"tag-sports","16":"tag-tour-de-france","17":"tag-uci","18":"tag-velo","19":"tag-world-tour"},"share_on_mastodon":{"url":"https:\/\/pubeurope.com\/@fr\/114665851732159755","error":""},"_links":{"self":[{"href":"https:\/\/www.europesays.com\/fr\/wp-json\/wp\/v2\/posts\/168729","targetHints":{"allow":["GET"]}}],"collection":[{"href":"https:\/\/www.europesays.com\/fr\/wp-json\/wp\/v2\/posts"}],"about":[{"href":"https:\/\/www.europesays.com\/fr\/wp-json\/wp\/v2\/types\/post"}],"author":[{"embeddable":true,"href":"https:\/\/www.europesays.com\/fr\/wp-json\/wp\/v2\/users\/2"}],"replies":[{"embeddable":true,"href":"https:\/\/www.europesays.com\/fr\/wp-json\/wp\/v2\/comments?post=168729"}],"version-history":[{"count":0,"href":"https:\/\/www.europesays.com\/fr\/wp-json\/wp\/v2\/posts\/168729\/revisions"}],"wp:featuredmedia":[{"embeddable":true,"href":"https:\/\/www.europesays.com\/fr\/wp-json\/wp\/v2\/media\/168730"}],"wp:attachment":[{"href":"https:\/\/www.europesays.com\/fr\/wp-json\/wp\/v2\/media?parent=168729"}],"wp:term":[{"taxonomy":"category","embeddable":true,"href":"https:\/\/www.europesays.com\/fr\/wp-json\/wp\/v2\/categories?post=168729"},{"taxonomy":"post_tag","embeddable":true,"href":"https:\/\/www.europesays.com\/fr\/wp-json\/wp\/v2\/tags?post=168729"}],"curies":[{"name":"wp","href":"https:\/\/api.w.org\/{rel}","templated":true}]}}