{"id":16873,"date":"2025-04-11T08:53:09","date_gmt":"2025-04-11T08:53:09","guid":{"rendered":"https:\/\/www.europesays.com\/fr\/16873\/"},"modified":"2025-04-11T08:53:09","modified_gmt":"2025-04-11T08:53:09","slug":"leger-flechissement-du-tourisme-americain-en-france-selon-la-ministre","status":"publish","type":"post","link":"https:\/\/www.europesays.com\/fr\/16873\/","title":{"rendered":"\u00abL\u00e9ger fl\u00e9chissement\u00bb du tourisme am\u00e9ricain en France, selon la ministre"},"content":{"rendered":"<p class=\"fig-paragraph\">La ministre du Tourisme Nathalie Delattre a indiqu\u00e9 vendredi sur RTL voir un \u00abl\u00e9ger fl\u00e9chissement\u00bb de l&rsquo;arriv\u00e9e de touristes am\u00e9ricains en France pour les ponts de mai, notamment pour les congr\u00e8s et le tourisme d&rsquo;affaires, compens\u00e9 par l&rsquo;arriv\u00e9e de Canadiens. \u00abLe loisir est tr\u00e8s impact\u00e9 par l&rsquo;ambiance g\u00e9n\u00e9rale macro\u00e9conomique, le pouvoir d&rsquo;achat, le taux de change. Mais je suis en lien constant avec l&rsquo;\u00e9cosyst\u00e8me touristique (&#8230;), aujourd&rsquo;hui, c&rsquo;est un secteur qui r\u00e9siste\u00bb, a estim\u00e9 la ministre en r\u00e9ponse \u00e0 une question sur l&rsquo;impact des\u00a0<a href=\"http:\/\/www.lefigaro.fr\/conjoncture\/guerre-commerciale-l-europe-craint-de-subir-un-deferlement-de-produits-chinois-detournes-du-marche-americain-20250410\" target=\"_blank\" data-fig-type=\"Article\" rel=\"noopener\" data-gtm-custom-categorie=\"navigation\" data-gtm-custom-action=\"crossclick\" data-gtm-custom-label=\"Contextuel\" data-gtm-event=\"customEventSPE\" data-fig-domain=\"LEFIGARO\">droits de douane\u00a0<\/a>et de la politique de Donald Trump sur le tourisme.<\/p>\n<p class=\"fig-paragraph\">\u00abNous avons un taux de remplissage exceptionnel pour P\u00e2ques. Pour les ponts de mai, nous voyons un l\u00e9ger fl\u00e9chissement du tourisme am\u00e9ricain\u00a0: moins 3% sur les congr\u00e8s et moins 4% sur le<a href=\"http:\/\/www.lefigaro.fr\/conjoncture\/tourisme-la-france-quatrieme-economie-touristique-de-la-planete-selon-l-index-du-forum-economique-mondial-20240521\" target=\"_blank\" data-fig-type=\"NewsFlash\" rel=\"noopener\" data-gtm-custom-categorie=\"navigation\" data-gtm-custom-action=\"crossclick\" data-gtm-custom-label=\"Contextuel\" data-gtm-event=\"customEventSPE\" data-fig-domain=\"LEFIGARO\">\u00a0tourisme<\/a> \u00a0d&rsquo;affaires, mais nous compensons par d&rsquo;autres tourismes et notamment le Canada qui se d\u00e9tourne des \u00c9tats-Unis et qui arrive plus massivement en France et dans nos Outre-mer\u00bb, a poursuivi la ministre.<\/p>\n<p>\u00abH\u00e9ritage des JO\u00bb<\/p>\n<p class=\"fig-paragraph\">\u00abJe reviens de Guadeloupe et Martinique, o\u00f9 ce tourisme a augment\u00e9 et nous allons de fa\u00e7on tr\u00e8s agressive chercher aussi \u00e0 investir pour aller chercher d&rsquo;autres clients en compensation\u00bb, a-t-elle assur\u00e9. \u00abNous avons l\u00e0 une formidable opportunit\u00e9 pour la France\u00bb, selon la ministre qui a rappel\u00e9 que le secteur misait sur \u00abl&rsquo;h\u00e9ritage des JO\u00bb de Paris en 2024 et la perspective des Jeux d&rsquo;hiver en 2030 dans les Alpes fran\u00e7aises.<\/p>\n<p class=\"fig-paragraph\">L&rsquo;an dernier, la France a accueilli 100 millions de visiteurs \u00e9trangers et le secteur a engrang\u00e9 71 milliards d&rsquo;euros de recettes, une hausse de 12% par rapport \u00e0 2023 port\u00e9e par divers \u00e9v\u00e9nements (les c\u00e9r\u00e9monies de comm\u00e9moration du d\u00e9barquement, la r\u00e9ouverture de Notre-Dame et les JO) et \u00abgr\u00e2ce \u00e0 cela, nous r\u00e9sistons bien\u00bb, a-t-elle encore ajout\u00e9.<\/p>\n","protected":false},"excerpt":{"rendered":"La ministre du Tourisme Nathalie Delattre a indiqu\u00e9 vendredi sur RTL voir un \u00abl\u00e9ger fl\u00e9chissement\u00bb de l&rsquo;arriv\u00e9e de&hellip;\n","protected":false},"author":2,"featured_media":16874,"comment_status":"","ping_status":"","sticky":false,"template":"","format":"standard","meta":{"footnotes":""},"categories":[4],"tags":[1111,47,11,1117,1109,1112,636,341,257,73,632,1108,107,1106,1107,1119,1011,27,1074,1116,1110,1114,500,12,1113,1118,25,137,401,1115,602],"class_list":{"0":"post-16873","1":"post","2":"type-post","3":"status-publish","4":"format-standard","5":"has-post-thumbnail","7":"category-france","8":"tag-actu","9":"tag-actualite","10":"tag-actualites","11":"tag-assurance","12":"tag-breves","13":"tag-depeches","14":"tag-devises","15":"tag-emploi","16":"tag-entreprise","17":"tag-etats-unis","18":"tag-fcp","19":"tag-fil","20":"tag-fil-info","21":"tag-flash","22":"tag-flash-actu","23":"tag-formation","24":"tag-fr","25":"tag-france","26":"tag-guerre-commerciale","27":"tag-immobilier","28":"tag-informations","29":"tag-infos","30":"tag-medias","31":"tag-news","32":"tag-nouvelles","33":"tag-placement","34":"tag-republique-francaise","35":"tag-retraite","36":"tag-sicav","37":"tag-taux","38":"tag-tourisme"},"share_on_mastodon":{"url":"https:\/\/pubeurope.com\/@fr\/114318488627598091","error":""},"_links":{"self":[{"href":"https:\/\/www.europesays.com\/fr\/wp-json\/wp\/v2\/posts\/16873","targetHints":{"allow":["GET"]}}],"collection":[{"href":"https:\/\/www.europesays.com\/fr\/wp-json\/wp\/v2\/posts"}],"about":[{"href":"https:\/\/www.europesays.com\/fr\/wp-json\/wp\/v2\/types\/post"}],"author":[{"embeddable":true,"href":"https:\/\/www.europesays.com\/fr\/wp-json\/wp\/v2\/users\/2"}],"replies":[{"embeddable":true,"href":"https:\/\/www.europesays.com\/fr\/wp-json\/wp\/v2\/comments?post=16873"}],"version-history":[{"count":0,"href":"https:\/\/www.europesays.com\/fr\/wp-json\/wp\/v2\/posts\/16873\/revisions"}],"wp:featuredmedia":[{"embeddable":true,"href":"https:\/\/www.europesays.com\/fr\/wp-json\/wp\/v2\/media\/16874"}],"wp:attachment":[{"href":"https:\/\/www.europesays.com\/fr\/wp-json\/wp\/v2\/media?parent=16873"}],"wp:term":[{"taxonomy":"category","embeddable":true,"href":"https:\/\/www.europesays.com\/fr\/wp-json\/wp\/v2\/categories?post=16873"},{"taxonomy":"post_tag","embeddable":true,"href":"https:\/\/www.europesays.com\/fr\/wp-json\/wp\/v2\/tags?post=16873"}],"curies":[{"name":"wp","href":"https:\/\/api.w.org\/{rel}","templated":true}]}}