{"id":168734,"date":"2025-06-11T17:15:19","date_gmt":"2025-06-11T17:15:19","guid":{"rendered":"https:\/\/www.europesays.com\/fr\/168734\/"},"modified":"2025-06-11T17:15:19","modified_gmt":"2025-06-11T17:15:19","slug":"ce-musee-du-val-doise-a-acquis-le-botin-peint-par-pierre-edouard-frere","status":"publish","type":"post","link":"https:\/\/www.europesays.com\/fr\/168734\/","title":{"rendered":"Ce mus\u00e9e du Val-d&rsquo;Oise a acquis le \u00ab\u00a0Botin\u00a0\u00bb peint par Pierre-\u00c9douard Fr\u00e8re"},"content":{"rendered":"<p>            Par<br \/>\n        <strong><br \/>\n            <a href=\"https:\/\/actu.fr\/auteur\/journaliste-rg\" title=\"Consulter tous les articles de R\u00e9daction Pontoise\" target=\"_blank\" rel=\"noopener\">R\u00e9daction Pontoise<\/a><br \/>\n        <\/strong><\/p>\n<p>        Publi\u00e9 le<\/p>\n<p>            10 juin 2025 \u00e0 16h10        <\/p>\n<p>Il y a quelques jours, un tableau de Pierre-\u00c9douard Fr\u00e8re, chef de file de<b> l\u2019\u00c9cole d\u2019\u00c9couen<\/b>, \u00e9tait en vente chez Millon, \u00e0 Drouot.<\/p>\n<p class=\" wall-content\">Pierre-\u00c9douard Fr\u00e8re \u00e9tait ami avec <b>Charles-Fran\u00e7ois Daubigny<\/b>. Nous le savions parce que L\u00e9onide Bourges, une \u00e9l\u00e8ve de Fr\u00e8re, avait repr\u00e9sent\u00e9 ce dernier travaillant sur le Botin (bateau-atelier de Daubigny), en notant le nom des peintres pr\u00e9sents.<\/p>\n<p>Botin mondain<\/p>\n<p class=\" wall-content\">Ce n\u2019est pas n\u2019importe quel bateau que Pierre-\u00c9douard Fr\u00e8re a repr\u00e9sent\u00e9 : c\u2019est le Botin, coque noire et pr\u00e9ceinte rouge, et l\u2019atelier confectionn\u00e9 en planches est peint en blanc. Le bateau amarr\u00e9 \u00e0 la berge, les artistes travaillent, dont l\u2019un d\u2019eux sur un grand format, abrit\u00e9 sous une ombrelle.<\/p>\n<p class=\" wall-content\">\u00ab\u00a0La similitude entre les \u0153uvres de Bourges et Fr\u00e8re est criante, et \u00a0\u00bble Botin\u00a0\u00bb pour affirmer la pr\u00e9sence et la relation entre Fr\u00e8re, Daubigny et Bourges qui venait de l\u2019\u00c9cole d\u2019\u00c9couen, \u00e9tait une motivation supr\u00eame, il fallait qu\u2019il entre dans les collections du mus\u00e9e !\u00a0\u00bb, s\u2019enthousiasme Agn\u00e8s Saulnier, directrice du mus\u00e9e Daubigny, \u00e0 <a href=\"https:\/\/actu.fr\/ile-de-france\/auvers-sur-oise_95039\" target=\"_blank\" rel=\"noopener\">Auvers-sur-Oise<\/a> (Val-d\u2019Oise).<\/p>\n<p>Mus\u00e9e \u00e0 l\u2019honneur<\/p>\n<p class=\" wall-content\">Cette huile sur une planche non parquet\u00e9e, d\u2019un format assez petit de 25 x 36 cm, portait la signature, en bas \u00e0 gauche, E. Fr\u00e8re, et au dos une \u00e9tiquette de la Galerie d\u2019Art \u00e0 Mulhouse et \u00e0 Strasbourg avec une biographie succincte de l\u2019artiste.<\/p>\n<p class=\" wall-content\">H\u00e9las, le commissaire-priseur n\u2019\u00e9tait pas un connaisseur de cette \u00c9cole d\u2019\u00c9couen qui a eu son heure de gloire de 1850 \u00e0 1900. Il l\u2019avait intitul\u00e9 \u00ab\u00a0Les artistes en bord de Seine\u00a0\u00bb. Puis il rectifiait, par la suite, \u00ab\u00a0\u2026 en bord de l\u2019Oise\u00a0\u00bb. Ignorant sans doute qui \u00e9tait ce peintre et ce bateau pourtant connus.<\/p>\n<p>Vid\u00e9os : en ce moment sur ActuLes ench\u00e8res s\u2019emballent<\/p>\n<p class=\" wall-content\">Les membres de l\u2019Association de l\u2019\u00c9cole d\u2019\u00c9couen, inform\u00e9s, pr\u00e9vinrent aussit\u00f4t le mus\u00e9e Daubigny, \u00e0 Auvers. Agn\u00e8s Saulnier leur r\u00e9pondit : \u00ab\u00a0On fera tout pour l\u2019avoir !\u00a0\u00bb L\u2019estimation \u00e9tait fix\u00e9e entre 1 200 \u20ac et 1 500 \u20ac. Les ench\u00e8res s\u2019emball\u00e8rent jusqu\u2019\u00e0 2 700 \u20ac ! Et\u2026 ils l\u2019ont eu !<\/p>\n<p class=\" wall-content\">Le mus\u00e9e va donc \u00eatre \u00e0 l\u2019honneur doublement, apr\u00e8s le don au D\u00e9partement du tableau restaur\u00e9 de L\u00e9onide Bourges repr\u00e9sentant l\u2019\u00e9glise d\u2019Auvers, par Wouter van der Veen, sorte de \u00ab\u00a0double\u00a0\u00bb de celui de Van Gogh, et le Botin, de Fr\u00e8re, gr\u00e2ce aux Amis du mus\u00e9e Daubigny.<\/p>\n<p class=\" wall-content\">D\u00e9couvrir ce nouveau tableau aux cimaises du mus\u00e9e Daubigny va ravir de nombreux amateurs de l\u2019\u00c9cole d\u2019\u00c9couen et de Daubigny.<\/p>\n<p>    <a href=\"https:\/\/maps.google.com\/maps?q=49.070852,2.17081&amp;z=15&amp;output=embed\" title=\"Ouvrie le lien\" target=\"_blank\" rel=\"noopener\">Cliquez ici pour visualiser le contenu<\/a><\/p>\n<p class=\" wall-content\">Daniel BADUEL<\/p>\n<p class=\" wall-content\">Suivez toute l\u2019actualit\u00e9 de vos villes et m\u00e9dias favoris en vous inscrivant \u00e0 <a href=\"https:\/\/moncompte.actu.fr\" title=\"D\u00e9couvez Mon Actu\" rel=\"nofollow noopener\" data-trk=\"{&quot;cta&quot;:{&quot;action&quot;:&quot;https:\\\/\\\/moncompte.actu.fr&quot;,&quot;category&quot;:&quot;mon compte&quot;,&quot;from&quot;:&quot;article footer&quot;,&quot;name&quot;:&quot;Mon actu&quot;,&quot;type&quot;:&quot;cta&quot;}}\" target=\"_blank\">Mon Actu<\/a>.<\/p>\n","protected":false},"excerpt":{"rendered":"Par R\u00e9daction Pontoise Publi\u00e9 le 10 juin 2025 \u00e0 16h10 Il y a quelques jours, un tableau de&hellip;\n","protected":false},"author":2,"featured_media":168735,"comment_status":"","ping_status":"","sticky":false,"template":"","format":"standard","meta":{"footnotes":""},"categories":[1358],"tags":[1348,1384,1385,1386,58,59,1011,27,11949,1652],"class_list":{"0":"post-168734","1":"post","2":"type-post","3":"status-publish","4":"format-standard","5":"has-post-thumbnail","7":"category-arts-et-design","8":"tag-arts","9":"tag-arts-and-design","10":"tag-arts-et-design","11":"tag-design","12":"tag-divertissement","13":"tag-entertainment","14":"tag-fr","15":"tag-france","16":"tag-impressionnisme","17":"tag-loisirs-culture"},"share_on_mastodon":{"url":"https:\/\/pubeurope.com\/@fr\/114665863478603965","error":""},"_links":{"self":[{"href":"https:\/\/www.europesays.com\/fr\/wp-json\/wp\/v2\/posts\/168734","targetHints":{"allow":["GET"]}}],"collection":[{"href":"https:\/\/www.europesays.com\/fr\/wp-json\/wp\/v2\/posts"}],"about":[{"href":"https:\/\/www.europesays.com\/fr\/wp-json\/wp\/v2\/types\/post"}],"author":[{"embeddable":true,"href":"https:\/\/www.europesays.com\/fr\/wp-json\/wp\/v2\/users\/2"}],"replies":[{"embeddable":true,"href":"https:\/\/www.europesays.com\/fr\/wp-json\/wp\/v2\/comments?post=168734"}],"version-history":[{"count":0,"href":"https:\/\/www.europesays.com\/fr\/wp-json\/wp\/v2\/posts\/168734\/revisions"}],"wp:featuredmedia":[{"embeddable":true,"href":"https:\/\/www.europesays.com\/fr\/wp-json\/wp\/v2\/media\/168735"}],"wp:attachment":[{"href":"https:\/\/www.europesays.com\/fr\/wp-json\/wp\/v2\/media?parent=168734"}],"wp:term":[{"taxonomy":"category","embeddable":true,"href":"https:\/\/www.europesays.com\/fr\/wp-json\/wp\/v2\/categories?post=168734"},{"taxonomy":"post_tag","embeddable":true,"href":"https:\/\/www.europesays.com\/fr\/wp-json\/wp\/v2\/tags?post=168734"}],"curies":[{"name":"wp","href":"https:\/\/api.w.org\/{rel}","templated":true}]}}