{"id":168738,"date":"2025-06-11T17:17:10","date_gmt":"2025-06-11T17:17:10","guid":{"rendered":"https:\/\/www.europesays.com\/fr\/168738\/"},"modified":"2025-06-11T17:17:10","modified_gmt":"2025-06-11T17:17:10","slug":"apres-adolescence-au-college-dix-autres-series-intelligentes-a-faire-voir-aux-ados","status":"publish","type":"post","link":"https:\/\/www.europesays.com\/fr\/168738\/","title":{"rendered":"Apr\u00e8s \u00ab\u00a0Adolescence\u00a0\u00bb au coll\u00e8ge, dix autres s\u00e9ries intelligentes \u00e0 faire voir aux ados"},"content":{"rendered":"<p>Suicide, viol, radicalisation, cyberharc\u00e8lement\u2026 De <a href=\"https:\/\/www.20minutes.fr\/arts-stars\/serie\/2952735-20210114-dawson-netflix-pourquoi-faut-revoir-serie-adolescente-aujourdhui\" class=\"color-ultramarine c-link\" target=\"_blank\" rel=\"noopener\">Dawson<\/a> \u00e0 Freaks and Geeks en passant par <a href=\"https:\/\/www.20minutes.fr\/arts-stars\/serie\/2924851-20201207-comment-euphoria-devenue-serie-generation-z\" class=\"color-ultramarine c-link\" target=\"_blank\" rel=\"noopener\">Euphoria<\/a>, si les teen dramas traitent toujours de la difficult\u00e9 du passage \u00e0 l\u2019\u00e2ge adulte, de la d\u00e9couverte de soi, de celle de la sexualit\u00e9 ou encore des relations conflictuelles avec les parents ou les repr\u00e9sentants de l\u2019autorit\u00e9, ils se font aussi le miroir des maux de l\u2019\u00e9poque qui les produits.<\/p>\n<p>Les s\u00e9ries sont devenues aujourd\u2019hui de pr\u00e9cieux outils pour aborder des sujets de soci\u00e9t\u00e9 avec les jeunes. La s\u00e9rie Netflix <a href=\"https:\/\/www.20minutes.fr\/arts-stars\/serie\/4156969-20250604-netflix-adolescence-cartonne-fait-mieux-stranger-things\" class=\"color-ultramarine c-link\" target=\"_blank\" rel=\"noopener\">Adolescence<\/a> qui traite des ravages sur les jeunes des contenus masculinistes des r\u00e9seaux sociaux, va ainsi \u00eatre propos\u00e9e comme support p\u00e9dagogique \u00e0 partir de la 4e, a annonc\u00e9, dimanche 8\u00a0juin, la ministre de l\u2019Education, <a href=\"https:\/\/www.20minutes.fr\/politique\/elisabeth-borne\/\" class=\"color-ultramarine c-link\" target=\"_blank\" rel=\"noopener\">Elisabeth Borne<\/a>.<\/p>\n<p>\u00ab\u00a0Repr\u00e9sentatifs de la violence qui peut exister\u00a0\u00bb<\/p>\n<p>Interrog\u00e9e sur LCI, Elisabeth Borne a expliqu\u00e9 que le producteur de la s\u00e9rie diffus\u00e9e sur <a href=\"https:\/\/www.20minutes.fr\/dossier\/netflix\" class=\"color-ultramarine c-link\" target=\"_blank\" rel=\"noopener\">Netflix<\/a> avait \u00ab\u00a0ouvert les droits\u00a0\u00bb au minist\u00e8re de l\u2019\u00e9ducation nationale, qui allait donc \u00ab\u00a0proposer cinq s\u00e9quences p\u00e9dagogiques aux jeunes \u00e0 partir de cette s\u00e9rie\u00a0\u00bb.<\/p>\n<p>Ces extraits de la minis\u00e9rie, d\u00e9j\u00e0 montr\u00e9s dans les coll\u00e8ges et lyc\u00e9es britanniques, sont \u00ab\u00a0tr\u00e8s repr\u00e9sentatifs de la <a href=\"https:\/\/www.20minutes.fr\/dossier\/violence\" class=\"color-ultramarine c-link\" target=\"_blank\" rel=\"noopener\">violence<\/a> qui peut exister chez des jeunes\u00a0\u00bb, et pourront \u00eatre visionn\u00e9s \u00ab\u00a0avec un accompagnement p\u00e9dagogique \u00e0 partir de la classe de quatri\u00e8me\u00a0\u00bb, a pr\u00e9cis\u00e9 la ministre de l\u2019\u00e9ducation.<\/p>\n<p>De tels supports entendent participer \u00e0 la sensibilisation au probl\u00e8me de la \u00ab\u00a0surexposition aux \u00e9crans et de la banalisation de la violence sur ces <a href=\"https:\/\/www.20minutes.fr\/dossier\/reseaux_sociaux\" class=\"color-ultramarine c-link\" target=\"_blank\" rel=\"noopener\">r\u00e9seaux sociaux<\/a>\u00a0\u00bb ainsi qu\u2019\u00e0 celui de la propagation de th\u00e8ses dites masculinistes, des sph\u00e8res misogynes qui pr\u00f4nent de la violence envers les femmes, argumente Elisabeth Borne. Notre s\u00e9lection d\u2019autres s\u00e9ries cool et intelligentes \u00e0 faire voir aux ados pour d\u00e9clencher des discussions autour de sujets importants.<\/p>\n","protected":false},"excerpt":{"rendered":"Suicide, viol, radicalisation, cyberharc\u00e8lement\u2026 De Dawson \u00e0 Freaks and Geeks en passant par Euphoria, si les teen dramas&hellip;\n","protected":false},"author":2,"featured_media":168739,"comment_status":"","ping_status":"","sticky":false,"template":"","format":"standard","meta":{"footnotes":""},"categories":[1356],"tags":[6196,58,1052,59,1011,27,3668,3851,10162,521,252,1364],"class_list":{"0":"post-168738","1":"post","2":"type-post","3":"status-publish","4":"format-standard","5":"has-post-thumbnail","7":"category-television","8":"tag-diaporamas","9":"tag-divertissement","10":"tag-drogue","11":"tag-entertainment","12":"tag-fr","13":"tag-france","14":"tag-harcelement","15":"tag-masculinisme","16":"tag-racisme","17":"tag-serie","18":"tag-television","19":"tag-tv"},"share_on_mastodon":{"url":"https:\/\/pubeurope.com\/@fr\/114665871353844042","error":""},"_links":{"self":[{"href":"https:\/\/www.europesays.com\/fr\/wp-json\/wp\/v2\/posts\/168738","targetHints":{"allow":["GET"]}}],"collection":[{"href":"https:\/\/www.europesays.com\/fr\/wp-json\/wp\/v2\/posts"}],"about":[{"href":"https:\/\/www.europesays.com\/fr\/wp-json\/wp\/v2\/types\/post"}],"author":[{"embeddable":true,"href":"https:\/\/www.europesays.com\/fr\/wp-json\/wp\/v2\/users\/2"}],"replies":[{"embeddable":true,"href":"https:\/\/www.europesays.com\/fr\/wp-json\/wp\/v2\/comments?post=168738"}],"version-history":[{"count":0,"href":"https:\/\/www.europesays.com\/fr\/wp-json\/wp\/v2\/posts\/168738\/revisions"}],"wp:featuredmedia":[{"embeddable":true,"href":"https:\/\/www.europesays.com\/fr\/wp-json\/wp\/v2\/media\/168739"}],"wp:attachment":[{"href":"https:\/\/www.europesays.com\/fr\/wp-json\/wp\/v2\/media?parent=168738"}],"wp:term":[{"taxonomy":"category","embeddable":true,"href":"https:\/\/www.europesays.com\/fr\/wp-json\/wp\/v2\/categories?post=168738"},{"taxonomy":"post_tag","embeddable":true,"href":"https:\/\/www.europesays.com\/fr\/wp-json\/wp\/v2\/tags?post=168738"}],"curies":[{"name":"wp","href":"https:\/\/api.w.org\/{rel}","templated":true}]}}