{"id":168740,"date":"2025-06-11T17:18:11","date_gmt":"2025-06-11T17:18:11","guid":{"rendered":"https:\/\/www.europesays.com\/fr\/168740\/"},"modified":"2025-06-11T17:18:11","modified_gmt":"2025-06-11T17:18:11","slug":"chantal-lauby-surprise-par-sa-fille-qui-lui-annonce-partager-une-chanson-avec-une-celebre-artiste-belge-jadore-la-belgique-video","status":"publish","type":"post","link":"https:\/\/www.europesays.com\/fr\/168740\/","title":{"rendered":"Chantal Lauby surprise par sa fille qui lui annonce partager une chanson avec une c\u00e9l\u00e8bre artiste belge\u00a0: \u00ab\u00a0J&rsquo;adore la Belgique\u00a0!\u00a0\u00bb (VIDEO)"},"content":{"rendered":"<p class=\"ap-StoryElement ap-StoryElement--mb ap-StoryText\"><b>Chantal Lauby<\/b> est une formidable com\u00e9dienne. Elle n&rsquo;a d&rsquo;ailleurs pas h\u00e9sit\u00e9 \u00e0 transmettre ce go\u00fbt de l&rsquo;art \u00e0 sa fille <b>Jennifer Ayache<\/b>, n\u00e9e de son union avec Jean-Pierre Ayache. La seule et unique prog\u00e9niture de l&rsquo;humoriste a toutefois d\u00e9cid\u00e9 de troquer le septi\u00e8me art pour le monde de la musique en cr\u00e9ant le groupe <b>Superbus<\/b> \u00e0 la toute fin du XXe si\u00e8cle.<\/p>\n<p class=\"ap-StoryElement ap-StoryElement--mb ap-StoryText\">Gr\u00e2ce \u00e0 des tubes comme \u00ab\u00a0Lola\u00a0\u00bb et \u00ab\u00a0Butterfly\u00a0\u00bb, la bande fran\u00e7aise de pop rock a connu une notori\u00e9t\u00e9 certaine au d\u00e9but des ann\u00e9es 2000. Apr\u00e8s avoir sorti pas moins de six albums, ces derniers temps ont \u00e9t\u00e9 plus calmes pour Superbus qui n&rsquo;a plus sorti d&rsquo;opus depuis 2016. En 2025, un nouveau souffle semble cependant guider le groupe qui avait d\u00e9j\u00e0 marqu\u00e9 les esprits en f\u00e9vrier dernier avec la reprise de leur titre \u00ab\u00a0<b>Lola\u00a0\u00bb avec Hoshi et Nicola Sirkis<\/b>.<\/p>\n<p>Pour acc\u00e9der \u00e0 cet article, veuillez vous connecter au r\u00e9seau internet.<\/p>\n","protected":false},"excerpt":{"rendered":"Chantal Lauby est une formidable com\u00e9dienne. Elle n&rsquo;a d&rsquo;ailleurs pas h\u00e9sit\u00e9 \u00e0 transmettre ce go\u00fbt de l&rsquo;art \u00e0&hellip;\n","protected":false},"author":2,"featured_media":168741,"comment_status":"","ping_status":"","sticky":false,"template":"","format":"standard","meta":{"footnotes":""},"categories":[1355],"tags":[972,650,58,59,1011,27,1361,873,973],"class_list":{"0":"post-168740","1":"post","2":"type-post","3":"status-publish","4":"format-standard","5":"has-post-thumbnail","7":"category-musique","8":"tag-celebrite","9":"tag-cinema","10":"tag-divertissement","11":"tag-entertainment","12":"tag-fr","13":"tag-france","14":"tag-music","15":"tag-musique","16":"tag-people"},"share_on_mastodon":{"url":"https:\/\/pubeurope.com\/@fr\/114665875427336985","error":""},"_links":{"self":[{"href":"https:\/\/www.europesays.com\/fr\/wp-json\/wp\/v2\/posts\/168740","targetHints":{"allow":["GET"]}}],"collection":[{"href":"https:\/\/www.europesays.com\/fr\/wp-json\/wp\/v2\/posts"}],"about":[{"href":"https:\/\/www.europesays.com\/fr\/wp-json\/wp\/v2\/types\/post"}],"author":[{"embeddable":true,"href":"https:\/\/www.europesays.com\/fr\/wp-json\/wp\/v2\/users\/2"}],"replies":[{"embeddable":true,"href":"https:\/\/www.europesays.com\/fr\/wp-json\/wp\/v2\/comments?post=168740"}],"version-history":[{"count":0,"href":"https:\/\/www.europesays.com\/fr\/wp-json\/wp\/v2\/posts\/168740\/revisions"}],"wp:featuredmedia":[{"embeddable":true,"href":"https:\/\/www.europesays.com\/fr\/wp-json\/wp\/v2\/media\/168741"}],"wp:attachment":[{"href":"https:\/\/www.europesays.com\/fr\/wp-json\/wp\/v2\/media?parent=168740"}],"wp:term":[{"taxonomy":"category","embeddable":true,"href":"https:\/\/www.europesays.com\/fr\/wp-json\/wp\/v2\/categories?post=168740"},{"taxonomy":"post_tag","embeddable":true,"href":"https:\/\/www.europesays.com\/fr\/wp-json\/wp\/v2\/tags?post=168740"}],"curies":[{"name":"wp","href":"https:\/\/api.w.org\/{rel}","templated":true}]}}