{"id":168743,"date":"2025-06-11T17:20:14","date_gmt":"2025-06-11T17:20:14","guid":{"rendered":"https:\/\/www.europesays.com\/fr\/168743\/"},"modified":"2025-06-11T17:20:14","modified_gmt":"2025-06-11T17:20:14","slug":"le-glycocalyx-comme-solution-miracle","status":"publish","type":"post","link":"https:\/\/www.europesays.com\/fr\/168743\/","title":{"rendered":"le glycocalyx comme solution miracle ?"},"content":{"rendered":"<p>             <a href=\"https:\/\/ma-sante.news\/wp-content\/uploads\/2025\/06\/vieillissement-cerebral-declin-cognitif-alzheimer-sucre-glycocalyx-prevention-Ma-Sante-.jpg\" data-caption=\"Une \u00e9tude (JCI, 2021) montre que l\u2019hyperglyc\u00e9mie ab\u00eeme le glycocalyx, ce qui pourrait acc\u00e9l\u00e9rer le vieillissement c\u00e9r\u00e9bral chez les personnes diab\u00e9tiques. \u00a9 Freepik\" target=\"_blank\" rel=\"noopener\"><img loading=\"lazy\" decoding=\"async\" width=\"696\" height=\"464\" class=\"entry-thumb td-modal-image\" src=\"data:image\/svg+xml,%3Csvg%20xmlns=\" http:=\"\" data-lazy- data-lazy- alt=\"Des chercheurs travaillant sur le d\u00e9clin cognitif.\" title=\"vieillissement ce\u0301re\u0301bral de\u0301clin cognitif alzheimer sucre glycocalyx pre\u0301vention Ma Sante\u0301\" data-lazy-src=\"https:\/\/www.europesays.com\/fr\/wp-content\/uploads\/2025\/06\/vieillissement-cerebral-declin-cognitif-alzheimer-sucre-glycocalyx-prevention-Ma-Sante--696x464.jpg\"\/><\/a>Une \u00e9tude (JCI, 2021) montre que l\u2019hyperglyc\u00e9mie ab\u00eeme le glycocalyx, ce qui pourrait acc\u00e9l\u00e9rer le vieillissement c\u00e9r\u00e9bral chez les personnes diab\u00e9tiques. \u00a9 Freepik                                    \t\t\t             <a class=\"gofollow\" data-track=\"MjgsMCwxLDYw\" href=\"https:\/\/ma-sante.news\/inscrivez-vous-a-notre-newsletter\/\" target=\"_blank\" rel=\"noopener\"><img loading=\"lazy\" decoding=\"async\" width=\"1068\" height=\"131\" src=\"data:image\/svg+xml,%3Csvg%20xmlns=\" http:=\"\" data-lazy-src=\"https:\/\/www.europesays.com\/fr\/wp-content\/uploads\/2025\/03\/banniere-newsletter.png\"\/><\/a> <\/p>\n<p>C\u2019est un fait : avec l\u2019\u00e2ge, notre cerveau fatigue. <a href=\"https:\/\/ma-sante.news\/perte-de-memoire-quels-sont-les-signes-qui-alertent\/\" target=\"_blank\" rel=\"noopener\">Perte de m\u00e9moire<\/a>, ralentissement cognitif, troubles de l\u2019attention\u2026 Ces sympt\u00f4mes, familiers \u00e0 beaucoup, sont souvent les premiers signes d\u2019un vieillissement c\u00e9r\u00e9bral. <\/p>\n<p>Mais ce processus pourrait \u00eatre ralenti, voire partiellement invers\u00e9, gr\u00e2ce \u00e0 une couche de sucre protectrice.\u00a0<\/p>\n<p>        Barri\u00e8re h\u00e9mato-enc\u00e9phalique : et si tout se jouait dans une couche de sucre ?    <strong>Le glycocalyx : qu\u2019est-ce que c\u2019est ?\u00a0<\/strong>    <\/p>\n<p>Le glycocalyx est une fine couche de mol\u00e9cules de sucre qui tapisse l\u2019int\u00e9rieur de nos vaisseaux sanguins, y compris ceux qui forment la barri\u00e8re h\u00e9mato-enc\u00e9phalique, cette fronti\u00e8re ultra-s\u00e9lective entre le sang et notre cerveau.<\/p>\n<p>Le glycocalyx emp\u00eache les agents inflammatoires et toxiques de franchir la barri\u00e8re et de semer la pagaille dans notre syst\u00e8me nerveux central. En somme, c\u2019est un peu la douane du cerveau. Et quand elle s\u2019effrite, tout passe.<\/p>\n<p>        <strong>Quand la science s\u2019invite dans la pr\u00e9vention du vieillissement c\u00e9r\u00e9bral<\/strong>    <\/p>\n<p>Une \u00e9tude men\u00e9e par une \u00e9quipe de neurologues de l\u2019universit\u00e9 de Stanford (Californie, \u00c9tats-Unis) met en lumi\u00e8re une r\u00e9alit\u00e9 peu connue : avec l\u2019\u00e2ge, le glycocalyx s\u2019amincit. Alors, la barri\u00e8re h\u00e9mato-enc\u00e9phalique devient poreuse, laissant entrer des mol\u00e9cules inflammatoires. C\u2019est alors que s\u2019installe une inflammation chronique du cerveau, point de d\u00e9part de nombreux <a href=\"https:\/\/ma-sante.news\/troubles-cognitifs-et-maintien-a-domicile-quelles-aides-disponibles\/\" target=\"_blank\" rel=\"noopener\">troubles cognitifs<\/a> et <a href=\"https:\/\/ma-sante.news\/maladies-neurodegeneratives-gare-aux-premiers-symptomes\/\" target=\"_blank\" rel=\"noopener\">maladies neurod\u00e9g\u00e9n\u00e9ratives<\/a>.<\/p>\n<p>Chez la souris, les chercheurs ont d\u00e9montr\u00e9 qu\u2019en restaurant la densit\u00e9 du glycocalyx, ils pouvaient non seulement r\u00e9duire la perm\u00e9abilit\u00e9 c\u00e9r\u00e9brale, mais aussi am\u00e9liorer les capacit\u00e9s de m\u00e9moire. Une avanc\u00e9e consid\u00e9rable.<\/p>\n<p>        <strong>Une nouvelle cible th\u00e9rapeutique en vue ?<\/strong>    <\/p>\n<p>La communaut\u00e9 scientifique ne s\u2019y trompe pas : ce \u201cbouclier sucr\u00e9\u201d ouvre la voie \u00e0 de nouvelles strat\u00e9gies th\u00e9rapeutiques. Parmi les pistes envisag\u00e9es :<\/p>\n<ul class=\"wp-block-list\">\n<li>Renforcer le glycocalyx pour pr\u00e9venir le vieillissement c\u00e9r\u00e9bral ;<\/li>\n<li>Cibler les mol\u00e9cules impliqu\u00e9es dans sa d\u00e9gradation ;<\/li>\n<li>Mieux faire passer certains traitements \u00e0 travers la barri\u00e8re h\u00e9mato-enc\u00e9phalique, jusqu\u2019ici difficile d\u2019acc\u00e8s.<\/li>\n<\/ul>\n<p>Encore faut-il passer des souris \u00e0 l\u2019homme. Mais les chercheurs se montrent optimistes, d\u2019autant que des \u00e9tudes pr\u00e9liminaires sur des \u00e9chantillons humains montrent une corr\u00e9lation claire entre l\u2019affaiblissement du glycocalyx et le vieillissement c\u00e9r\u00e9bral.<\/p>\n<p>        Vieillissement du cerveau : ce que vous pouvez d\u00e9j\u00e0 faire    <\/p>\n<p>En attendant les traitements de demain, certaines habitudes peuvent aider \u00e0 prot\u00e9ger ce glycocalyx si pr\u00e9cieux :<\/p>\n<p>Et bien s\u00fbr, \u00e9viter les expositions prolong\u00e9es au stress, grand perturbateur de l\u2019\u00e9quilibre c\u00e9r\u00e9bral.<\/p>\n<blockquote class=\"wp-block-quote is-layout-flow wp-block-quote-is-layout-flow\">\n<p><strong>\u00c0 SAVOIR\u00a0<\/strong><\/p>\n<p>Une \u00e9tude publi\u00e9e dans le Journal of Applied Physiology (2021) montre que l\u2019exercice physique, notamment le HIIT (exercices fractionn\u00e9s \u00e0 haute intensit\u00e9), peut renforcer l\u2019\u00e9paisseur du glycocalyx dans les capillaires.\u00a0<\/p>\n<\/blockquote>\n<p>  <a class=\"gofollow\" data-track=\"MTIsMCwxLDYw\" href=\"https:\/\/ma-sante.news\/annonceurs\/\" target=\"_blank\" rel=\"noopener\"><img loading=\"lazy\" decoding=\"async\" width=\"2560\" height=\"2133\" src=\"data:image\/svg+xml,%3Csvg%20xmlns=\" http:=\"\" data-lazy-src=\"https:\/\/www.europesays.com\/fr\/wp-content\/uploads\/2025\/03\/pub-annonceurs-4-scaled.jpg\"\/><\/a>    <img loading=\"lazy\" decoding=\"async\" width=\"755\" height=\"495\" src=\"data:image\/svg+xml,%3Csvg%20xmlns=\" http:=\"\" data-lazy-src=\"https:\/\/www.europesays.com\/fr\/wp-content\/uploads\/2025\/03\/Image1.jpg\"\/>Inscrivez-vous \u00e0 notre newsletter <br \/>Ma Sant\u00e9                      <\/p>\n","protected":false},"excerpt":{"rendered":"Une \u00e9tude (JCI, 2021) montre que l\u2019hyperglyc\u00e9mie ab\u00eeme le glycocalyx, ce qui pourrait acc\u00e9l\u00e9rer le vieillissement c\u00e9r\u00e9bral chez&hellip;\n","protected":false},"author":2,"featured_media":168744,"comment_status":"","ping_status":"","sticky":false,"template":"","format":"standard","meta":{"footnotes":""},"categories":[10],"tags":[231,1011,27,72,71],"class_list":{"0":"post-168743","1":"post","2":"type-post","3":"status-publish","4":"format-standard","5":"has-post-thumbnail","7":"category-sante","8":"tag-cerveau","9":"tag-fr","10":"tag-france","11":"tag-health","12":"tag-sante"},"share_on_mastodon":{"url":"https:\/\/pubeurope.com\/@fr\/114665883259751785","error":""},"_links":{"self":[{"href":"https:\/\/www.europesays.com\/fr\/wp-json\/wp\/v2\/posts\/168743","targetHints":{"allow":["GET"]}}],"collection":[{"href":"https:\/\/www.europesays.com\/fr\/wp-json\/wp\/v2\/posts"}],"about":[{"href":"https:\/\/www.europesays.com\/fr\/wp-json\/wp\/v2\/types\/post"}],"author":[{"embeddable":true,"href":"https:\/\/www.europesays.com\/fr\/wp-json\/wp\/v2\/users\/2"}],"replies":[{"embeddable":true,"href":"https:\/\/www.europesays.com\/fr\/wp-json\/wp\/v2\/comments?post=168743"}],"version-history":[{"count":0,"href":"https:\/\/www.europesays.com\/fr\/wp-json\/wp\/v2\/posts\/168743\/revisions"}],"wp:featuredmedia":[{"embeddable":true,"href":"https:\/\/www.europesays.com\/fr\/wp-json\/wp\/v2\/media\/168744"}],"wp:attachment":[{"href":"https:\/\/www.europesays.com\/fr\/wp-json\/wp\/v2\/media?parent=168743"}],"wp:term":[{"taxonomy":"category","embeddable":true,"href":"https:\/\/www.europesays.com\/fr\/wp-json\/wp\/v2\/categories?post=168743"},{"taxonomy":"post_tag","embeddable":true,"href":"https:\/\/www.europesays.com\/fr\/wp-json\/wp\/v2\/tags?post=168743"}],"curies":[{"name":"wp","href":"https:\/\/api.w.org\/{rel}","templated":true}]}}