{"id":168749,"date":"2025-06-11T17:23:07","date_gmt":"2025-06-11T17:23:07","guid":{"rendered":"https:\/\/www.europesays.com\/fr\/168749\/"},"modified":"2025-06-11T17:23:07","modified_gmt":"2025-06-11T17:23:07","slug":"preview-du-resident-evil-requiem-sera-le-premier-jeu-video-de-la-serie-a-proposer-ca-des-sa-sortie-on-la-vu-au-summer-game-fest-2025-jeuxvideo-com","status":"publish","type":"post","link":"https:\/\/www.europesays.com\/fr\/168749\/","title":{"rendered":"Preview du Resident Evil Requiem sera le premier jeu vid\u00e9o de la s\u00e9rie \u00e0 proposer \u00e7a d\u00e8s sa sortie ! On l\u2019a vu au Summer Game Fest 2025\u2026 &#8211; jeuxvideo.com"},"content":{"rendered":"<ol>\n<li><a href=\"https:\/\/news.google.com\/rss\/articles\/CBMi_AFBVV95cUxPNnhHV3UxZTFQWkVMdzJFZFFiWmtEVnh0X2pSbjVNX1BUVlRYV2JqT1luWEhuaDY4cldXZDRrbWNNc0ZoNHpNTFM4WHhOWEYyNmVMb2tvOEZTSWhrU2JBRW02S1k3V2pMUTdja3dNVUpKZl9jX1hJLUZkVi1RNzUtUnZ3Q0pqQ3pNZ2FXLUU4WTM4eFd5ZUxrMk9zUE01cU9YRXBhZ3EwNkRFTm5jOE5FTmtkU3hDVTFET2VHVUdSSURTa2t0aXVuOG9xcEhIVUZ0XzNaZDFLQUlwQzMwemRVZHpQVXpfZjJiMUdvUENiMHNnQlgzdkdYWnpMZWc?oc=5\" target=\"_blank\" rel=\"nofollow noopener\">Preview du Resident Evil Requiem sera le premier jeu vid\u00e9o de la s\u00e9rie \u00e0 proposer \u00e7a d\u00e8s sa sortie ! On l\u2019a vu au Summer Game Fest 2025\u2026<\/a>&nbsp;&nbsp;jeuxvideo.com<\/li>\n<li><a href=\"https:\/\/news.google.com\/rss\/articles\/CBMifkFVX3lxTE1FUlgyX0ctZnhwWTN1VWlOZzJlMHR0ek1PQWtGUGFVWDJvcExLTjBsNjg3alUxaS1HSFpTSktSejlvMWhJUlliUnVCRTNCREVZN2pWeThXY25pZjY2bndBbFdlcExoR0hrRXdtTUVuR1FVT2UtV3JqSlV6d1NzZw?oc=5\" target=\"_blank\" rel=\"nofollow noopener\">Culte depuis 30 ans, cette saga vendue \u00e0 plus de 160 millions d&rsquo;exemplaires revient en 2026, et ca va faire mal !<\/a>&nbsp;&nbsp;AlloCin\u00e9<\/li>\n<li><a href=\"https:\/\/news.google.com\/rss\/articles\/CBMiwAFBVV95cUxQakpPbGFVbm4yVV9DWFdrV2JIYmRkemI3WVo0MElLRzlxLXhfZ1habjdTOXY5ZzhpempOZE5LT3pVam54Q2VCRTI4bGI3MWtiY3N1eE1hWExJMTR6SUpFN0plbW11bnZZUTNjNjAzWHVtaDVRelFXQl9ucDZXZk1kcGlZQzk2WkpDU3ZHWlRxa0FqdzFQc1NWczdIX3oyMjNxcFZWNFpiNGJ3RG1rZ2xMaU1ZeGNFYk00TUszMDV0WDY?oc=5\" target=\"_blank\" rel=\"nofollow noopener\">Resident Evil Requiem sera jouable \u00e0 la 1\u00e8re et 3\u00e8me personne, voici les nouvelles infos<\/a>&nbsp;&nbsp;Xboxygen<\/li>\n<li><a href=\"https:\/\/news.google.com\/rss\/articles\/CBMi3wFBVV95cUxOc0F1QUxTSUdlWEhKY09pS1BtSVR5TUljU2xDVkdwX1dFSm9nOTRHUXg5QjNIQ1F0WnRRUEVTemVlUHVjZUt5V2pveUdrbWRaNXpaVHUzeDVkVTA1UXNzaXNqVTQ1dTdJZVVZMHZoUTJEVHBSQkE3N21QZWJ2NGQ4bzVoR0NZRmQ1bzlySkFtMWR2ZDE4YzdQOTBuZm5kLXVxNjJVQXExazQxUW1TX05GV2xwZnRJUDVMcWJqOG5pZVZyV2t3OUVVRU5uc2tibFdvVXFTNHVONlZqM0JVYzBv?oc=5\" target=\"_blank\" rel=\"nofollow noopener\">Resident Evil Requiem : Les fans croient fort au retour de L\u00e9on, alors que les indices du trailer et le CV de l&rsquo;acteur indiquent potentiellement son come back<\/a>&nbsp;&nbsp;IGN<\/li>\n<li><a href=\"https:\/\/news.google.com\/rss\/articles\/CBMimgFBVV95cUxORjF0ZHNrR2ZjMlZRVGJ3a2tDNVR5ZmtMVnNOR09GdmdPdGRtZHJDUnhndzZfUm80UVExX1YtS2I5NWlFUDFBMzVKT2N2QWVvMGhVRXBSajlKRkJFME5hVHd2dEgyYjN6NUhyT0VfR0o1NjNvZk5GNk9zTFhVTFdoWUE5SlJWUER2Qm9Mc3dKc0Q2dGdNYVdfYjh3?oc=5\" target=\"_blank\" rel=\"nofollow noopener\">Resident Evil 9 : les 3 r\u00e9v\u00e9lations de la premi\u00e8re bande-annonce, qui confirment les liens avec la saga<\/a>&nbsp;&nbsp;Ecran Large<\/li>\n<\/ol>\n","protected":false},"excerpt":{"rendered":"Preview du Resident Evil Requiem sera le premier jeu vid\u00e9o de la s\u00e9rie \u00e0 proposer \u00e7a d\u00e8s sa&hellip;\n","protected":false},"author":2,"featured_media":1445,"comment_status":"","ping_status":"","sticky":false,"template":"","format":"standard","meta":{"footnotes":""},"categories":[7],"tags":[1011,27,43,40,41,39,42,44],"class_list":{"0":"post-168749","1":"post","2":"type-post","3":"status-publish","4":"format-standard","5":"has-post-thumbnail","7":"category-sciences-et-technologies","8":"tag-fr","9":"tag-france","10":"tag-science","11":"tag-science-and-technology","12":"tag-sciences","13":"tag-sciences-et-technologies","14":"tag-technologies","15":"tag-technology"},"share_on_mastodon":{"url":"https:\/\/pubeurope.com\/@fr\/114665894878977022","error":""},"_links":{"self":[{"href":"https:\/\/www.europesays.com\/fr\/wp-json\/wp\/v2\/posts\/168749","targetHints":{"allow":["GET"]}}],"collection":[{"href":"https:\/\/www.europesays.com\/fr\/wp-json\/wp\/v2\/posts"}],"about":[{"href":"https:\/\/www.europesays.com\/fr\/wp-json\/wp\/v2\/types\/post"}],"author":[{"embeddable":true,"href":"https:\/\/www.europesays.com\/fr\/wp-json\/wp\/v2\/users\/2"}],"replies":[{"embeddable":true,"href":"https:\/\/www.europesays.com\/fr\/wp-json\/wp\/v2\/comments?post=168749"}],"version-history":[{"count":0,"href":"https:\/\/www.europesays.com\/fr\/wp-json\/wp\/v2\/posts\/168749\/revisions"}],"wp:featuredmedia":[{"embeddable":true,"href":"https:\/\/www.europesays.com\/fr\/wp-json\/wp\/v2\/media\/1445"}],"wp:attachment":[{"href":"https:\/\/www.europesays.com\/fr\/wp-json\/wp\/v2\/media?parent=168749"}],"wp:term":[{"taxonomy":"category","embeddable":true,"href":"https:\/\/www.europesays.com\/fr\/wp-json\/wp\/v2\/categories?post=168749"},{"taxonomy":"post_tag","embeddable":true,"href":"https:\/\/www.europesays.com\/fr\/wp-json\/wp\/v2\/tags?post=168749"}],"curies":[{"name":"wp","href":"https:\/\/api.w.org\/{rel}","templated":true}]}}