{"id":168754,"date":"2025-06-11T17:26:09","date_gmt":"2025-06-11T17:26:09","guid":{"rendered":"https:\/\/www.europesays.com\/fr\/168754\/"},"modified":"2025-06-11T17:26:09","modified_gmt":"2025-06-11T17:26:09","slug":"le-collegien-avait-le-projet-de-tuer-une-surveillante-le-point-sur-lenquete","status":"publish","type":"post","link":"https:\/\/www.europesays.com\/fr\/168754\/","title":{"rendered":"Le coll\u00e9gien \u00ab\u00a0avait le projet de tuer une surveillante\u00a0\u00bb\u2026 Le point sur l\u2019enqu\u00eate"},"content":{"rendered":"<p>On en sait d\u00e9sormais un peu plus sur <a href=\"https:\/\/www.20minutes.fr\/societe\/4157884-20250611-surveillante-tuee-couteau-nogent-referent-harcelement-exclu-deux-reprises-sait-jeune-suspect\" class=\"color-ultramarine c-link\" target=\"_blank\" rel=\"noopener\">le coll\u00e9gien soup\u00e7onn\u00e9 d\u2019avoir tu\u00e9 mardi <\/a>\u00e0 coups de couteau M\u00e9lanie G., <a href=\"https:\/\/www.20minutes.fr\/faits_divers\/4157827-20250610-surveillante-tuee-couteau-nogent-melanie-g-mere-famille-31-ans-morte-poignardee\" class=\"color-ultramarine c-link\" target=\"_blank\" rel=\"noopener\">une assistante d\u2019\u00e9ducation de 31 ans<\/a> devant le coll\u00e8ge de Nogent, en <a href=\"https:\/\/www.20minutes.fr\/dossier\/haute-marne\" class=\"color-ultramarine c-link\" target=\"_blank\" rel=\"noopener\">Haute-Marne<\/a>. Le suspect a \u00e9t\u00e9 arr\u00eat\u00e9 et plac\u00e9 en garde \u00e0 vue pour \u00ab\u00a0meurtre sur une personne charg\u00e9e d\u2019une mission de service public\u00a0\u00bb.<\/p>\n<p>Quel est le profil de cet adolescent\u00a0? Quelles sont ses motivations\u00a0? Denis Devallois, procureur de la r\u00e9publique de Chaumont (Haute-Marne), a fait un point sur l\u2019enqu\u00eate ce mercredi apr\u00e8s-midi. 20 Minutes vous en fait un r\u00e9sum\u00e9.<\/p>\n<\/p>\n<p>Quel est le profil du coll\u00e9gien\u00a0?<\/p>\n<p>Le mis en cause, coll\u00e9gien en classe de troisi\u00e8me au coll\u00e8ge Fran\u00e7oise-Dolto de Nogent, en <a href=\"https:\/\/www.20minutes.fr\/dossier\/haute-marne\" class=\"color-ultramarine c-link\" target=\"_blank\" rel=\"noopener\">Haute-Marne<\/a>, est n\u00e9 en ao\u00fbt\u00a02010. Il est d\u00e9crit comme \u00ab\u00a0sociable\u00a0\u00bb et \u00ab\u00a0plut\u00f4t comme un bon \u00e9l\u00e8ve\u00a0\u00bb, a expliqu\u00e9 le procureur. Il \u00e9tait int\u00e9gr\u00e9 \u00e0 la vie de son \u00e9tablissement et \u00e9tait r\u00e9f\u00e9rent anti-<a href=\"https:\/\/www.20minutes.fr\/dossier\/harcelement_scolaire\" class=\"color-ultramarine c-link\" target=\"_blank\" rel=\"noopener\">harc\u00e8lement<\/a> depuis plusieurs ann\u00e9es. \u00ab\u00a0Il est issu d\u2019une famille unie et ins\u00e9r\u00e9e professionnellement.\u00a0\u00bb<\/p>\n<p>En garde \u00e0 vue, l\u2019adolescent s\u2019est montr\u00e9 \u00ab\u00a0d\u00e9tach\u00e9\u00a0\u00bb. \u00ab\u00a0Il n\u2019exprime pas de regret ni aucune compassion pour les victimes, a pr\u00e9cis\u00e9 Denis Devallois. Il fait part d\u2019une certaine fascination pour la violence et la mort, ainsi que pour les personnes les plus sombres des films et s\u00e9ries t\u00e9l\u00e9vis\u00e9es.\u00a0\u00bb Le jeune homme est \u00ab adepte de jeux vid\u00e9o violents \u00bb sans pour autant en \u00eatre addict, selon ses parents, et utilise peu les r\u00e9seaux sociaux. Le coll\u00e9gien \u00ab\u00a0appara\u00eet en perte de rep\u00e8res quant \u00e0 la valeur de la vie humaine \u00e0 laquelle il ne semble pas attacher de valeur particuli\u00e8re\u00a0\u00bb, estime le procureur de la R\u00e9publique de Chaumont, ajoutant toutefois qu&rsquo;\u00ab\u00a0il ne manifeste aucun signe \u00e9voquant un possible trouble mental\u00a0\u00bb.<\/p>\n<p>\u00c9tait-il connu de la justice\u00a0?<\/p>\n<p>\u00ab\u00a0Aucun membre de sa famille ni lui-m\u00eame ne pr\u00e9sente d\u2019ant\u00e9c\u00e9dents judiciaires\u00a0\u00bb, a pr\u00e9cis\u00e9 le procureur. Le coll\u00e9gien avait toutefois fait l\u2019objet de deux sanctions disciplinaires en novembre et d\u00e9cembre\u00a02024. Une pour avoir port\u00e9 des coups de poing \u00e0 un camarade de classe. Une autre pour avoir frapp\u00e9 un \u00e9l\u00e8ve de 6e. \u00ab\u00a0Pour ces faits, deux sanctions\u00a0dissimilaires ont \u00e9t\u00e9 apport\u00e9es par l\u2019\u00e9tablissement scolaire. Une exclusion des cours pendant une journ\u00e9e avec pr\u00e9sence au coll\u00e8ge pour les premiers faits puis une exclusion compl\u00e8te du coll\u00e8ge pour le second.\u00a0\u00bb Depuis, aucun nouvel incident n\u2019\u00e9tait intervenu dans l\u2019\u00e9tablissement. Face aux questions d\u2019un journaliste lors de la conf\u00e9rence de presse, le procureur a expliqu\u00e9 qu&rsquo; \u00ab\u00a0aucun \u00e9l\u00e9ment ne laissait pr\u00e9sager la gravit\u00e9 des faits qui seront commis quelques mois plus tard\u00a0\u00bb.<\/p>\n<p>Quelles sont ses motivations\u00a0?<\/p>\n<p>En garde \u00e0 vue, le jeune homme a indiqu\u00e9 \u00ab\u00a0avoir voulu s\u2019en prendre \u00e0 une surveillante, sans cibler en particulier l\u2019une d\u2019entre elles\u00a0\u00bb. Il explique avoir agi ainsi car \u00ab\u00a0il ne supportait plus le comportement des surveillantes en g\u00e9n\u00e9ral qui auraient eu, selon lui, une attitude diff\u00e9rente selon les \u00e9l\u00e8ves.\u00a0\u00bb Le jeune homme \u00e9tablit \u00ab\u00a0peut-\u00eatre un lien entre le fait d\u2019avoir \u00e9t\u00e9 sermonn\u00e9 par une surveillante vendredi 6\u00a0juin alors qu\u2019il embrassait sa petite amie au sein du coll\u00e8ge.\u00a0\u00bb Il a toutefois pr\u00e9cis\u00e9 que cette surveillante n\u2019est pas celle qui sera sa victime. <\/p>\n<p>A la suite de l&rsquo;incident de vendredi, le jeune homme \u00ab d\u00e9clare avoir ressass\u00e9, d\u00e8s le lendemain le projet de tuer une surveillante et selon ses propres termes, n\u2019importe laquelle\u00a0\u00bb, raconte Denis Davallois. Le coll\u00e9gien a pr\u00e9cis\u00e9 avoir, mardi matin, apr\u00e8s le petit-d\u00e9jeuner, pris le plus gros couteau qui se trouvait \u00e0 son domicile pour \u00ab\u00a0faire le plus de d\u00e9g\u00e2ts\u00a0\u00bb, selon ses propres termes. Il s&rsquo;agit d&rsquo;un couteau de 34 centim\u00e8tres de longueur avec une lame d\u2019une longueur de 20 centim\u00e8tres.<\/p>\n<p>Quelle est la suite\u00a0?<\/p>\n<p>La garde \u00e0 vue de l\u2019adolescent a \u00e9t\u00e9 prolong\u00e9e et se poursuit avec la tenue de nouvelles auditions. Les faits reproch\u00e9s \u00e0 l&rsquo;adolescent sont passibles de la r\u00e9clusion criminelle \u00e0 perp\u00e9tuit\u00e9 mais en raison de sa minorit\u00e9, il encourt une peine de vingt ans, a rappel\u00e9 le procureur. A l\u2019issue de sa garde \u00e0 vue, jeudi, il devrait \u00eatre pr\u00e9sent\u00e9 \u00e0 un juge du p\u00f4le de l\u2019instruction de Dijon.<\/p>\n","protected":false},"excerpt":{"rendered":"On en sait d\u00e9sormais un peu plus sur le coll\u00e9gien soup\u00e7onn\u00e9 d\u2019avoir tu\u00e9 mardi \u00e0 coups de couteau&hellip;\n","protected":false},"author":2,"featured_media":168755,"comment_status":"","ping_status":"","sticky":false,"template":"","format":"standard","meta":{"footnotes":""},"categories":[4],"tags":[47,11,6376,1124,7623,1126,1067,118,1011,27,775,30237,777,12,25,104,809],"class_list":{"0":"post-168754","1":"post","2":"type-post","3":"status-publish","4":"format-standard","5":"has-post-thumbnail","7":"category-france","8":"tag-actualite","9":"tag-actualites","10":"tag-armes","11":"tag-college","12":"tag-coup-de-couteau","13":"tag-education-nationale","14":"tag-enquete","15":"tag-faits-divers","16":"tag-fr","17":"tag-france","18":"tag-grand-est","19":"tag-haute-marne","20":"tag-meurtre","21":"tag-news","22":"tag-republique-francaise","23":"tag-societe","24":"tag-violence"},"share_on_mastodon":{"url":"https:\/\/pubeurope.com\/@fr\/114665906766187454","error":""},"_links":{"self":[{"href":"https:\/\/www.europesays.com\/fr\/wp-json\/wp\/v2\/posts\/168754","targetHints":{"allow":["GET"]}}],"collection":[{"href":"https:\/\/www.europesays.com\/fr\/wp-json\/wp\/v2\/posts"}],"about":[{"href":"https:\/\/www.europesays.com\/fr\/wp-json\/wp\/v2\/types\/post"}],"author":[{"embeddable":true,"href":"https:\/\/www.europesays.com\/fr\/wp-json\/wp\/v2\/users\/2"}],"replies":[{"embeddable":true,"href":"https:\/\/www.europesays.com\/fr\/wp-json\/wp\/v2\/comments?post=168754"}],"version-history":[{"count":0,"href":"https:\/\/www.europesays.com\/fr\/wp-json\/wp\/v2\/posts\/168754\/revisions"}],"wp:featuredmedia":[{"embeddable":true,"href":"https:\/\/www.europesays.com\/fr\/wp-json\/wp\/v2\/media\/168755"}],"wp:attachment":[{"href":"https:\/\/www.europesays.com\/fr\/wp-json\/wp\/v2\/media?parent=168754"}],"wp:term":[{"taxonomy":"category","embeddable":true,"href":"https:\/\/www.europesays.com\/fr\/wp-json\/wp\/v2\/categories?post=168754"},{"taxonomy":"post_tag","embeddable":true,"href":"https:\/\/www.europesays.com\/fr\/wp-json\/wp\/v2\/tags?post=168754"}],"curies":[{"name":"wp","href":"https:\/\/api.w.org\/{rel}","templated":true}]}}