{"id":168760,"date":"2025-06-11T17:29:16","date_gmt":"2025-06-11T17:29:16","guid":{"rendered":"https:\/\/www.europesays.com\/fr\/168760\/"},"modified":"2025-06-11T17:29:16","modified_gmt":"2025-06-11T17:29:16","slug":"saint-etienne-il-raconte-lepopee-de-la-rubanerie-stephanoise-dans-un-livre-quil-dedicace","status":"publish","type":"post","link":"https:\/\/www.europesays.com\/fr\/168760\/","title":{"rendered":"Saint-\u00c9tienne. Il raconte l\u2019\u00e9pop\u00e9e de la rubanerie st\u00e9phanoise dans un livre qu\u2019il d\u00e9dicace"},"content":{"rendered":"<p>Au XIXe \u00a0si\u00e8cle, la rubanerie, loin d\u2019\u00eatre une activit\u00e9 secondaire, \u00e9tait la plus importante de Saint-\u00c9tienne, tant par ses effectifs que par l\u2019ampleur de ses exportations mondiales. \u00ab\u00a0Alors que Saint-\u00c9tienne est d\u00e9crite comme la ville de l\u2019arme par excellence, il est grand temps de lui adjoindre celle du ruban, car c\u2019est bien cette dualit\u00e9 qui forgea son identit\u00e9 et sa prosp\u00e9rit\u00e9\u00a0\u00bb, explique G\u00e9rard-Michel Thermeau, historien et auteur des Fils de la Navette.<\/p>\n<p>Fruit d\u2019une&#8230;                <\/p>\n","protected":false},"excerpt":{"rendered":"Au XIXe \u00a0si\u00e8cle, la rubanerie, loin d\u2019\u00eatre une activit\u00e9 secondaire, \u00e9tait la plus importante de Saint-\u00c9tienne, tant par&hellip;\n","protected":false},"author":2,"featured_media":168761,"comment_status":"","ping_status":"","sticky":false,"template":"","format":"standard","meta":{"footnotes":""},"categories":[9653],"tags":[1111,11,2430,1687,7539,1777,674,1011,27,2410,12,25,4001,7538],"class_list":{"0":"post-168760","1":"post","2":"type-post","3":"status-publish","4":"format-standard","5":"has-post-thumbnail","7":"category-saint-etienne","8":"tag-actu","9":"tag-actualites","10":"tag-auvergne-rhone-alpes","11":"tag-culture-loisirs","12":"tag-edition-loire-sud","13":"tag-eu","14":"tag-europe","15":"tag-fr","16":"tag-france","17":"tag-livres-bd","18":"tag-news","19":"tag-republique-francaise","20":"tag-saint-etienne","21":"tag-saint-etienne-ville"},"share_on_mastodon":{"url":"https:\/\/pubeurope.com\/@fr\/114665918535184144","error":""},"_links":{"self":[{"href":"https:\/\/www.europesays.com\/fr\/wp-json\/wp\/v2\/posts\/168760","targetHints":{"allow":["GET"]}}],"collection":[{"href":"https:\/\/www.europesays.com\/fr\/wp-json\/wp\/v2\/posts"}],"about":[{"href":"https:\/\/www.europesays.com\/fr\/wp-json\/wp\/v2\/types\/post"}],"author":[{"embeddable":true,"href":"https:\/\/www.europesays.com\/fr\/wp-json\/wp\/v2\/users\/2"}],"replies":[{"embeddable":true,"href":"https:\/\/www.europesays.com\/fr\/wp-json\/wp\/v2\/comments?post=168760"}],"version-history":[{"count":0,"href":"https:\/\/www.europesays.com\/fr\/wp-json\/wp\/v2\/posts\/168760\/revisions"}],"wp:featuredmedia":[{"embeddable":true,"href":"https:\/\/www.europesays.com\/fr\/wp-json\/wp\/v2\/media\/168761"}],"wp:attachment":[{"href":"https:\/\/www.europesays.com\/fr\/wp-json\/wp\/v2\/media?parent=168760"}],"wp:term":[{"taxonomy":"category","embeddable":true,"href":"https:\/\/www.europesays.com\/fr\/wp-json\/wp\/v2\/categories?post=168760"},{"taxonomy":"post_tag","embeddable":true,"href":"https:\/\/www.europesays.com\/fr\/wp-json\/wp\/v2\/tags?post=168760"}],"curies":[{"name":"wp","href":"https:\/\/api.w.org\/{rel}","templated":true}]}}