{"id":168772,"date":"2025-06-11T17:35:10","date_gmt":"2025-06-11T17:35:10","guid":{"rendered":"https:\/\/www.europesays.com\/fr\/168772\/"},"modified":"2025-06-11T17:35:10","modified_gmt":"2025-06-11T17:35:10","slug":"gifles-et-humiliations-une-mere-condamnee-pour-violences-sur-son-fils","status":"publish","type":"post","link":"https:\/\/www.europesays.com\/fr\/168772\/","title":{"rendered":"gifles et humiliations, une m\u00e8re condamn\u00e9e pour violences sur son fils"},"content":{"rendered":"<p>\n\t\t\t\t\tLe tribunal correctionnel de Montpellier a tranch\u00e9 dans une affaire gla\u00e7ante de maltraitance maternelle sur mineur. \t\t\t\t<\/p>\n<p>\n\t\t\t\t\t\t\t\t\t\u00a9 InfOccitanie \/ Camille Casanova \u2013 photo d\u2019illustration.\t\t\t\t\t\t\t\t<\/p>\n<p>Le <a href=\"https:\/\/infoccitanie.fr\/tag\/tribunal\/\" target=\"_blank\" rel=\"noopener\">tribunal correctionnel de Montpellier <\/a>s\u2019est prononc\u00e9 concernant une affaire r\u00e9v\u00e9latrice des d\u00e9fis li\u00e9s \u00e0 la protection de l\u2019enfance\u00a0; l\u2019audience ayant \u00e9t\u00e9 relat\u00e9e par <a href=\"https:\/\/www.midilibre.fr\/2025\/06\/10\/coups-jets-dustensiles-de-cuisine-tete-rasee-a-montpellier-une-mere-condamnee-pour-mauvais-traitements-a-lencontre-de-son-fils-de-14-ans-12743550.php\" target=\"_blank\" rel=\"nofollow noopener\">Midi Libre<\/a>. L\u2019affaire d\u00e9bute en mars dernier. Un <strong>adolescent de 14 ans<\/strong>, orphelin de p\u00e8re depuis ses six ans, se confie \u00e0 sa grand-m\u00e8re. Il \u00e9voque des <strong>violences physiques<\/strong>, des <strong>insultes r\u00e9p\u00e9t\u00e9es<\/strong> et des <strong>conditions de vie d\u00e9gradantes<\/strong>. Alert\u00e9e, la principale du coll\u00e8ge effectue un signalement. Le r\u00e9cit de l\u2019adolescent \u00e9voque un quotidien marqu\u00e9 par les gifles, les jets d\u2019objets, les privations de nourriture, d\u2019hygi\u00e8ne et de sommeil. Il dormirait sur un <strong>matelas pos\u00e9 au sol <\/strong>dans un salon envahi de d\u00e9tritus. Sa chambre serait inutilisable. La situation a donc pouss\u00e9 <strong>l\u2019Aide sociale \u00e0 l\u2019enfance<\/strong> \u00e0 le placer d\u2019urgence.<\/p>\n<p>Un environnement insalubre et des s\u00e9quelles psychologiques<\/p>\n<p>Le <strong>logement<\/strong> de la m\u00e8re est d\u00e9crit comme <strong>profond\u00e9ment insalubre<\/strong>. Sols encombr\u00e9s de v\u00eatements, sacs-poubelle, serviettes hygi\u00e9niques usag\u00e9es et une odeur naus\u00e9abonde persistante. L\u2019examen du gar\u00e7on par un m\u00e9decin l\u00e9giste \u00e9carte une d\u00e9nutrition, mais confirme <strong>d\u2019anciennes traces de violences<\/strong> et un <strong>retentissement psychologique important<\/strong>.<\/p>\n<p>Mise en cause pour privation de soins et violences habituelles sur son fils de 14 ans<\/p>\n<p>\u00c2g\u00e9e de <strong>35 ans<\/strong>, la <strong>m\u00e8re<\/strong>, sans emploi depuis 4 ans, a comparu devant le <a href=\"https:\/\/infoccitanie.fr\/tag\/tribunal\/\" target=\"_blank\" rel=\"noopener\">tribunal<\/a>. \u00c0 la barre, elle <strong>reconna\u00eet certains faits <\/strong>mais les <strong>minimise<\/strong>. Elle invoque notamment la provocation de son fils ou encore un manque de moyens pour entretenir le logement. Suivant les r\u00e9quisitions du minist\u00e8re public, le <a href=\"https:\/\/infoccitanie.fr\/tag\/tribunal\/\" target=\"_blank\" rel=\"noopener\">tribunal correctionnel de Montpellier<\/a> la condamne \u00e0 <strong>15 mois d\u2019emprisonnement assortis du sursis probatoire<\/strong> avec une <strong>obligation de soins<\/strong>. Elle a \u00e9galement <strong>l\u2019interdiction<\/strong> de rentrer en <strong>contact<\/strong> avec son <strong>fils<\/strong> vivant d\u00e9sormais chez sa grand-m\u00e8re.<\/p>\n<p>Si vous \u00eates <strong>victime ou t\u00e9moin d\u2019un comportement violent<\/strong>, vous pouvez contacter <a href=\"https:\/\/www.allo119.gouv.fr\/\" target=\"_blank\" rel=\"nofollow noopener\">All\u00f4 Enfance en Danger<\/a> (199) qui est un num\u00e9ro gratuit et anonyme. <a href=\"https:\/\/www.france-victimes.fr\/\" target=\"_blank\" rel=\"nofollow noopener\">L\u2019Association France Victimes<\/a> peut \u00e9galement fournir un soutien psychologique et juridique.<\/p>\n","protected":false},"excerpt":{"rendered":"Le tribunal correctionnel de Montpellier a tranch\u00e9 dans une affaire gla\u00e7ante de maltraitance maternelle sur mineur. \u00a9 InfOccitanie&hellip;\n","protected":false},"author":2,"featured_media":81670,"comment_status":"","ping_status":"","sticky":false,"template":"","format":"standard","meta":{"footnotes":""},"categories":[9599],"tags":[1111,11,1777,674,1011,27,2208,12,2680,25,3693,2949],"class_list":{"0":"post-168772","1":"post","2":"type-post","3":"status-publish","4":"format-standard","5":"has-post-thumbnail","7":"category-montpellier","8":"tag-actu","9":"tag-actualites","10":"tag-eu","11":"tag-europe","12":"tag-fr","13":"tag-france","14":"tag-montpellier","15":"tag-news","16":"tag-occitanie","17":"tag-republique-francaise","18":"tag-tribunal","19":"tag-violences"},"share_on_mastodon":{"url":"https:\/\/pubeurope.com\/@fr\/114665942090737781","error":""},"_links":{"self":[{"href":"https:\/\/www.europesays.com\/fr\/wp-json\/wp\/v2\/posts\/168772","targetHints":{"allow":["GET"]}}],"collection":[{"href":"https:\/\/www.europesays.com\/fr\/wp-json\/wp\/v2\/posts"}],"about":[{"href":"https:\/\/www.europesays.com\/fr\/wp-json\/wp\/v2\/types\/post"}],"author":[{"embeddable":true,"href":"https:\/\/www.europesays.com\/fr\/wp-json\/wp\/v2\/users\/2"}],"replies":[{"embeddable":true,"href":"https:\/\/www.europesays.com\/fr\/wp-json\/wp\/v2\/comments?post=168772"}],"version-history":[{"count":0,"href":"https:\/\/www.europesays.com\/fr\/wp-json\/wp\/v2\/posts\/168772\/revisions"}],"wp:featuredmedia":[{"embeddable":true,"href":"https:\/\/www.europesays.com\/fr\/wp-json\/wp\/v2\/media\/81670"}],"wp:attachment":[{"href":"https:\/\/www.europesays.com\/fr\/wp-json\/wp\/v2\/media?parent=168772"}],"wp:term":[{"taxonomy":"category","embeddable":true,"href":"https:\/\/www.europesays.com\/fr\/wp-json\/wp\/v2\/categories?post=168772"},{"taxonomy":"post_tag","embeddable":true,"href":"https:\/\/www.europesays.com\/fr\/wp-json\/wp\/v2\/tags?post=168772"}],"curies":[{"name":"wp","href":"https:\/\/api.w.org\/{rel}","templated":true}]}}