{"id":168777,"date":"2025-06-11T17:38:17","date_gmt":"2025-06-11T17:38:17","guid":{"rendered":"https:\/\/www.europesays.com\/fr\/168777\/"},"modified":"2025-06-11T17:38:17","modified_gmt":"2025-06-11T17:38:17","slug":"une-partie-du-reseau-routier-ferme-la-nuit-du-jeudi-12-juin","status":"publish","type":"post","link":"https:\/\/www.europesays.com\/fr\/168777\/","title":{"rendered":"une partie du r\u00e9seau routier ferm\u00e9 la nuit du jeudi 12 juin"},"content":{"rendered":"<p>Dans le cadre du projet d&rsquo;am\u00e9nagement de l&rsquo;\u00e9changeur du Rondeau, une partie du r\u00e9seau routier sera ferm\u00e9 \u00e0 la circulation la nuit du jeudi 12\u00a0juin.<\/p>\n<p>  En direction de Sisteron et Chamb\u00e9ry<\/p>\n<p>L&rsquo;autoroute A480 sera ferm\u00e9e entre le diffuseur de Saint-\u00c9gr\u00e8ve (n\u00b014) et l&rsquo;\u00e9changeur du Rondeau (n\u00b05).<\/p>\n<p>La bretelle de sortie depuis Sisteron sera \u00e9galement ferm\u00e9e.<\/p>\n<p>La nationale N87 sera ferm\u00e9e depuis la bretelle d&rsquo;entr\u00e9e de l&rsquo;A480 Nord jusqu&rsquo;\u00e0 l&rsquo;\u00e9changeur Lib\u00e9ration (n\u00b08).<\/p>\n<p>  En direction de Lyon<\/p>\n<p>Sur la d\u00e9partementale D6, la bretelle d&rsquo;entr\u00e9e depuis Seyssins vers l&rsquo;A480 en direction de Lyon sera ferm\u00e9e.<\/p>\n<p>  En direction de Seyssins<\/p>\n<p>Sur l&rsquo;A480, les bretelles d&rsquo;entr\u00e9e depuis Lyon et Sisteron vers Seyssins seront ferm\u00e9es.<\/p>\n","protected":false},"excerpt":{"rendered":"Dans le cadre du projet d&rsquo;am\u00e9nagement de l&rsquo;\u00e9changeur du Rondeau, une partie du r\u00e9seau routier sera ferm\u00e9 \u00e0&hellip;\n","protected":false},"author":2,"featured_media":168778,"comment_status":"","ping_status":"","sticky":false,"template":"","format":"standard","meta":{"footnotes":""},"categories":[9566],"tags":[1111,11,2430,4749,3542,9852,112,1777,674,1011,27,2731,2732,12,25,275,12277,2803],"class_list":{"0":"post-168777","1":"post","2":"type-post","3":"status-publish","4":"format-standard","5":"has-post-thumbnail","7":"category-grenoble","8":"tag-actu","9":"tag-actualites","10":"tag-auvergne-rhone-alpes","11":"tag-btp-et-chantiers","12":"tag-circulation","13":"tag-echirolles","14":"tag-edition-grenoble-agglomeration","15":"tag-eu","16":"tag-europe","17":"tag-fr","18":"tag-france","19":"tag-grenoble","20":"tag-grenoble-bassin","21":"tag-news","22":"tag-republique-francaise","23":"tag-saint-egreve","24":"tag-seyssins","25":"tag-transport"},"share_on_mastodon":{"url":"https:\/\/pubeurope.com\/@fr\/114665954088266009","error":""},"_links":{"self":[{"href":"https:\/\/www.europesays.com\/fr\/wp-json\/wp\/v2\/posts\/168777","targetHints":{"allow":["GET"]}}],"collection":[{"href":"https:\/\/www.europesays.com\/fr\/wp-json\/wp\/v2\/posts"}],"about":[{"href":"https:\/\/www.europesays.com\/fr\/wp-json\/wp\/v2\/types\/post"}],"author":[{"embeddable":true,"href":"https:\/\/www.europesays.com\/fr\/wp-json\/wp\/v2\/users\/2"}],"replies":[{"embeddable":true,"href":"https:\/\/www.europesays.com\/fr\/wp-json\/wp\/v2\/comments?post=168777"}],"version-history":[{"count":0,"href":"https:\/\/www.europesays.com\/fr\/wp-json\/wp\/v2\/posts\/168777\/revisions"}],"wp:featuredmedia":[{"embeddable":true,"href":"https:\/\/www.europesays.com\/fr\/wp-json\/wp\/v2\/media\/168778"}],"wp:attachment":[{"href":"https:\/\/www.europesays.com\/fr\/wp-json\/wp\/v2\/media?parent=168777"}],"wp:term":[{"taxonomy":"category","embeddable":true,"href":"https:\/\/www.europesays.com\/fr\/wp-json\/wp\/v2\/categories?post=168777"},{"taxonomy":"post_tag","embeddable":true,"href":"https:\/\/www.europesays.com\/fr\/wp-json\/wp\/v2\/tags?post=168777"}],"curies":[{"name":"wp","href":"https:\/\/api.w.org\/{rel}","templated":true}]}}