{"id":168783,"date":"2025-06-11T17:41:11","date_gmt":"2025-06-11T17:41:11","guid":{"rendered":"https:\/\/www.europesays.com\/fr\/168783\/"},"modified":"2025-06-11T17:41:11","modified_gmt":"2025-06-11T17:41:11","slug":"ligue-1-ligue-2-les-decisions-de-la-dncg-concernant-rennes-brest-et-guingamp","status":"publish","type":"post","link":"https:\/\/www.europesays.com\/fr\/168783\/","title":{"rendered":"Ligue 1, Ligue 2 &#8211; Les d\u00e9cisions de la DNCG concernant Rennes, Brest et Guingamp"},"content":{"rendered":"<p style=\"text-align: justify;\">La <strong>Direction National du Contr\u00f4le de Gestion<\/strong> des clubs li\u00e9s \u00e0 la FFF a \u00e9t\u00e9 dure ce mercredi 11 juin 2025, sa grande s\u0153ur concernant les clubs professionnels sous la LFP n\u2019a pas eu autant de travail ! Alors que les dirigeants bouclent leurs budgets sans droits TV pour le moment, cap \u00e0 l\u2019Ouest pour le gendarme financier a donn\u00e9 un feu vert \u00e0 <strong>Rennes<\/strong> mais aussi \u00e0 <strong>Guingamp<\/strong> et \u00e0 <strong>Brest<\/strong> pour la saison 2025-2026 \u00e0 venir en <strong>Ligue 1<\/strong> et en <strong>Ligue 2<\/strong>. D\u00e9couvrez l\u2019ensemble des d\u00e9cisions dans le communiqu\u00e9 ci-dessous.<\/p>\n<p>\u00c0 lire aussi &gt;&gt;\u00a0<a href=\"https:\/\/maligue2.fr\/2025\/06\/11\/ancien-de-ligue-2-apres-sa-belle-saison-en-national-1-bourg-peronnas-est-retrograde-par-la-dncg\/\" target=\"_blank\" rel=\"noopener\">Ancien de Ligue 2 \u2013 Apr\u00e8s sa belle saison en National 1, Bourg-P\u00e9ronnas est r\u00e9trograd\u00e9 par la DNCG !<\/a><br \/>\u00c0 lire aussi &gt;&gt;\u00a0<a href=\"https:\/\/maligue2.fr\/2025\/06\/11\/dncg-les-rendez-vous-du-hac-et-du-fc-martigues-ont-ete-repousses\/\" target=\"_blank\" rel=\"noopener\">DNCG \u2013 Les rendez-vous du HAC et du FC Martigues ont \u00e9t\u00e9 repouss\u00e9s<\/a><\/p>\n<p>Les d\u00e9cisions de la DNCG concernant les clubs de Ligue 1 et Ligue 2 le 11\/06<br \/>\nLIGUE 1 MCDONALD\u2019S<\/p>\n<p class=\"RichText_paragraph__1foT1\">STADE BRESTOIS 29, STADE RENNAIS F.C.<\/p>\n<p class=\"RichText_paragraph__1foT1\">\u2014\u2014\u2014\u2014\u2014\u2014\u2014\u2014\u2014\u2014\u2014\u2014\u2014\u2014\u2014\u2014\u2014\u2014\u2014\u2014\u2014\u2014\u2014<\/p>\n<p class=\"RichText_paragraph__1foT1\">Aucune mesure prise \u00e0 l\u2019\u00e9gard du club par la DNCG\n<\/p>\n<p>LIGUE 2 BKT<\/p>\n<p class=\"RichText_paragraph__1foT1\">E.A. GUINGAMP<\/p>\n<p class=\"RichText_paragraph__1foT1\">\u2014\u2014\u2014\u2014\u2014\u2014\u2014\u2014\u2014\u2014\u2014\u2014\u2014\u2014\u2014\u2014\u2014\u2014\u2014\u2014\u2014\u2014\u2014<\/p>\n<p class=\"RichText_paragraph__1foT1\">Aucune mesure prise \u00e0 l\u2019\u00e9gard du club par la DNCG<\/p>\n","protected":false},"excerpt":{"rendered":"La Direction National du Contr\u00f4le de Gestion des clubs li\u00e9s \u00e0 la FFF a \u00e9t\u00e9 dure ce mercredi&hellip;\n","protected":false},"author":2,"featured_media":152328,"comment_status":"","ping_status":"","sticky":false,"template":"","format":"standard","meta":{"footnotes":""},"categories":[2821],"tags":[7561,7562,1111,11,3450,829,1777,674,1011,27,4044,12,584,25],"class_list":{"0":"post-168783","1":"post","2":"type-post","3":"status-publish","4":"format-standard","5":"has-post-thumbnail","7":"category-rennes","8":"tag-alaune1","9":"tag-mettreenavant","10":"tag-actu","11":"tag-actualites","12":"tag-brest","13":"tag-bretagne","14":"tag-eu","15":"tag-europe","16":"tag-fr","17":"tag-france","18":"tag-guingamp","19":"tag-news","20":"tag-rennes","21":"tag-republique-francaise"},"share_on_mastodon":{"url":"https:\/\/pubeurope.com\/@fr\/114665965677616214","error":""},"_links":{"self":[{"href":"https:\/\/www.europesays.com\/fr\/wp-json\/wp\/v2\/posts\/168783","targetHints":{"allow":["GET"]}}],"collection":[{"href":"https:\/\/www.europesays.com\/fr\/wp-json\/wp\/v2\/posts"}],"about":[{"href":"https:\/\/www.europesays.com\/fr\/wp-json\/wp\/v2\/types\/post"}],"author":[{"embeddable":true,"href":"https:\/\/www.europesays.com\/fr\/wp-json\/wp\/v2\/users\/2"}],"replies":[{"embeddable":true,"href":"https:\/\/www.europesays.com\/fr\/wp-json\/wp\/v2\/comments?post=168783"}],"version-history":[{"count":0,"href":"https:\/\/www.europesays.com\/fr\/wp-json\/wp\/v2\/posts\/168783\/revisions"}],"wp:featuredmedia":[{"embeddable":true,"href":"https:\/\/www.europesays.com\/fr\/wp-json\/wp\/v2\/media\/152328"}],"wp:attachment":[{"href":"https:\/\/www.europesays.com\/fr\/wp-json\/wp\/v2\/media?parent=168783"}],"wp:term":[{"taxonomy":"category","embeddable":true,"href":"https:\/\/www.europesays.com\/fr\/wp-json\/wp\/v2\/categories?post=168783"},{"taxonomy":"post_tag","embeddable":true,"href":"https:\/\/www.europesays.com\/fr\/wp-json\/wp\/v2\/tags?post=168783"}],"curies":[{"name":"wp","href":"https:\/\/api.w.org\/{rel}","templated":true}]}}